{"id":100014,"date":"2017-10-27T21:54:32","date_gmt":"2017-10-27T19:54:32","guid":{"rendered":"https:\/\/www.pauljorion.com\/blog\/?p=100014"},"modified":"2017-10-28T10:02:39","modified_gmt":"2017-10-28T08:02:39","slug":"personne-nacheve-rien-tout-seul-par-panagiotis-grigoriou","status":"publish","type":"post","link":"https:\/\/www.pauljorion.com\/blog\/2017\/10\/27\/personne-nacheve-rien-tout-seul-par-panagiotis-grigoriou\/","title":{"rendered":"Personne n&rsquo;ach\u00e8ve rien tout seul, par Panagiotis Grigoriou"},"content":{"rendered":"<blockquote><p>Billet invit\u00e9. Aussi disponible sur <a href=\"http:\/\/www.greekcrisis.fr\/2017\/10\/Fr0641.html\">www.greekcrisis.fr<\/a><\/p><\/blockquote>\n<div class=\"post-header\"><\/div>\n<div id=\"post-body-7463731893933305257\" class=\"post-body entry-content\">\n<div dir=\"ltr\">\n<div class=\"separator\"><a href=\"http:\/\/greek-crisis.org\/@photoS\/2017\/@FF\/2017102211.jpg\" target=\"_blank\" rel=\"gcbox(gcrisis) noopener\"><img decoding=\"async\" class=\"aligncenter\" src=\"http:\/\/greek-crisis.org\/@photoS\/2017\/@LQ\/2017102211.jpg\" alt=\"\" border=\"0\" \/><\/a><\/div>\n<p>En cette fin octobre sous le Parth\u00e9non, derni\u00e8res s\u00e9ances pour les cin\u00e9mas en plein air. Signe qui ne trompe pas, leur fermeture jusqu\u2019au mois de mai de l\u2019ann\u00e9e prochaine incarne aux yeux des Ath\u00e9niens l\u2019av\u00e8nement in\u00e9luctable d\u2019un hiver alors proche. C\u2019est bien connu, Pers\u00e9phone, \u00e9pouse d&rsquo;Had\u00e8s, fille de Zeus et de D\u00e9m\u00e9ter, r\u00e9int\u00e8gre chaque ann\u00e9e pour six mois le royaume souterrain, puis elle revient six mois sur terre. Pluie, vent, et surtout patience !<br \/>\n<!--more--><\/p>\n<table class=\"tr-caption-container\" cellspacing=\"0\" cellpadding=\"0\" align=\"center\">\n<tbody>\n<tr>\n<td><a href=\"http:\/\/greek-crisis.org\/@photoS\/2017\/@FF\/2017102212.jpg\" target=\"_blank\" rel=\"gcbox(gcrisis) noopener\"><img decoding=\"async\" class=\"aligncenter\" src=\"http:\/\/greek-crisis.org\/@photoS\/2017\/@LQ\/2017102212.jpg\" alt=\"\" border=\"0\" \/><\/a><\/td>\n<\/tr>\n<tr>\n<td class=\"tr-caption\">Cin\u00e9ma en plein air. Ath\u00e8nes, octobre 2017<\/td>\n<\/tr>\n<\/tbody>\n<\/table>\n<p>La semaine avait d\u00e9but\u00e9 sous le soleil, et pourtant d\u00e9j\u00e0, nos mendiants plant\u00e9s devant les \u00e9glises byzantines de la ville d\u2019Ath\u00e9na anticipaient le pire en s\u2019habillant en mode hivernal. Les journalistes ont quant \u00e0 eux observ\u00e9 une gr\u00e8ve de 48h (pour l\u2019honneur ?), s\u2019insurgeant contre la suppression de leur organisme de pr\u00e9voyance. Car leur Caisse de Pr\u00e9voyance-Retraite, jadis vaillante, sera recycl\u00e9e sous les gravats de la S\u00e9curit\u00e9 (?) Sociale m\u00e9tad\u00e9mocratique et m\u00e9tasolidaire de l\u2019hiver Tsipriote. Et rien n\u2019est pr\u00e9vu (pour l\u2019instant ?) pour ces journalistes au ch\u00f4mage depuis d\u00e9j\u00e0 bien longtemps. La profession est, comme on le sait, sinistr\u00e9e, son taux de ch\u00f4mage d\u00e9finitif atteignant m\u00eame la proportion de 75 %.<\/p>\n<p>Des journalistes ainsi&#8230; ajourn\u00e9s, b\u00e9n\u00e9ficiaient jusqu\u2019\u00e0 la semaine derni\u00e8re d\u2019un semblant de couverture sant\u00e9 sp\u00e9cifique, certes minimaliste, sauf qu\u2019elle prenait alors en charge les pathologies lourdes et particuli\u00e8rement les besoins en m\u00e9dicaments pour les nombreux cas de cancer, et ce n\u2019\u00e9tait gu\u00e8re rien.<\/p>\n<p>Pauvres, tr\u00e8s pauvre journalistes, jadis choy\u00e9s et d\u00e9sormais largement inutiles. D\u2019apr\u00e8s la presse de la semaine (radios 90,1 FM et 98,9 FM par exemple), pr\u00e8s de 400 familles de journalistes, foyers paup\u00e9ris\u00e9s \u00e0 l\u2019extr\u00eame, sont nourries exclusivement via un programme sp\u00e9cial d\u2019urgence journalistique alimentaire, organis\u00e9 par l\u2019Archev\u00each\u00e9 de l\u2019\u00c9glise Orthodoxe d\u2019Ath\u00e8nes. Ultime bonne nouvelle&#8230; finalement venue du ciel !<\/p>\n<p>Mon ami Th. qui n\u2019est pas croyant, ni en religion, ni d\u00e9sormais en politique, journaliste de son \u00e9tat d\u2019autrefois, et aujourd&rsquo;hui d\u00e9finitivement d\u00e9s\u0153uvr\u00e9, en est profond\u00e9ment concern\u00e9 comme constern\u00e9. \u201cJe tombe&#8230; comme dans un trou noir. Plus aucune couverture sant\u00e9. Je me vois&#8230; mourir par programmation en attendant \u00e0 me faire nourrir par les popes\u201d. Comme presque tous les Grecs, il appr\u00e9hende l\u2019hiver, et il appr\u00e9hende le futur, tel un trou noir. Sous le Parth\u00e9non, derni\u00e8re s\u00e9ance pour les cin\u00e9mas en plein air, c\u2019est bien connu. Mon ami y allait souvent avant la \u201ccrise\u201d et je viens de m\u2019apercevoir que durant l\u2019\u00e9t\u00e9 2017, je ne m\u2019y suis jamais rendu.<\/p>\n<table class=\"tr-caption-container\" cellspacing=\"0\" cellpadding=\"0\" align=\"center\">\n<tbody>\n<tr>\n<td><a href=\"http:\/\/greek-crisis.org\/@photoS\/2017\/@FF\/2017102213.jpg\" target=\"_blank\" rel=\"gcbox(gcrisis) noopener\"><img decoding=\"async\" class=\"aligncenter\" src=\"http:\/\/greek-crisis.org\/@photoS\/2017\/@LQ\/2017102213.jpg\" alt=\"\" border=\"0\" \/><\/a><\/td>\n<\/tr>\n<tr>\n<td class=\"tr-caption\" style=\"text-align: center;\">Du c\u00f4t\u00e9 de l\u2018Acropole. Ath\u00e8nes, octobre 2017<\/td>\n<\/tr>\n<\/tbody>\n<\/table>\n<table class=\"tr-caption-container\" cellspacing=\"0\" cellpadding=\"0\" align=\"center\">\n<tbody>\n<tr>\n<td><a href=\"http:\/\/greek-crisis.org\/@photoS\/2017\/@FF\/2017102214.jpg\" target=\"_blank\" rel=\"gcbox(gcrisis) noopener\"><img decoding=\"async\" class=\"aligncenter\" src=\"http:\/\/greek-crisis.org\/@photoS\/2017\/@LQ\/2017102214.jpg\" alt=\"\" border=\"0\" \/><\/a><\/td>\n<\/tr>\n<tr>\n<td class=\"tr-caption\">Sous l&rsquo;Acropole. Ath\u00e8nes, octobre 2017<\/td>\n<\/tr>\n<\/tbody>\n<\/table>\n<table class=\"tr-caption-container\" cellspacing=\"0\" cellpadding=\"0\" align=\"center\">\n<tbody>\n<tr>\n<td><a href=\"http:\/\/greek-crisis.org\/@photoS\/2017\/@FF\/2017102229.jpg\" target=\"_blank\" rel=\"gcbox(gcrisis) noopener\"><img decoding=\"async\" class=\"aligncenter\" src=\"http:\/\/greek-crisis.org\/@photoS\/2017\/@LQ\/2017102229.jpg\" alt=\"\" border=\"0\" \/><\/a><\/td>\n<\/tr>\n<tr>\n<td class=\"tr-caption\">Mendiant devant une \u00e9glise Byzantine. Ath\u00e8nes, octobre 2017<\/td>\n<\/tr>\n<\/tbody>\n<\/table>\n<table class=\"tr-caption-container\" cellspacing=\"0\" cellpadding=\"0\" align=\"center\">\n<tbody>\n<tr>\n<td><a href=\"http:\/\/greek-crisis.org\/@photoS\/2017\/@FF\/2017102216.jpg\" target=\"_blank\" rel=\"gcbox(gcrisis) noopener\"><img decoding=\"async\" class=\"aligncenter\" src=\"http:\/\/greek-crisis.org\/@photoS\/2017\/@LQ\/2017102216.jpg\" alt=\"\" border=\"0\" \/><\/a><\/td>\n<\/tr>\n<tr>\n<td class=\"tr-caption\">Garde Evzone. Place de la Constitution, Ath\u00e8nes, octobre 2017<\/td>\n<\/tr>\n<\/tbody>\n<\/table>\n<p>Cependant, du c\u00f4t\u00e9 de l \u2018Acropole, il faisait encore beau il y a quelques jours ; temps toujours des photographies \u201ctypiques\u201d, r\u00e9alis\u00e9es f\u00e9brilement devant la Garde Evzone Place de la \u201cConstitution\u201d, le pr\u00e9sent alors magistral. Surpris il faut dire seulement par la pluie, nos touristes du Parth\u00e9non, tout comme nos humbles et attentifs visiteurs de Delphes, n\u2019auront presque rien aper\u00e7u de cette autre Gr\u00e8ce sporadique, spasmodique et au fond hivernale, hormis peut-\u00eatre une manifestation d\u00e9cid\u00e9ment insignifiante et anarchiste place de la \u201cConstitution\u201d dimanche dernier.<\/p>\n<p>Joli monde, comme \u00e0 travers ce graffiti aper\u00e7u sur une fa\u00e7ade dans Ath\u00e8nes, \u00e0 la parodie fort juste, mais compl\u00e8tement incompr\u00e9hensible h\u00e9las lorsqu\u2019on ne partage pas la culture n\u00e9o-hell\u00e9nique. En usant le nom et l\u2019image d\u2019une grande actrice du cin\u00e9ma populaire des ann\u00e9es 1960, son message fait remarquer que la vie, la n\u00f4tre, elle s\u2019est d\u00e9viss\u00e9e et qu\u2019elle s\u2019est d\u00e9faite, autant que celle de l\u2019actrice (Laskari), Zo\u00e9 de son pr\u00e9nom (Zo\u00e9, en grec c\u2019est la vie), d\u00e9c\u00e9d\u00e9e comme tout le monde sait en Gr\u00e8ce, en ao\u00fbt 2017.<\/p>\n<p>Joli, tr\u00e8s joli monde, o\u00f9 l\u2019ensemble du syst\u00e8me politique est compl\u00e9ment et d\u00e9cisivement d\u00e9connect\u00e9 des pathos du grand nombre, hormis bien entendu lorsqu\u2019il s\u2019agit de sa relativement courte client\u00e8le, tr\u00e8s utile cependant pour maintenir en place l\u2019ultime des simulacres, celui de la participation aux scrutins, et autant celui de la pseudo-d\u00e9mocratie repr\u00e9sentative.<\/p>\n<table class=\"tr-caption-container\" cellspacing=\"0\" cellpadding=\"0\" align=\"center\">\n<tbody>\n<tr>\n<td><a href=\"http:\/\/greek-crisis.org\/@photoS\/2017\/@FF\/2017102215.jpg\" target=\"_blank\" rel=\"gcbox(gcrisis) noopener\"><img decoding=\"async\" class=\"aligncenter\" src=\"http:\/\/greek-crisis.org\/@photoS\/2017\/@LQ\/2017102215.jpg\" alt=\"\" border=\"0\" \/><\/a><\/td>\n<\/tr>\n<tr>\n<td class=\"tr-caption\" style=\"text-align: center;\">La vie, (la n\u00f4tre), elle s\u2019est d\u00e9viss\u00e9e. Ath\u00e8nes, octobre 2017<\/td>\n<\/tr>\n<\/tbody>\n<\/table>\n<table class=\"tr-caption-container\" cellspacing=\"0\" cellpadding=\"0\" align=\"center\">\n<tbody>\n<tr>\n<td><a href=\"http:\/\/greek-crisis.org\/@photoS\/2017\/@FF\/2017102217.jpg\" target=\"_blank\" rel=\"gcbox(gcrisis) noopener\"><img decoding=\"async\" class=\"aligncenter\" src=\"http:\/\/greek-crisis.org\/@photoS\/2017\/@LQ\/2017102217.jpg\" alt=\"\" border=\"0\" \/><\/a><\/td>\n<\/tr>\n<tr>\n<td class=\"tr-caption\">Photographies \u201ctypiques\u201d. Place de la \u201cConstitution\u201d, Ath\u00e8nes, octobre 2017<\/td>\n<\/tr>\n<\/tbody>\n<\/table>\n<table class=\"tr-caption-container\" cellspacing=\"0\" cellpadding=\"0\" align=\"center\">\n<tbody>\n<tr>\n<td><a href=\"http:\/\/greek-crisis.org\/@photoS\/2017\/@FF\/2017102220.jpg\" target=\"_blank\" rel=\"gcbox(gcrisis) noopener\"><img decoding=\"async\" class=\"aligncenter\" src=\"http:\/\/greek-crisis.org\/@photoS\/2017\/@LQ\/2017102220.jpg\" alt=\"\" border=\"0\" \/><\/a><\/td>\n<\/tr>\n<tr>\n<td class=\"tr-caption\">Photographies \u201ctypiques\u201d. Place de la \u201cConstitution\u201d, Ath\u00e8nes, octobre 2017<\/td>\n<\/tr>\n<\/tbody>\n<\/table>\n<p>Beau et tr\u00e8s bas monde, aux marionnettes qui ne n\u2019amuseront plus la galerie des gal\u00e9riens, telles Tsipras et son r\u00e9cit de \u201cla prochaine reprise \u00e9conomique\u201d, Varouf\u00e1kis ventant (et vendant) ses pi\u00e8tres aventures, Mitsotakis et sa cuisine r\u00e9chauff\u00e9e du n\u00e9ant m\u00e9morandaire, l\u2019Unit\u00e9 Populaire et son survivalisme \u00e9lectoral comme unique et ultime programme r\u00e9ellement existant, le PC et ses monolithes du pass\u00e9 Sovi\u00e9tique sans cesse rem\u00e2ch\u00e9s, sans parler du n\u00e9onazisme \u00e0 peine dissimul\u00e9 des Aubedoriens qui croient toujours attendre leur heure. Pauvre pays, jadis des philosophes et des enfants souriants que l\u2019on admire actuellement dans ses mus\u00e9es !<\/p>\n<p>Temps ainsi pr\u00e9sent et pesant, et par une d\u00e9cision suspecte et pour tout dire douteuse, l\u2019Union Professionnelle des Pharmaciens de Gr\u00e8ce, vient de lancer un appel adress\u00e9 au Minist\u00e8re de la Sant\u00e9, r\u00e9clamant ni plus ni moins, \u201cla fermeture des pharmacies solidaires, car elles n&rsquo;ont plus de r\u00f4le \u00e0 remplir puisque, la crise est d\u00e9sormais derni\u00e8re nous\u201d. Une attitude qui est \u00e0 tr\u00e8s juste titre d\u00e9nonc\u00e9e par les responsables du Centre M\u00e9tropolitain M\u00e9dical Solidaire d\u2019Ellinik\u00f3n \u00e0 travers son communiqu\u00e9 dat\u00e9 du 24 octobre 2017 .<\/p>\n<p>Le Centre M\u00e9tropolitain M\u00e9dical Solidaire rappelle ainsi, que contrairement \u00e0 la rh\u00e9torique si ch\u00e8re \u00e0 la Tsiprosph\u00e8re, la r\u00e9alit\u00e9 sociale est plut\u00f4t bien sombre: \u201cPour 50 % de la population grecque (sur un total de 10 millions d\u2019habitants), 500.000 enfants vivent sous le seuil de pauvret\u00e9, 500.000 salari\u00e9s gagnent en moyenne 350\u20ac par mois en salaire net, 700.000 personnes ont d\u00e9j\u00e0 quitt\u00e9 le pays, 1.000.000 de travailleurs du secteur priv\u00e9 ne re\u00e7oivent pas leur salaire r\u00e9guli\u00e8rement, 1.100.000 retrait\u00e9s touchent une retraite de moins de 500\u20ac par mois, et 1.200.000 ch\u00f4meurs ne per\u00e7oivent aucune allocation ch\u00f4mage\u201d.<\/p>\n<table class=\"tr-caption-container\" cellspacing=\"0\" cellpadding=\"0\" align=\"center\">\n<tbody>\n<tr>\n<td><a href=\"http:\/\/greek-crisis.org\/@photoS\/2017\/@FF\/2017102235.jpg\" target=\"_blank\" rel=\"gcbox(gcrisis) noopener\"><img decoding=\"async\" class=\"aligncenter\" src=\"http:\/\/greek-crisis.org\/@photoS\/2017\/@LQ\/2017102235.jpg\" alt=\"\" border=\"0\" \/><\/a><\/td>\n<\/tr>\n<tr>\n<td class=\"tr-caption\">Le Philosophe. Mus\u00e9e de Delphes, octobre 2017<\/td>\n<\/tr>\n<\/tbody>\n<\/table>\n<table class=\"tr-caption-container\" cellspacing=\"0\" cellpadding=\"0\" align=\"center\">\n<tbody>\n<tr>\n<td><a href=\"http:\/\/greek-crisis.org\/@photoS\/2017\/@FF\/2017102234.jpg\" target=\"_blank\" rel=\"gcbox(gcrisis) noopener\"><img decoding=\"async\" class=\"aligncenter\" src=\"http:\/\/greek-crisis.org\/@photoS\/2017\/@LQ\/2017102234.jpg\" alt=\"\" border=\"0\" \/><\/a><\/td>\n<\/tr>\n<tr>\n<td class=\"tr-caption\">L&rsquo;Enfant souriant. Mus\u00e9e de Delphes, octobre 2017<\/td>\n<\/tr>\n<\/tbody>\n<\/table>\n<table class=\"tr-caption-container\" cellspacing=\"0\" cellpadding=\"0\" align=\"center\">\n<tbody>\n<tr>\n<td><a href=\"http:\/\/greek-crisis.org\/@photoS\/2017\/@FF\/2017102233.jpg\" target=\"_blank\" rel=\"gcbox(gcrisis) noopener\"><img decoding=\"async\" class=\"aligncenter\" src=\"http:\/\/greek-crisis.org\/@photoS\/2017\/@LQ\/2017102233.jpg\" alt=\"\" border=\"0\" \/><\/a><\/td>\n<\/tr>\n<tr>\n<td class=\"tr-caption\">Admiration des visiteurs. Mus\u00e9e de Delphes, octobre 2017<\/td>\n<\/tr>\n<\/tbody>\n<\/table>\n<p>Dans son autre communiqu\u00e9 dat\u00e9 du 26 octobre 2017 , le Centre M\u00e9tropolitain M\u00e9dical Solidaire d\u00e9nonce \u00e9galement, \u201cl&rsquo;ass\u00e8chement en cours du budget de nombreux h\u00f4pitaux, avec comme cons\u00e9quence, l&rsquo;arr\u00eat des chimioth\u00e9rapies&#8230; programm\u00e9es pour les malades atteints de cancer. Chaque jour depuis les h\u00f4pitaux, on d\u00e9nonce cette situation dramatique, tant les d\u00e9ficiences en mat\u00e9riel sont alors graves. Ces carences, elles sont dues bien entendu \u00e0 la r\u00e9duction drastique des budgets, \u00e0 la suite de laquelle, le budget annuel de nombreux h\u00f4pitaux vient d\u2019\u00eatre d\u00e9j\u00e0 \u00e9puis\u00e9 depuis septembre dernier.\u201d<\/p>\n<p>\u201cAujourd&rsquo;hui, et apr\u00e8s avoir contact\u00e9 Zo\u00e9 Grammatoglou, pr\u00e9sidente de l&rsquo;Association des patients atteints de cancer, nous avons appris qu&rsquo;\u00e0 l&rsquo;h\u00f4pital Attik\u00f3n, il n&rsquo;y a plus de m\u00e9dicaments disponibles pour les chimioth\u00e9rapies programm\u00e9es le lendemain. Il ne s\u2019agit pas d\u2019une p\u00e9nurie d&rsquo;un m\u00e9dicament particulier, mais d\u2019une p\u00e9nurie d\u2019un grand nombre de m\u00e9dicaments, par cons\u00e9quence, tout acte de chimioth\u00e9rapie\/radioth\u00e9rapie devient impossible, et ainsi, la sant\u00e9 des patients atteints de cancer est en train de subir une \u00e9preuve suppl\u00e9mentaire.\u201d<\/p>\n<p>\u201cIl y a quelques heures, nous avons pris contact avec le personnel de l\u2019h\u00f4pital Attik\u00f3n, de ce fait, l\u2019ensemble de notre stock au Centre M\u00e9tropolitain M\u00e9dical Solidaire d\u2019Ellinik\u00f3n en m\u00e9dicaments de ce type dont nous disposons et qui leur font d\u00e9faut, vont \u00eatre imm\u00e9diatement exp\u00e9di\u00e9s \u00e0 cet h\u00f4pital. La rage d\u00e9borde, d\u2019abord celle des patients, puis, celle du personnel m\u00e9dical et infirmier.\u201d<\/p>\n<table class=\"tr-caption-container\" cellspacing=\"0\" cellpadding=\"0\" align=\"center\">\n<tbody>\n<tr>\n<td><a href=\"http:\/\/greek-crisis.org\/@photoS\/2017\/@FF\/2017102218.jpg\" target=\"_blank\" rel=\"gcbox(gcrisis) noopener\"><img decoding=\"async\" class=\"aligncenter\" src=\"http:\/\/greek-crisis.org\/@photoS\/2017\/@LQ\/2017102218.jpg\" alt=\"\" border=\"0\" \/><\/a><\/td>\n<\/tr>\n<tr>\n<td class=\"tr-caption\">Garde Evzone. Ath\u00e8nes, octobre 2017<\/td>\n<\/tr>\n<\/tbody>\n<\/table>\n<table class=\"tr-caption-container\" cellspacing=\"0\" cellpadding=\"0\" align=\"center\">\n<tbody>\n<tr>\n<td><a href=\"http:\/\/greek-crisis.org\/@photoS\/2017\/@FF\/2017102219.jpg\" target=\"_blank\" rel=\"gcbox(gcrisis) noopener\"><img decoding=\"async\" class=\"aligncenter\" src=\"http:\/\/greek-crisis.org\/@photoS\/2017\/@LQ\/2017102219.jpg\" alt=\"\" border=\"0\" \/><\/a><\/td>\n<\/tr>\n<tr>\n<td class=\"tr-caption\">Place de la \u201cConstitution\u201d, octobre 2017<\/td>\n<\/tr>\n<\/tbody>\n<\/table>\n<table class=\"tr-caption-container\" cellspacing=\"0\" cellpadding=\"0\" align=\"center\">\n<tbody>\n<tr>\n<td><a href=\"http:\/\/greek-crisis.org\/@photoS\/2017\/@FF\/2017102239.jpg\" target=\"_blank\" rel=\"gcbox(gcrisis) noopener\"><img decoding=\"async\" class=\"aligncenter\" src=\"http:\/\/greek-crisis.org\/@photoS\/2017\/@LQ\/2017102239.jpg\" alt=\"\" border=\"0\" \/><\/a><\/td>\n<\/tr>\n<tr>\n<td class=\"tr-caption\">Manifestation insignifiante place de la \u201cConstitution\u201d. Ath\u00e8nes, octobre 2017<\/td>\n<\/tr>\n<\/tbody>\n<\/table>\n<p>Mort ou sinon survie. Enfin, m\u00eame une certaine presse mainstream Syrizo-compatible, admet ces reportages, impensables avant la dite \u201ccrise\u201d, quant \u00e0 la n\u00e9cessit\u00e9 de comprendre combien certains aliments, la ch\u00e2taigne par exemple, peuvent devenir une nourriture de survie en cas d\u2019effondrement brutal, personnel ou global, \u00e0 l\u2019instar du \u201cQuotidien de R\u00e9dacteurs\u201d dat\u00e9 du 23 octobre 2017 .<\/p>\n<p>Visiblement, la vie, la n\u00f4tre, elle s\u2019est d\u00e9viss\u00e9e et elle est d\u00e9faite, sauf pour un petit et n\u00e9anmoins \u00e9norme 25 % de la population. D\u2019o\u00f9 sans doute, l\u2019une des clefs de la r\u00e9ussite de la servitude actuelle, \u201ccaddi, e rimase la mia carne sola\u201d en quelque sorte&#8230; Com\u00e9die Divine.<\/p>\n<p>Ce qui ne nous laisse d&rsquo;autre ressource en attendant que celle de nous accrocher au pays, comme le sugg\u00e9rait le po\u00e8te Y\u00f3rgos S\u00e9f\u00e9ris en 1968, c\u2019\u00e9tait sous la dictature des Colonels. \u201cC&rsquo;est bien enfin que les Grecs puissent raisonner pour ainsi d\u00e9cid\u00e9ment pr\u00e9f\u00e9rer la tyrannie grecque ou la libert\u00e9 grecque, du moins, rel\u00e8vent-elles de notre mani\u00e8re de fabriquer cette r\u00e9alit\u00e9, et non pas de celles des Fran\u00e7ais ou des Am\u00e9ricains\u201d Y\u00f3rgos S\u00e9f\u00e9ris, \u201cManuscrit, octobre &rsquo;68\u201d (\u00e9ditions Ikaros, Ath\u00e8nes, 2000).<\/p>\n<p>La question se pose de nouveau, lorsqu\u2019elle se pose, les Grecs, de nombreux Grecs en tout cas, savent d\u00e9sormais que face au totalitarisme financieriste comme techno-f\u00e9odal, dont la Gr\u00e8ce n\u2019est qu\u2019un cas d\u2019\u00e9cole sp\u00e9cifiquement avanc\u00e9 dans sa putr\u00e9faction m\u00e9tad\u00e9mocratique g\u00e9n\u00e9ralis\u00e9e, la question \u00e0 se poser serait plut\u00f4t celle d\u2019un nouveau r\u00e9gime politique et non-pas d\u2019un changement politique, un nouveau r\u00e9gime politique et d\u00e8s lors, la sortie de l\u2019Union europ\u00e9enne.<\/p>\n<table class=\"tr-caption-container\" cellspacing=\"0\" cellpadding=\"0\" align=\"center\">\n<tbody>\n<tr>\n<td><a href=\"http:\/\/greek-crisis.org\/@photoS\/2017\/@FF\/2017102221.jpg\" target=\"_blank\" rel=\"gcbox(gcrisis) noopener\"><img decoding=\"async\" class=\"aligncenter\" src=\"http:\/\/greek-crisis.org\/@photoS\/2017\/@LQ\/2017102221.jpg\" alt=\"\" border=\"0\" \/><\/a><\/td>\n<\/tr>\n<tr>\n<td class=\"tr-caption\">Technologie historique de Chine. Exposition, Ath\u00e8nes, octobre 2017<\/td>\n<\/tr>\n<\/tbody>\n<\/table>\n<table class=\"tr-caption-container\" cellspacing=\"0\" cellpadding=\"0\" align=\"center\">\n<tbody>\n<tr>\n<td><a href=\"http:\/\/greek-crisis.org\/@photoS\/2017\/@FF\/2017102222.jpg\" target=\"_blank\" rel=\"gcbox(gcrisis) noopener\"><img decoding=\"async\" class=\"aligncenter\" src=\"http:\/\/greek-crisis.org\/@photoS\/2017\/@LQ\/2017102222.jpg\" alt=\"\" border=\"0\" \/><\/a><\/td>\n<\/tr>\n<tr>\n<td class=\"tr-caption\">Notre po\u00e8te Elytis et&#8230; Marilyn Monroe. \u00c9talage pour touristes. Ath\u00e8nes, octobre 2017<\/td>\n<\/tr>\n<\/tbody>\n<\/table>\n<table class=\"tr-caption-container\" cellspacing=\"0\" cellpadding=\"0\" align=\"center\">\n<tbody>\n<tr>\n<td><a href=\"http:\/\/greek-crisis.org\/@photoS\/2017\/@FF\/2017102223.jpg\" target=\"_blank\" rel=\"gcbox(gcrisis) noopener\"><img decoding=\"async\" class=\"aligncenter\" src=\"http:\/\/greek-crisis.org\/@photoS\/2017\/@LQ\/2017102223.jpg\" alt=\"\" border=\"0\" \/><\/a><\/td>\n<\/tr>\n<tr>\n<td class=\"tr-caption\">Les&#8230; ma\u00eetres du temps. Cin\u00e9ma en plein air. Ath\u00e8nes, octobre 2017<\/td>\n<\/tr>\n<\/tbody>\n<\/table>\n<p>\u00c9videmment, le contexte de 2017 est autrement plus complexe et je dirais m\u00eame tragique, que celui des ann\u00e9es 1960-1970. Pas qu\u2019en Gr\u00e8ce. Mon ami L., fait observer depuis Ath\u00e8nes, et \u00e0 propos de certaines figures de l\u2019anti-m\u00e9morandisme historique (depuis 2010), politique et intellectuel (au demeurant savamment d\u00e9connect\u00e9es les unes des autres), qu&rsquo;elles se composent plut\u00f4t de ces gens qui s\u2019agitent en cercles autophages et alors en r\u00e9alit\u00e9s ferm\u00e9s, un peu \u00e0 la mani\u00e8re dont fonctionnent les partis politiques. La boucle serait ainsi (pour le moment) boucl\u00e9e, le totalitarisme nouveau admettrait para\u00eet-il, la contradiction jusqu\u2019\u00e0 une certaine parlotte, \u201cParlements\u201d compris, et l\u2019essentiel se d\u00e9cide toujours, d\u2019abord, et surtout ailleurs.<\/p>\n<p>J\u2019y ajouterais, qu\u2019entre tant d\u2019autres th\u00e9matiques ardentes, la vraie question de la sortie de la zone euro, tout comme celle d\u2019un avenir organis\u00e9 si possible en dehors de l\u2019hybris dominante et accablante, sur les bases de la dignit\u00e9, de la d\u00e9mocratie, de la libert\u00e9 et d\u2019abord de la mesure, avait \u00e9t\u00e9 laiss\u00e9e ou \u201cofferte\u201d, aux mains de ceux (qui d\u00e9j\u00e0 \u00e0 gauche) l\u2019ont suffisamment mal pr\u00e9par\u00e9, avant de la saloper, et enfin de la trahir. C\u2019est alors ainsi qu\u2019avec le recul, je dirais que le moment opportun (celui en tout cas des ann\u00e9es 2011-2015) a \u00e9t\u00e9 d\u00e9finitivement g\u00e2ch\u00e9, et que l\u2019acc\u00e9l\u00e9ration historique est d\u2019ailleurs telle, que plus aucune r\u00e9ponse aux questions pos\u00e9es ne reste plausible et pour tout dire invariable trop longtemps.<\/p>\n<p>En 2017, incarnant la pire politique et autant agenda totalitaire du financierisme ambiant, ceux de SYRIZA usent et abusent d\u2019un extraordinaire verbiage gauchiste, c\u2019est alors \u00e0 vomir, et c\u2019est ainsi que la soci\u00e9t\u00e9 grecque (d\u00e9j\u00e0 en lambeaux) aura vomi toutes ses gauches. Dans ce contexte, les Syrizistes ont par exemple organis\u00e9 r\u00e9cemment et effectu\u00e9 leur \u201cp\u00e8lerinage\u201d et en r\u00e9alit\u00e9 souillure, sur l\u2019\u00eele de Makr\u00f3nissos pr\u00e8s d\u2019Ath\u00e8nes, celle des d\u00e9port\u00e9s communistes des ann\u00e9es de la Guerre civile (fin des ann\u00e9es 1940).<\/p>\n<table class=\"tr-caption-container\" cellspacing=\"0\" cellpadding=\"0\" align=\"center\">\n<tbody>\n<tr>\n<td><a href=\"http:\/\/greek-crisis.org\/@photoS\/2017\/@FF\/2017102224.jpg\" target=\"_blank\" rel=\"gcbox(gcrisis) noopener\"><img decoding=\"async\" class=\"aligncenter\" src=\"http:\/\/greek-crisis.org\/@photoS\/2017\/@LQ\/2017102224.jpg\" alt=\"\" border=\"0\" \/><\/a><\/td>\n<\/tr>\n<tr>\n<td class=\"tr-caption\">Cin\u00e9ma en plein air. Ath\u00e8nes, octobre 2017<\/td>\n<\/tr>\n<\/tbody>\n<\/table>\n<table class=\"tr-caption-container\" cellspacing=\"0\" cellpadding=\"0\" align=\"center\">\n<tbody>\n<tr>\n<td><a href=\"http:\/\/greek-crisis.org\/@photoS\/2017\/@FF\/2017102225.jpg\" target=\"_blank\" rel=\"gcbox(gcrisis) noopener\"><img decoding=\"async\" class=\"aligncenter\" src=\"http:\/\/greek-crisis.org\/@photoS\/2017\/@LQ\/2017102225.jpg\" alt=\"\" border=\"0\" \/><\/a><\/td>\n<\/tr>\n<tr>\n<td class=\"tr-caption\">H\u00f4tel en Attique, vendu. Octobre 2017<\/td>\n<\/tr>\n<\/tbody>\n<\/table>\n<table class=\"tr-caption-container\" cellspacing=\"0\" cellpadding=\"0\" align=\"center\">\n<tbody>\n<tr>\n<td><a href=\"http:\/\/greek-crisis.org\/@photoS\/2017\/@FF\/2017102226.jpg\" target=\"_blank\" rel=\"gcbox(gcrisis) noopener\"><img decoding=\"async\" class=\"aligncenter\" src=\"http:\/\/greek-crisis.org\/@photoS\/2017\/@LQ\/2017102226.jpg\" alt=\"\" border=\"0\" \/><\/a><\/td>\n<\/tr>\n<tr>\n<td class=\"tr-caption\">H\u00f4tel en Attique, vendu. Octobre 2017<\/td>\n<\/tr>\n<\/tbody>\n<\/table>\n<p>Ceux du \u201cPlan-B\u201d (anciens Syrizistes d\u2019avant 2010-2012, mouvement d\u2019Al\u00e9kos Alav\u00e1nos), outr\u00e9s, en ont ironis\u00e9, rappelant une phrase du po\u00e8te Odyss\u00e9as Elytis: \u201cCette terre n&rsquo;a jamais coll\u00e9 \u00e0 leurs talons\u201d. En d\u00e9bat interne (et cependant diffus\u00e9 via Internet), D.M. du \u201cPlan-B\u201d en rajoute: \u201cLe constat est amer. Sauf qu&rsquo;il y a aussi ce rappel tragique: nous avons aid\u00e9 et nous avons fait hausser ces salopards&#8230; pour qu\u2019ils d\u00e9truisent la patrie, autant que les plus belles visions et id\u00e9es du plus grand nombre de Grecs.\u201d (Internet du \u201cPlan-B\u201d, 25 octobre 2017). Un autre moment&#8230; opportun ainsi perdu.<\/p>\n<p>Le constat est certes tr\u00e8s amer. De toutes les menaces actuelles qui risquent d\u2019an\u00e9antir compl\u00e8tement et cela de mani\u00e8re d\u00e9j\u00e0 pr\u00e9visible le pays, son peuple, ses droits, avant d\u2019\u00e9teindre au passage les derni\u00e8res lumignons du r\u00e9gime suppos\u00e9 d\u00e9mocratique, la plus grave et la plus dangereuse des menaces, elle est alors repr\u00e9sent\u00e9e tout simplement par le syst\u00e8me politique grec et par la classe dirigeante du pays, avant m\u00eame la Tro\u00efka, ou la g\u00e9opolitique de nouveau paroxysmique que connait notre monde et particuli\u00e8rement la M\u00e9diterran\u00e9e orientale.<\/p>\n<p>Le constat est donc tr\u00e8s amer, beaucoup plus amer pour l\u2019instant, qu\u2019en Italie, ou en France par exemple. Impression et jugement d\u2019ailleurs partag\u00e9s de pr\u00e8s ou de loin par une majorit\u00e9 de la population en Gr\u00e8ce, sans autre issue possible pour le moment. La r\u00e9sistance des Grecs sortirait d\u00e9sormais par la petite porte, elle passerait sous les fen\u00eatres, elle rejoindrait au besoin les S\u00e9f\u00e9ris et les Elytis (ceux que la clique tr\u00e8s actuelle des litt\u00e9reux mondialisateurs voudrait effacer de notre patrimoine culturel vivant). Une R\u00e9sistance qui ira enfin saisir son petit caf\u00e9 social et sociable entre deux vagues ou entre trois rayons de soleil&#8230; surtout devant l\u2019av\u00e8nement suppos\u00e9 d\u00e9finitif d\u2019un hiver alors proche.<\/p>\n<table class=\"tr-caption-container\" cellspacing=\"0\" cellpadding=\"0\" align=\"center\">\n<tbody>\n<tr>\n<td><a href=\"http:\/\/greek-crisis.org\/@photoS\/2017\/@FF\/2017102227.jpg\" target=\"_blank\" rel=\"gcbox(gcrisis) noopener\"><img decoding=\"async\" class=\"aligncenter\" src=\"http:\/\/greek-crisis.org\/@photoS\/2017\/@LQ\/2017102227.jpg\" alt=\"\" border=\"0\" \/><\/a><\/td>\n<\/tr>\n<tr>\n<td class=\"tr-caption\">En Attique, octobre 2017<\/td>\n<\/tr>\n<\/tbody>\n<\/table>\n<table class=\"tr-caption-container\" cellspacing=\"0\" cellpadding=\"0\" align=\"center\">\n<tbody>\n<tr>\n<td><a href=\"http:\/\/greek-crisis.org\/@photoS\/2017\/@FF\/2017102228.jpg\" target=\"_blank\" rel=\"gcbox(gcrisis) noopener\"><img decoding=\"async\" class=\"aligncenter\" src=\"http:\/\/greek-crisis.org\/@photoS\/2017\/@LQ\/2017102228.jpg\" alt=\"\" border=\"0\" \/><\/a><\/td>\n<\/tr>\n<tr>\n<td class=\"tr-caption\">En Attique, temple d&rsquo;\u00c1rtemis, octobre 2017<\/td>\n<\/tr>\n<\/tbody>\n<\/table>\n<table class=\"tr-caption-container\" cellspacing=\"0\" cellpadding=\"0\" align=\"center\">\n<tbody>\n<tr>\n<td><a href=\"http:\/\/greek-crisis.org\/@photoS\/2017\/@FF\/2017102230.jpg\" target=\"_blank\" rel=\"gcbox(gcrisis) noopener\"><img decoding=\"async\" class=\"aligncenter\" src=\"http:\/\/greek-crisis.org\/@photoS\/2017\/@LQ\/2017102230.jpg\" alt=\"\" border=\"0\" \/><\/a><\/td>\n<\/tr>\n<tr>\n<td class=\"tr-caption\">Notre petit caf\u00e9. Ath\u00e8nes, octobre 2017<\/td>\n<\/tr>\n<\/tbody>\n<\/table>\n<p>Ainsi, et pour l\u2019instant, comme le fait \u00e9galement observer mon ami L., \u201cle petit commerce r\u00e9siste, il est comme on sait inscrit dans l\u2019ADN des Grecs, toutes ces petites entit\u00e9s \u00e9conomiques de survie, telles de petites bougies allum\u00e9es d\u2019une \u00e9conomie de la proximit\u00e9. L\u00e0, o\u00f9 dans d\u2019autres pays de la funeste Union europ\u00e9enne le petit commerce est d\u00e9j\u00e0 mort, m\u00eame sans que leur Tro\u00efka ne soit aussi discernable que la n\u00f4tre&#8230; tandis que chez nous.\u201d<\/p>\n<p>En attendant le prochain miracle de l\u2019ADN grec dans toute sa dur\u00e9e, l\u2019escroquerie politique du si\u00e8cle des Tsiprosaures, organise comme elle peut son \u00c9tat client\u00e9liste et n\u00e9potiste, faisant entre autres croire qu\u2019elle distribuera quelques miettes en guise de cadeau de No\u00ebl aux retrait\u00e9s paup\u00e9ris\u00e9s du pays, ceci dans un but purement \u00e9lectoraliste pendant qu\u2019elle co-organise la mise \u00e0 mort du pays et le g\u00e9nocide \u00e0 bas voltage de son peuple. Les arrivistes de SYRIZA se disent sans doute que les malades du cancer n\u2019iront certainement plus jamais voter d\u2019ici quelque mois.<\/p>\n<p>Le dernier client\u00e9lisme SYRIZA\/ANEL, sous l\u2019agenda totalitaire du financierisme ambiant ne l\u2019oublions pas, a fait embaucher (contractuels, conseillers et agents) entre 50.000 et 70.000 personnes dans la fonction publique, collectivit\u00e9s territoriales comprises, ce que la Tro\u00efka n\u2019ignore \u00e9videmment pas. Dans les caf\u00e9s de Trikala, ville de la R\u00e9gion Thessalie, les habitants aiment par exemple rappeler en boucle, que \u201cleur\u201d d\u00e9put\u00e9 SYRIZA Sakis Papad\u00f3poulos a aussit\u00f4t fait embaucher sa fille, de m\u00eame, \u201cleur\u201d d\u00e9put\u00e9e SYRIZA Panagi\u00f3ta Dritseli a aussit\u00f4t fait embauch\u00e9 son \u00e9poux.<\/p>\n<p>Sous le Parth\u00e9non, derni\u00e8re s\u00e9ance pour les cin\u00e9mas en plein air. Plus au sud, \u00e0 Delphes, les visiteurs \u00e9blouis \u00e0 la vue des f\u00e9lins d\u2019antan, comme de notre temps, auront d\u00e9j\u00e0 affront\u00e9 et peut-\u00eatre appr\u00e9ci\u00e9 les premiers orages de l\u2019automne hell\u00e9nique. En Attique, ceux du personnel d\u2019un h\u00f4tel dominant une magnifique baie m\u2019ont racont\u00e9 que les propri\u00e9taires de leur \u00e9tablissement l\u2019ont r\u00e9cemment vendu \u00e0 une entreprise bas\u00e9e aux \u00c9tats-Unis. \u201cConserverons-nous alors nos postes durant la saison prochaine ? Pourtant, l&rsquo;h\u00f4tel ne manquait pas de client\u00e8le, surtout francophone d&rsquo;ailleurs.\u201d En attendant peut-\u00eatre le prochain miracle de l\u2019ADN grec.<\/p>\n<table class=\"tr-caption-container\" cellspacing=\"0\" cellpadding=\"0\" align=\"center\">\n<tbody>\n<tr>\n<td><a href=\"http:\/\/greek-crisis.org\/@photoS\/2017\/@FF\/2017102237.jpg\" target=\"_blank\" rel=\"gcbox(gcrisis) noopener\"><img decoding=\"async\" class=\"aligncenter\" src=\"http:\/\/greek-crisis.org\/@photoS\/2017\/@LQ\/2017102237.jpg\" alt=\"\" border=\"0\" \/><\/a><\/td>\n<\/tr>\n<tr>\n<td class=\"tr-caption\">Delphes, la premi\u00e8re pluie. Octobre 2017<\/td>\n<\/tr>\n<\/tbody>\n<\/table>\n<table class=\"tr-caption-container\" cellspacing=\"0\" cellpadding=\"0\" align=\"center\">\n<tbody>\n<tr>\n<td><a href=\"http:\/\/greek-crisis.org\/@photoS\/2017\/@FF\/2017102238.jpg\" target=\"_blank\" rel=\"gcbox(gcrisis) noopener\"><img decoding=\"async\" class=\"aligncenter\" src=\"http:\/\/greek-crisis.org\/@photoS\/2017\/@LQ\/2017102238.jpg\" alt=\"\" border=\"0\" \/><\/a><\/td>\n<\/tr>\n<tr>\n<td class=\"tr-caption\">Delphes, son ciel, ses visiteurs. Octobre 2017<\/td>\n<\/tr>\n<\/tbody>\n<\/table>\n<table class=\"tr-caption-container\" cellspacing=\"0\" cellpadding=\"0\" align=\"center\">\n<tbody>\n<tr>\n<td><a href=\"http:\/\/greek-crisis.org\/@photoS\/2017\/@FF\/2017102236.jpg\" target=\"_blank\" rel=\"gcbox(gcrisis) noopener\"><img decoding=\"async\" class=\"aligncenter\" src=\"http:\/\/greek-crisis.org\/@photoS\/2017\/@LQ\/2017102236.jpg\" alt=\"\" border=\"0\" \/><\/a><\/td>\n<\/tr>\n<tr>\n<td class=\"tr-caption\">Delphes, mus\u00e9e, f\u00e9lins d&rsquo;antan. Octobre 2017<\/td>\n<\/tr>\n<\/tbody>\n<\/table>\n<table class=\"tr-caption-container\" cellspacing=\"0\" cellpadding=\"0\" align=\"center\">\n<tbody>\n<tr>\n<td><a href=\"http:\/\/greek-crisis.org\/@photoS\/2017\/@FF\/2017102240.jpg\" target=\"_blank\" rel=\"gcbox(gcrisis) noopener\"><img decoding=\"async\" class=\"aligncenter\" src=\"http:\/\/greek-crisis.org\/@photoS\/2017\/@LQ\/2017102240.jpg\" alt=\"\" border=\"0\" \/><\/a><\/td>\n<\/tr>\n<tr>\n<td class=\"tr-caption\">Delphes, site arch\u00e9ologique, f\u00e9lins actuels. Octobre 2017<\/td>\n<\/tr>\n<\/tbody>\n<\/table>\n<p>Pays de Pers\u00e9phone, ses visiteurs, son cin\u00e9ma en plein air, ses f\u00e9lins de toujours. Ses po\u00e8tes surtout, et parmi eux, Y\u00f3rgos S\u00e9f\u00e9ris : \u201cMaintenant je voudrais terminer ce court expos\u00e9 avec un homme que j&rsquo;ai toujours gard\u00e9 pr\u00e8s de moi ; il m&rsquo;a soutenu dans des heures difficiles, o\u00f9 toute ressource semblait perdue. Dans ce pays de contrastes qui est le mien, il est un cas extr\u00eame. Ce n&rsquo;est pas un intellectuel. Mais l&rsquo;intellect r\u00e9duit \u00e0 lui-m\u00eame a parfois besoin de fra\u00eecheur, comme les morts qui r\u00e9clament du sang frais avant de r\u00e9pondre \u00e0 Ulysse. Il avait appris \u00e0 lire et \u00e0 \u00e9crire un peu, \u00e0 l&rsquo;\u00e2ge de trente-cinq ans, afin de pouvoir raconter, dit-il, ce qu&rsquo;il avait vu pendant la guerre de l&rsquo;ind\u00e9pendance, o\u00f9 il avait pris une part tr\u00e8s active. Il s&rsquo;appelle Jean Makriyi\u00e1nnis. Je le compare \u00e0 un de ces vieux troncs d&rsquo;olivier de chez nous, fa\u00e7onn\u00e9s par les \u00e9l\u00e9ments et qui peuvent, je crois, enseigner la sagesse. Lui aussi a \u00e9t\u00e9 fa\u00e7onn\u00e9 par les \u00e9l\u00e9ments humains, par bien des g\u00e9n\u00e9rations d&rsquo;\u00e2mes humaines. Il \u00e9tait n\u00e9, vers la fin du XVIIIe si\u00e8cle, dans la Gr\u00e8ce continentale, pr\u00e8s de Delphes. (&#8230;)\u201d<\/p>\n<p>\u201cQuand on songe que la guerre avait laiss\u00e9 de nombreuses plaies sur le corps de cet homme, on a le droit de conclure que ces paroles ont quelque poids. Vers la fin de sa vie, son destin devient tragique. Ses plaies lui donnent des souffrances intol\u00e9rables. Il est pers\u00e9cut\u00e9, jet\u00e9 en prison, jug\u00e9 et condamn\u00e9. Dans son d\u00e9sespoir, il \u00e9crit des lettres \u00e0 Dieu: \u2018Et tu ne nous entends pas, tu ne nous vois pas&#8230;\u2019 C&rsquo;est la fin. Makriyi\u00e1nnis est mort vers le milieu du si\u00e8cle dernier. Ses M\u00e9moires ont \u00e9t\u00e9 d\u00e9chiffr\u00e9s et publi\u00e9s en 1907. Il fallut bien des ann\u00e9es encore pour que les jeunes prissent conscience de sa v\u00e9ritable envergure. (&#8230;)\u201d<\/p>\n<p>\u201cJ&rsquo;ai voulu aussi exprimer ma solidarit\u00e9 avec mon peuple. Non seulement avec les grands ma\u00eetres de l&rsquo;esprit, mais avec les inconnus, les ignor\u00e9s, ceux m\u00eame qui se sont pench\u00e9s sur un seul livre avec la m\u00eame ferveur que l&rsquo;on se penche sur une ic\u00f4ne; avec les enfants, qui faisaient des heures de marche pour aller \u00e0 des \u00e9coles \u00e9loign\u00e9es de leur village, \u2018pour apprendre les lettres, les choses du bon dieu\u2019, comme dit leur chanson. Pour rappeler encore une fois mon ami Makriyi\u00e1nnis, \u2018il ne faut pas dire moi, mais il faut dire nous\u2019, car personne n&rsquo;ach\u00e8ve rien tout seul. Je trouve qu&rsquo;il est bien qu&rsquo;il en soit ainsi. J&rsquo;ai besoin de cette solidarit\u00e9, parce que si je ne comprends pas les hommes de chez nous, avec leurs vertus et leurs vices, je sens que je ne pourrai pas comprendre les autres hommes de par le grand monde.\u201d, Y\u00f3rgos S\u00e9f\u00e9ris &#8211; Nobel Lecture &#8211; \u201cDiscours du 11 d\u00e9cembre 1963\u201d , \u201cQuelques points de la tradition Grecque, moderne\u201d<\/p>\n<p>S\u00e9f\u00e9ris justement, que les mondialisateurs des faits, des gestes et des \u00e2mes, y compris en litt\u00e9rature, voudraient voir son \u0153uvre s\u2019effacer de notre m\u00e9moire. Le grand po\u00e8te, avait \u00e9galement compos\u00e9 un \u00e9mouvant \u00c9pitaphe, inscription fun\u00e9raire \u00e0 la m\u00e9moire de son chat Touti , c\u2019\u00e9tait en ao\u00fbt 1949.<\/p>\n<table class=\"tr-caption-container\" cellspacing=\"0\" cellpadding=\"0\" align=\"center\">\n<tbody>\n<tr>\n<td><a href=\"http:\/\/greek-crisis.org\/@photoS\/2017\/@FF\/2017102231.jpg\" target=\"_blank\" rel=\"gcbox(gcrisis) noopener\"><img decoding=\"async\" class=\"aligncenter\" src=\"http:\/\/greek-crisis.org\/@photoS\/2017\/@LQ\/2017102231.jpg\" alt=\"\" border=\"0\" \/><\/a><\/td>\n<\/tr>\n<tr>\n<td class=\"tr-caption\">Le jeune Herm\u00e8s de \u2018Greek Crisis\u2019. Ath\u00e8nes, octobre 2017<\/td>\n<\/tr>\n<\/tbody>\n<\/table>\n<p>Personne n&rsquo;ach\u00e8ve rien tout seul&#8230; ce qui vaut \u00e9galement pour le blog \u2018Greek Crisis\u2019. Le jeune Herm\u00e8s (qui n\u2019est pas pour l\u2019instant totalement Trism\u00e9giste), pi\u00e9tine alors nos brouillons imprim\u00e9s, tandis que Mimi du fait de son grand \u00e2ge, surveille il faut dire \u00e0 sa mani\u00e8re et bien \u00e9troitement, tous nos \u00e9crits.<\/p>\n<p>Sous l \u2018Acropole il fait de nouveau beau, demain 28 octobre, f\u00eate nationale, comm\u00e9morant le \u2018NON\u2019 grec \u00e0 l\u2019ultimatum de Mussolini, puis, la victoire grecque suite \u00e0 une extraordinaire mobilisation populaire contre l\u2019Arm\u00e9e de l\u2019Italie fasciste, une premi\u00e8re victoire contre une arm\u00e9e d\u2019un pays de l\u2019Axe.<\/p>\n<p>Pour rappeler encore une fois notre ami Makriyi\u00e1nnis, \u201cil ne faut pas dire moi, mais il faut dire nous\u201d. Pers\u00e9phone, \u00e9pouse d&rsquo;Had\u00e8s, fille de Zeus et de D\u00e9m\u00e9ter, revient comme on sait&#8230; r\u00e9guli\u00e8rement sur terre.<\/p>\n<table class=\"tr-caption-container\" cellspacing=\"0\" cellpadding=\"0\" align=\"center\">\n<tbody>\n<tr>\n<td><a href=\"http:\/\/greek-crisis.org\/@photoS\/2017\/@FF\/2017102232.jpg\" target=\"_blank\" rel=\"gcbox(gcrisis) noopener\"><img decoding=\"async\" class=\"aligncenter\" src=\"http:\/\/greek-crisis.org\/@photoS\/2017\/@LQ\/2017102232.jpg\" alt=\"\" border=\"0\" \/><\/a><\/td>\n<\/tr>\n<tr>\n<td class=\"tr-caption\">Mimi&#8230; du fait de son grand \u00e2ge. Ath\u00e8nes, octobre 2017<\/td>\n<\/tr>\n<\/tbody>\n<\/table>\n<div>______________________* Photo de couverture : Mendiant devant une \u00e9glise Byzantine. Ath\u00e8nes, octobre 2017<\/p>\n<\/div>\n<\/div>\n<\/div>\n","protected":false},"excerpt":{"rendered":"<blockquote>\n<p>Billet invit\u00e9. Aussi disponible sur <a href=\"http:\/\/www.greekcrisis.fr\/2017\/10\/Fr0641.html\">www.greekcrisis.fr<\/a><\/p>\n<\/blockquote>\n<div class=\"post-header\"><\/div>\n<div id=\"post-body-7463731893933305257\" class=\"post-body entry-content\">\n<div dir=\"ltr\">\n<div class=\"separator\"><a href=\"http:\/\/greek-crisis.org\/@photoS\/2017\/@FF\/2017102211.jpg\" target=\"_blank\" rel=\"gcbox(gcrisis) noopener\"><img decoding=\"async\" class=\"aligncenter\" src=\"http:\/\/greek-crisis.org\/@photoS\/2017\/@LQ\/2017102211.jpg\" alt=\"\" border=\"0\" \/><\/a><\/div>\n<p>En cette fin octobre sous le Parth\u00e9non, derni\u00e8res s\u00e9ances pour les cin\u00e9mas en plein air. Signe qui ne trompe pas, leur fermeture jusqu\u2019au mois de mai de l\u2019ann\u00e9e prochaine [&hellip;]<\/p>\n<\/div>\n<\/div>\n","protected":false},"author":1,"featured_media":0,"comment_status":"closed","ping_status":"closed","sticky":false,"template":"","format":"standard","meta":{"footnotes":""},"categories":[5256],"tags":[160],"class_list":["post-100014","post","type-post","status-publish","format-standard","hentry","category-grece","tag-grece"],"_links":{"self":[{"href":"https:\/\/www.pauljorion.com\/blog\/wp-json\/wp\/v2\/posts\/100014","targetHints":{"allow":["GET"]}}],"collection":[{"href":"https:\/\/www.pauljorion.com\/blog\/wp-json\/wp\/v2\/posts"}],"about":[{"href":"https:\/\/www.pauljorion.com\/blog\/wp-json\/wp\/v2\/types\/post"}],"author":[{"embeddable":true,"href":"https:\/\/www.pauljorion.com\/blog\/wp-json\/wp\/v2\/users\/1"}],"replies":[{"embeddable":true,"href":"https:\/\/www.pauljorion.com\/blog\/wp-json\/wp\/v2\/comments?post=100014"}],"version-history":[{"count":2,"href":"https:\/\/www.pauljorion.com\/blog\/wp-json\/wp\/v2\/posts\/100014\/revisions"}],"predecessor-version":[{"id":100018,"href":"https:\/\/www.pauljorion.com\/blog\/wp-json\/wp\/v2\/posts\/100014\/revisions\/100018"}],"wp:attachment":[{"href":"https:\/\/www.pauljorion.com\/blog\/wp-json\/wp\/v2\/media?parent=100014"}],"wp:term":[{"taxonomy":"category","embeddable":true,"href":"https:\/\/www.pauljorion.com\/blog\/wp-json\/wp\/v2\/categories?post=100014"},{"taxonomy":"post_tag","embeddable":true,"href":"https:\/\/www.pauljorion.com\/blog\/wp-json\/wp\/v2\/tags?post=100014"}],"curies":[{"name":"wp","href":"https:\/\/api.w.org\/{rel}","templated":true}]}}