{"id":101158,"date":"2017-12-13T08:30:32","date_gmt":"2017-12-13T07:30:32","guid":{"rendered":"https:\/\/www.pauljorion.com\/blog\/?p=101158"},"modified":"2017-12-13T08:32:39","modified_gmt":"2017-12-13T07:32:39","slug":"centre-pompidou-etudes-digitales-la-donnee-nest-pas-la-pensee-le-14-decembre-de-14h30-a-20h00","status":"publish","type":"post","link":"https:\/\/www.pauljorion.com\/blog\/2017\/12\/13\/centre-pompidou-etudes-digitales-la-donnee-nest-pas-la-pensee-le-14-decembre-de-14h30-a-20h00\/","title":{"rendered":"Centre Pompidou, \u00c9tudes Digitales, \u00ab La donn\u00e9e n\u2019est pas la pens\u00e9e \u00bb, demain 14 d\u00e9cembre de 14h30 \u00e0 20h00"},"content":{"rendered":"<p><strong>\u00c0 l\u2019occasion de la sortie de son deuxi\u00e8me num\u00e9ro \u2013 Le gouvernement des donn\u00e9es -, la revue\u00a0<\/strong><strong>\u00c9tudes Digitales organise, demain 14 d\u00e9cembre 2017, de 14h30 \u00e0 20h00, au centre Pompidou, une\u00a0<\/strong><strong>rencontre interdisciplinaire sur le th\u00e8me : \u00ab La donn\u00e9e n\u2019est pas la pens\u00e9e \u00bb.<\/strong><\/p>\n<ul>\n<li>14h30 Ouverture par Vincent Puig<\/li>\n<li>14h45-15h30 Pour une \u00ab culture digitale \u00bb, pr\u00e9sentation de la revue<br \/>\nJacques Athanase Gilbert, Franck Cormerais, Daphn\u00e9 Vignon, Armen Khatchatourov<\/li>\n<li>15h30-17h00 Donn\u00e9es, Textes et Documents \u2013 Table ronde 1<br \/>\nDidier Alexandre, Bruno Bachimont, Emmanuel Souchier, anim\u00e9e par Laurent Loty,<\/li>\n<li>17h30-19h30 Donn\u00e9es, savoir et pouvoir \u2013 Table ronde 2<br \/>\nPaul Jorion, Jean-Max Noyer, Olivier Rey, Antoinette Rouvroy, anim\u00e9e par Armen Khatchatourov<\/li>\n<li>19h30 \u2013 Cl\u00f4ture par Bernard Stiegler<\/li>\n<\/ul>\n<p><!--more-->Si la pens\u00e9e se voit bien souvent promise aujourd\u2019hui \u00e0 la r\u00e9duction \u00e0 un flux de\u00a0donn\u00e9es ou au \u00ab dataisme \u00bb, la revue\u00a0<em>\u00c9tudes digitales<\/em>\u00a0ose affirmer que\u00a0\u00ab\u00a0la donn\u00e9e n\u2019est pas la pens\u00e9e \u00bb.<br \/>\nDes questions se posent : qu\u2019est-ce que lire et \u00e9crire, qu\u2019est-ce que s\u2019orienter dans la pens\u00e9e\u00a0dans un milieu o\u00f9 les modes de l\u2019\u00e9tude, et plus largement tout le travail intellectuel, se trouvent\u00a0r\u00e9organis\u00e9s et redistribu\u00e9s par le digital ?<br \/>\nEst-il possible de penser\u00a0et \u00e9tudier aujourd\u2019hui sans les donn\u00e9es num\u00e9riques ?\u00a0Et si la donn\u00e9e n\u2019est pas la\u00a0pens\u00e9e, peut-\u00eatre les data peuvent-elles aider \u00e0 penser ?<br \/>\nMais ne convient-il pas avant tout de s\u2019interroger sur la relation\u00a0entre \u00ab\u00a0les donn\u00e9es\u00a0\u00bb et le monde ? Quelle sont les conditions\u00a0(documentaires, \u00e9pist\u00e9mologiques, politiques) de ce monde \u00e0 venir ?<br \/>\nLors de cette rencontre, il s\u2019agira de susciter une relation r\u00e9fl\u00e9chie entre l\u2019\u00ab obtenu \u00bb des data\u00a0et le donn\u00e9 du monde, de rassembler les d\u00e9marches herm\u00e9neutiques et les m\u00e9thodes analytiques.<br \/>\nSi\u00a0le \u00ab tout information \u00bb, au sens d\u2019une r\u00e9duction du tout aux data, n\u2019est pas \u00ab tout \u00bb, il\u00a0convient n\u00e9anmoins de se demander dans quelle mesure les data peuvent demeurer\u00a0ouvertes \u00e0 l\u2019exp\u00e9rience de la pens\u00e9e.<br \/>\nFace \u00e0 la prolif\u00e9ration des masses de donn\u00e9es (big data) et\u00a0leurs corr\u00e9lations par la \u00ab\u00a0raison \u00bb algorithmique,\u00a0<em>\u00c9tudes Digitales<\/em>\u00a0nourrit cette conviction de\u00a0l\u2019importance du maintien du travail de la pens\u00e9e.<\/p>\n","protected":false},"excerpt":{"rendered":"<p><strong>\u00c0 l\u2019occasion de la sortie de son deuxi\u00e8me num\u00e9ro \u2013 Le gouvernement des donn\u00e9es -, la revue\u00a0<\/strong><strong>\u00c9tudes Digitales organise, demain 14 d\u00e9cembre 2017, de 14h30 \u00e0 20h00, au centre Pompidou, une\u00a0<\/strong><strong>rencontre interdisciplinaire sur le th\u00e8me : \u00ab La donn\u00e9e n\u2019est pas la pens\u00e9e \u00bb.<\/strong><\/p>\n<ul>\n<li>14h30 Ouverture par Vincent Puig<\/li>\n<li>14h45-15h30 Pour une \u00ab culture [&hellip;]<\/li>\n<\/ul>\n","protected":false},"author":1,"featured_media":0,"comment_status":"closed","ping_status":"closed","sticky":false,"template":"","format":"standard","meta":{"footnotes":""},"categories":[1317],"tags":[],"class_list":["post-101158","post","type-post","status-publish","format-standard","hentry","category-numerique"],"_links":{"self":[{"href":"https:\/\/www.pauljorion.com\/blog\/wp-json\/wp\/v2\/posts\/101158","targetHints":{"allow":["GET"]}}],"collection":[{"href":"https:\/\/www.pauljorion.com\/blog\/wp-json\/wp\/v2\/posts"}],"about":[{"href":"https:\/\/www.pauljorion.com\/blog\/wp-json\/wp\/v2\/types\/post"}],"author":[{"embeddable":true,"href":"https:\/\/www.pauljorion.com\/blog\/wp-json\/wp\/v2\/users\/1"}],"replies":[{"embeddable":true,"href":"https:\/\/www.pauljorion.com\/blog\/wp-json\/wp\/v2\/comments?post=101158"}],"version-history":[{"count":2,"href":"https:\/\/www.pauljorion.com\/blog\/wp-json\/wp\/v2\/posts\/101158\/revisions"}],"predecessor-version":[{"id":101313,"href":"https:\/\/www.pauljorion.com\/blog\/wp-json\/wp\/v2\/posts\/101158\/revisions\/101313"}],"wp:attachment":[{"href":"https:\/\/www.pauljorion.com\/blog\/wp-json\/wp\/v2\/media?parent=101158"}],"wp:term":[{"taxonomy":"category","embeddable":true,"href":"https:\/\/www.pauljorion.com\/blog\/wp-json\/wp\/v2\/categories?post=101158"},{"taxonomy":"post_tag","embeddable":true,"href":"https:\/\/www.pauljorion.com\/blog\/wp-json\/wp\/v2\/tags?post=101158"}],"curies":[{"name":"wp","href":"https:\/\/api.w.org\/{rel}","templated":true}]}}