{"id":101348,"date":"2017-12-14T16:56:26","date_gmt":"2017-12-14T15:56:26","guid":{"rendered":"https:\/\/www.pauljorion.com\/blog\/?p=101348"},"modified":"2017-12-14T17:01:03","modified_gmt":"2017-12-14T16:01:03","slug":"sommet-europeen-irresponsables-et-coupables-par-francois-leclerc","status":"publish","type":"post","link":"https:\/\/www.pauljorion.com\/blog\/2017\/12\/14\/sommet-europeen-irresponsables-et-coupables-par-francois-leclerc\/","title":{"rendered":"<b>Sommet europ\u00e9en : IRRESPONSABLES ET COUPABLES<\/b>, par Fran\u00e7ois Leclerc"},"content":{"rendered":"<blockquote><p>Billet invit\u00e9.<\/p><\/blockquote>\n<p>Deux longues n\u00e9gociations commandent l\u2019avenir de l\u2019Europe, dont les r\u00e9sultats sont incertains. Les p\u00e9rip\u00e9ties du Brexit sont quotidiennes, ne garantissant pas sa bonne conclusion. Et il ne fait plus de doute que la grande reconfiguration de l\u2019Europe ne verra pas le jour.<\/p>\n<p><!--more--><\/p>\n<p>Tributaire des tractations de la politique allemande, cette derni\u00e8re affaire ne va pas se clarifier avant des mois, car il existe au sein des trois partis une opposition \u00e0 la reconduction d\u2019une grande coalition qui les complique. Il est de plus en plus question d\u2019un accord sur trois points, le budget, la politique \u00e9trang\u00e8re et europ\u00e9enne, afin d\u2019aboutir \u00e0 la formule d\u2019un gouvernement minoritaire soutenu par le SPD. Martin Schulz pense avoir trouv\u00e9 le moyen d\u2019obtenir in fine l\u2019accord des adh\u00e9rents du SPD \u00e0 la participation \u00e0 une coalition en soutenant un projet de r\u00e9forme de la zone euro, mais cela suppose l&rsquo;accord improbable de la CDU et de la CSU, qui ne sont pas favorables \u00e0 la formule d&rsquo;un gouvernement minoritaire.<\/p>\n<p>Le SPD, qui reste oppos\u00e9 \u00e0 tout ce qui ressemble \u00e0 des euro-obligations, pourrait adopter le principe d\u2019une aide aux pays en difficult\u00e9 traversant un \u00e9pisode r\u00e9cessif, le fonds cr\u00e9\u00e9 \u00e0 cet effet pouvant \u00e0 long terme \u00eatre reconfigur\u00e9 en un budget europ\u00e9en. Un poste de ministre des finances europ\u00e9en serait cr\u00e9\u00e9 et les statuts du MES chang\u00e9s afin qu\u2019il devienne un filet de s\u00e9curit\u00e9 de l\u2019Union bancaire. Mais on reste loin des propositions fran\u00e7aises de relance, supposant qu&rsquo;elles soient accept\u00e9es. Changeant d\u2019\u00e9chelle, Emmanuel Macron n&rsquo;a pas d&rsquo;autre option que de se replier dans l&rsquo;ordre pour se focaliser sur les th\u00e8mes de la d\u00e9fense, de l\u2019\u00e9nergie et de l\u2019\u00e9conomie num\u00e9rique afin de favoriser des coop\u00e9rations renforc\u00e9es.<\/p>\n<p>La confusion dans laquelle le destin des r\u00e9fugi\u00e9s fait l\u2019objet de discussions, pol\u00e9miques comprises, illustre l\u2019incapacit\u00e9 de l\u2019Union \u00e0 adopter une politique et \u00e0 l\u2019assumer. L\u2019Italie et la Gr\u00e8ce font d\u00e9j\u00e0 les frais de l\u2019\u00e9chec du plan de d\u00e9localisation des r\u00e9fugi\u00e9s, ultime \u00e9tape d\u2019une route mortelle faite d\u2019extorsion de fonds, de mauvais traitements et de camps de mis\u00e8re. Mais le pire a \u00e9t\u00e9 d\u00e9couvert en Libye, conduisant Amnesty International \u00e0 d\u00e9noncer la \u00ab\u00a0complicit\u00e9\u00a0\u00bb des autorit\u00e9s europ\u00e9ennes, qui soutiennent \u00ab un syst\u00e8me sophistiqu\u00e9 d&rsquo;abus et d&rsquo;exploitation des r\u00e9fugi\u00e9s et des migrants\u00a0\u00bb afin de les emp\u00eacher de traverser la M\u00e9diterran\u00e9e. La gloire n\u2019est pas au rendez-vous et les postures avantageuses n&rsquo;y changeront rien.<\/p>\n<p>Des voix se sont \u00e9lev\u00e9es avec virulence au sein m\u00eame de la Commission et du Parlement, obligeant le pr\u00e9sident du Conseil europ\u00e9en \u00e0 modifier le texte de sa convocation au sommet qui a commenc\u00e9 aujourd\u2019hui. Il n\u2019est plus question d\u2019affirmer que \u00ab\u00a0l\u2019Union n\u2019a pas la capacit\u00e9 et les possibilit\u00e9s l\u00e9gales de remplacer les \u00c9tats membres\u00a0\u00bb afin de faire face une crise qualifi\u00e9e de \u00ab\u00a0migratoire\u00a0\u00bb. Mais ce recul ne d\u00e9finit pas pour autant une alternative \u00e0 la politique de cantonnement des r\u00e9fugi\u00e9s dont on voit les r\u00e9sultats catastrophiques en Libye.<\/p>\n<p>Frederica Mogherini, en charge de la diplomatie europ\u00e9enne, a beau faire valoir que 15.000 africains se trouvant en Libye vont \u00eatre rapatri\u00e9s, dans le cadre d\u2019un programme de \u00ab\u00a0retour volontaire humanitaire d\u2019urgence\u00a0\u00bb ose-t-elle annoncer sans en pr\u00e9ciser de date, qu\u2019est-ce au regard des 500.000 r\u00e9fugi\u00e9s qui s\u2019y trouvent pi\u00e9g\u00e9s ?<\/p>\n<p>Offrant \u00e0 tous \u00e9gards le spectacle de leur irresponsabilit\u00e9, les dirigeants europ\u00e9ens pensaient na\u00efvement pouvoir dupliquer en Libye ce qu\u2019ils avaient obtenu de la Turquie. Rat\u00e9, ils sont nomm\u00e9ment coupables de la situation d\u00e9sastreuse qu\u2019ils ont cr\u00e9\u00e9.<\/p>\n","protected":false},"excerpt":{"rendered":"<blockquote>\n<p>Billet invit\u00e9.<\/p>\n<\/blockquote>\n<p>Deux longues n\u00e9gociations commandent l\u2019avenir de l\u2019Europe, dont les r\u00e9sultats sont incertains. Les p\u00e9rip\u00e9ties du Brexit sont quotidiennes, ne garantissant pas sa bonne conclusion. Et il ne fait plus de doute que la grande reconfiguration de l\u2019Europe ne verra pas le jour.<\/p>\n","protected":false},"author":37,"featured_media":0,"comment_status":"closed","ping_status":"closed","sticky":false,"template":"","format":"standard","meta":{"footnotes":""},"categories":[5184,204],"tags":[5664,611,1308,5493,3097],"class_list":["post-101348","post","type-post","status-publish","format-standard","hentry","category-allemagne","category-europe","tag-coalition-gouvernementale-allemande","tag-droits-de-lhomme","tag-libye","tag-politique-migratoire","tag-refugies"],"_links":{"self":[{"href":"https:\/\/www.pauljorion.com\/blog\/wp-json\/wp\/v2\/posts\/101348","targetHints":{"allow":["GET"]}}],"collection":[{"href":"https:\/\/www.pauljorion.com\/blog\/wp-json\/wp\/v2\/posts"}],"about":[{"href":"https:\/\/www.pauljorion.com\/blog\/wp-json\/wp\/v2\/types\/post"}],"author":[{"embeddable":true,"href":"https:\/\/www.pauljorion.com\/blog\/wp-json\/wp\/v2\/users\/37"}],"replies":[{"embeddable":true,"href":"https:\/\/www.pauljorion.com\/blog\/wp-json\/wp\/v2\/comments?post=101348"}],"version-history":[{"count":14,"href":"https:\/\/www.pauljorion.com\/blog\/wp-json\/wp\/v2\/posts\/101348\/revisions"}],"predecessor-version":[{"id":101362,"href":"https:\/\/www.pauljorion.com\/blog\/wp-json\/wp\/v2\/posts\/101348\/revisions\/101362"}],"wp:attachment":[{"href":"https:\/\/www.pauljorion.com\/blog\/wp-json\/wp\/v2\/media?parent=101348"}],"wp:term":[{"taxonomy":"category","embeddable":true,"href":"https:\/\/www.pauljorion.com\/blog\/wp-json\/wp\/v2\/categories?post=101348"},{"taxonomy":"post_tag","embeddable":true,"href":"https:\/\/www.pauljorion.com\/blog\/wp-json\/wp\/v2\/tags?post=101348"}],"curies":[{"name":"wp","href":"https:\/\/api.w.org\/{rel}","templated":true}]}}