{"id":101365,"date":"2017-12-25T19:12:32","date_gmt":"2017-12-25T18:12:32","guid":{"rendered":"https:\/\/www.pauljorion.com\/blog\/?p=101365"},"modified":"2017-12-25T19:27:25","modified_gmt":"2017-12-25T18:27:25","slug":"france-culture-les-matins-mercredi-27-decembre-de-7h40-a-8h50","status":"publish","type":"post","link":"https:\/\/www.pauljorion.com\/blog\/2017\/12\/25\/france-culture-les-matins-mercredi-27-decembre-de-7h40-a-8h50\/","title":{"rendered":"FRANCE CULTURE, \u00ab LES MATINS \u00bb, mercredi 27 d\u00e9cembre de 7h40 \u00e0 8h50"},"content":{"rendered":"<p><a href=\"http:\/\/www.pauljorion.com\/blog\/wp-content\/uploads\/Collapse-1.png\"><img loading=\"lazy\" decoding=\"async\" class=\"alignleft size-full wp-image-99340\" src=\"http:\/\/www.pauljorion.com\/blog\/wp-content\/uploads\/Collapse-1.png\" alt=\"\" width=\"229\" height=\"343\" \/><\/a> Je serai l&rsquo;invit\u00e9 de Florian Delorme aux <a href=\"https:\/\/www.franceculture.fr\/emissions\/les-matins\" target=\"_blank\" rel=\"noopener\">Matins de France Culture<\/a>, le mercredi 27 d\u00e9cembre 2017 \u00e0 partir de 7h40.<\/p>\n<p>Bel hommage aussi au livre, \u00e0 Beaubourg au colloque <a href=\"https:\/\/www.pauljorion.com\/blog\/2017\/12\/13\/centre-pompidou-etudes-digitales-la-donnee-nest-pas-la-pensee-le-14-decembre-de-14h30-a-20h00\/\" target=\"_blank\" rel=\"noopener\">\u00ab\u00a0La donn\u00e9e n&rsquo;est pas la pens\u00e9e\u00a0\u00bb<\/a> (il y a <a href=\"https:\/\/www.pauljorion.com\/blog\/2017\/12\/22\/centre-pompidou-etudes-digitales-la-donnee-nest-pas-la-pensee-le-14-decembre-2017\/\" rel=\"noopener\" target=\"_blank\">une vid\u00e9o<\/a>).<\/p>\n<p>Et&#8230; un Prix litt\u00e9raire le couronnant\u00a0! je vous en dirai plus en temps utile mais vous verrez : le genre de Prix qui fait chaud au c\u0153ur parce qu&rsquo;il est \u00e0 la m\u00e9moire d&rsquo;un grand a\u00een\u00e9 et que cela vous honore que l&rsquo;on puisse laisser entendre que vous marchez dans ses pas\u00a0!<\/p>\n","protected":false},"excerpt":{"rendered":"<p><a href=\"http:\/\/www.pauljorion.com\/blog\/wp-content\/uploads\/Collapse-1.png\"><img loading=\"lazy\" decoding=\"async\" class=\"alignleft size-full wp-image-99340\" src=\"http:\/\/www.pauljorion.com\/blog\/wp-content\/uploads\/Collapse-1.png\" alt=\"\" width=\"229\" height=\"343\" \/><\/a> Je serai l&rsquo;invit\u00e9 de Florian Delorme aux <a href=\"https:\/\/www.franceculture.fr\/emissions\/les-matins\" target=\"_blank\" rel=\"noopener\">Matins de France Culture<\/a>, le mercredi 27 d\u00e9cembre 2017 \u00e0 partir de 7h40.<\/p>\n<p>Bel hommage aussi au livre, \u00e0 Beaubourg au colloque <a href=\"https:\/\/www.pauljorion.com\/blog\/2017\/12\/13\/centre-pompidou-etudes-digitales-la-donnee-nest-pas-la-pensee-le-14-decembre-de-14h30-a-20h00\/\" target=\"_blank\" rel=\"noopener\">\u00ab\u00a0La donn\u00e9e n&rsquo;est pas la pens\u00e9e\u00a0\u00bb<\/a> (il y a <a [&hellip;]<\/p>\n","protected":false},"author":1,"featured_media":0,"comment_status":"closed","ping_status":"closed","sticky":false,"template":"","format":"standard","meta":{"footnotes":""},"categories":[5585,833],"tags":[5586],"class_list":["post-101365","post","type-post","status-publish","format-standard","hentry","category-a-quoi-bon-penser-a-lheure-du-grand-collapse","category-la-vie-de-tous-les-jours","tag-a-quoi-bon-penser-a-lheure-du-grand-collapse"],"_links":{"self":[{"href":"https:\/\/www.pauljorion.com\/blog\/wp-json\/wp\/v2\/posts\/101365","targetHints":{"allow":["GET"]}}],"collection":[{"href":"https:\/\/www.pauljorion.com\/blog\/wp-json\/wp\/v2\/posts"}],"about":[{"href":"https:\/\/www.pauljorion.com\/blog\/wp-json\/wp\/v2\/types\/post"}],"author":[{"embeddable":true,"href":"https:\/\/www.pauljorion.com\/blog\/wp-json\/wp\/v2\/users\/1"}],"replies":[{"embeddable":true,"href":"https:\/\/www.pauljorion.com\/blog\/wp-json\/wp\/v2\/comments?post=101365"}],"version-history":[{"count":10,"href":"https:\/\/www.pauljorion.com\/blog\/wp-json\/wp\/v2\/posts\/101365\/revisions"}],"predecessor-version":[{"id":101632,"href":"https:\/\/www.pauljorion.com\/blog\/wp-json\/wp\/v2\/posts\/101365\/revisions\/101632"}],"wp:attachment":[{"href":"https:\/\/www.pauljorion.com\/blog\/wp-json\/wp\/v2\/media?parent=101365"}],"wp:term":[{"taxonomy":"category","embeddable":true,"href":"https:\/\/www.pauljorion.com\/blog\/wp-json\/wp\/v2\/categories?post=101365"},{"taxonomy":"post_tag","embeddable":true,"href":"https:\/\/www.pauljorion.com\/blog\/wp-json\/wp\/v2\/tags?post=101365"}],"curies":[{"name":"wp","href":"https:\/\/api.w.org\/{rel}","templated":true}]}}