{"id":101871,"date":"2018-01-06T19:29:56","date_gmt":"2018-01-06T18:29:56","guid":{"rendered":"https:\/\/www.pauljorion.com\/blog\/?p=101871"},"modified":"2018-01-06T20:23:43","modified_gmt":"2018-01-06T19:23:43","slug":"un-demantelement-peut-en-cacher-un-autre-par-francois-leclerc","status":"publish","type":"post","link":"https:\/\/www.pauljorion.com\/blog\/2018\/01\/06\/un-demantelement-peut-en-cacher-un-autre-par-francois-leclerc\/","title":{"rendered":"<b>UN D\u00c9MANT\u00c8LEMENT PEUT EN CACHER UN AUTRE<\/b>, par Fran\u00e7ois Leclerc"},"content":{"rendered":"<blockquote><p>Billet invit\u00e9.<\/p><\/blockquote>\n<p>Install\u00e9e sur la fa\u00e7ade berlinoise de l\u2019immeuble de la F\u00e9d\u00e9ration allemande des contribuables, l\u2019horloge de la dette publique du pays indique actuellement qu\u2019elle repr\u00e9sente 23.827 euros par personne. Contribuable ou non, on ne sait pas. Mani\u00e8re de sensibiliser les Allemands \u00e0 ce sujet, s\u2019il en \u00e9tait encore besoin. Pour la premi\u00e8re fois en 27 ans, l\u2019algorithme qui permet de repr\u00e9senter ainsi la dette enregistre sa r\u00e9duction, r\u00e9sultat de la politique institu\u00e9e en 2014 qui privil\u00e9gie dans toute l\u2019Europe la r\u00e9alisation d\u2019un exc\u00e9dent budg\u00e9taire.<\/p>\n<p><!--more--><\/p>\n<p>Mais ce qui devrait \u00eatre chant\u00e9 comme une victoire se traduit par une crise politique. Les sondages font \u00e9tat d\u2019une d\u00e9saffection grandissante dans l\u2019opinion vis \u00e0 vis de la formule de la grande coalition, laissant supposer qu\u2019il en est de m\u00eame, ou pire, chez les militants du SPD qui auront le dernier mot.<\/p>\n<p>Apr\u00e8s un Wolfgang Sch\u00e4uble semblant consid\u00e9rer la formule d\u2019un gouvernement minoritaire comme un moindre mal, de crainte de trop importantes concessions accord\u00e9es \u00e0 Martin Schulz, le leader du FDP Christian Lindner r\u00e9anime le projet de coalition \u00ab Jama\u00efque\u00a0\u00bb, \u00e0 condition toutefois qu\u2019Angela Merkel n\u2019en soit pas \u00e0 la t\u00eate&#8230; Cela part dans tous les sens et ceux qui, faute de mieux, attendent de l\u2019Allemagne qu\u2019elle mette un coup d\u2019arr\u00eat au d\u00e9mant\u00e8lement de l\u2019Europe risquent d\u2019en \u00eatre pour leurs frais, laissant Emmanuel Macron avec ses envol\u00e9es sur les bras.<\/p>\n<p>En attendant le d\u00e9mant\u00e8lement de l\u2019Europe se poursuit de la mani\u00e8re la plus sournoise possible, avec \u00e0 l\u2019avant-garde les gouvernements polonais et hongrois. L\u2019Europe a \u00e9t\u00e9 secou\u00e9e par le risque que la Gr\u00e8ce sorte en catastrophe de la zone euro, et ses repr\u00e9sentants n\u00e9gocient p\u00e9niblement la sortie du Royaume-Uni de l\u2019Union. Mais la partie qui est d\u00e9sormais engag\u00e9e est d\u2019une toute autre nature, mettant en cause ce qui est consid\u00e9r\u00e9 comme \u00e9tant les valeurs fondatrices de l\u2019Europe. Jean-Claude Juncker l\u2019a qualifi\u00e9 non sans raison de \u00ab\u00a0crise existentielle\u00a0\u00bb.<\/p>\n<p>En raison de la politique des gouvernements polonais et hongrois, l\u2019Europe ne peut plus pr\u00e9tendre au statut d\u2019association de d\u00e9mocraties lib\u00e9rales. Pire, ses institutions se r\u00e9v\u00e8lent inop\u00e9rantes lorsqu\u2019il s\u2019agit de faire rentrer dans le rang les mauvais \u00e9l\u00e8ves. Il n\u2019\u00e9tait pas pr\u00e9vu\u00a0que les anciennes \u00ab\u00a0d\u00e9mocraties socialistes\u00a0\u00bb, au lieu de se vautrer dans les d\u00e9lices du capitalisme lib\u00e9ral, allaient pour se singulariser enfourcher le cheval de bataille de la fermeture des fronti\u00e8res aux r\u00e9fugi\u00e9s et multiplier les mesures autocratiques. Autorisant le nouveau Premier ministre polonais Mateusz Morawiecki \u00e0 d\u00e9clarer \u00ab\u00a0le vent tourne dans notre direction\u00a0\u00bb. Repris au bond par son homologue hongrois Viktor Orban, qui lui a r\u00e9pondu : \u00ab\u00a0la politique migratoire europ\u00e9enne ne fonctionne pas, c&rsquo;est un \u00e9chec spectaculaire. Il est clair que les peuples europ\u00e9ens ne veulent pas d&rsquo;immigration, m\u00eame si plusieurs dirigeants continuent \u00e0 promouvoir cette politique qui a \u00e9chou\u00e9\u00a0\u00bb.<\/p>\n<p>Dans un premier temps, la mont\u00e9e de l\u2019extr\u00eame-droite a \u00e9t\u00e9 observ\u00e9e, ratant son coup aux Pays-Bas mais r\u00e9ussissant son pari en Autriche. La gangr\u00e8ne s\u2019est propag\u00e9e dans les esprits en r\u00e9action \u00e0 l\u2019exode des r\u00e9fugi\u00e9s, relayant la peur du terrorisme islamique, avec ceci de plus redoutable qu\u2019elle est insidieuse, difficile \u00e0 combattre, et qu\u2019elle a un puissant moteur\u00a0: la x\u00e9nophobie. Signe de sa progression, on voit d\u00e9j\u00e0 de terribles \u00e9v\u00e8nements se d\u00e9rouler en France, \u00e0 cent mille lieux de la fraternit\u00e9, dont les r\u00e9fugi\u00e9s font en premier les frais. Ce qui hier \u00e9tait inconcevable est devenu banal, sans que soit ressentie la distance parcourue.<\/p>\n<p>Ces valeurs fondatrices valaient ce qu\u2019elles valaient, reposant \u00e0 la Lib\u00e9ration sur la conviction que cette guerre mondiale devait \u00eatre la derni\u00e8re, mais qu\u2019il fallait dans la foul\u00e9e faire barrage \u00e0 ce que repr\u00e9sentait une Union sovi\u00e9tique, dont le nom \u00e9tait usurp\u00e9 mais pas la contribution majeure \u00e0 la d\u00e9route du nazisme. Le contrat fut rempli, mais les valeurs en question sont d\u00e9sormais bafou\u00e9es, apr\u00e8s avoir jou\u00e9 leur r\u00f4le, comme si la page tourn\u00e9e n\u2019\u00e9tait pas seulement celle des \u00ab\u00a0Trente glorieuses\u00a0\u00a0\u00bb.<\/p>\n<p>\u00c0 quoi devons-nous maintenant nous attendre ?<\/p>\n","protected":false},"excerpt":{"rendered":"<blockquote>\n<p>Billet invit\u00e9.<\/p>\n<\/blockquote>\n<p>Install\u00e9e sur la fa\u00e7ade berlinoise de l\u2019immeuble de la F\u00e9d\u00e9ration allemande des contribuables, l\u2019horloge de la dette publique du pays indique actuellement qu\u2019elle repr\u00e9sente 23.827 euros par personne. Contribuable ou non, on ne sait pas. Mani\u00e8re de sensibiliser les Allemands \u00e0 ce sujet, s\u2019il en \u00e9tait encore besoin. Pour la premi\u00e8re fois en [&hellip;]<\/p>\n","protected":false},"author":37,"featured_media":0,"comment_status":"closed","ping_status":"closed","sticky":false,"template":"","format":"standard","meta":{"footnotes":""},"categories":[5184,204],"tags":[75,107,1186,5125],"class_list":["post-101871","post","type-post","status-publish","format-standard","hentry","category-allemagne","category-europe","tag-espagne","tag-hongrie","tag-pologne","tag-xenophobie"],"_links":{"self":[{"href":"https:\/\/www.pauljorion.com\/blog\/wp-json\/wp\/v2\/posts\/101871","targetHints":{"allow":["GET"]}}],"collection":[{"href":"https:\/\/www.pauljorion.com\/blog\/wp-json\/wp\/v2\/posts"}],"about":[{"href":"https:\/\/www.pauljorion.com\/blog\/wp-json\/wp\/v2\/types\/post"}],"author":[{"embeddable":true,"href":"https:\/\/www.pauljorion.com\/blog\/wp-json\/wp\/v2\/users\/37"}],"replies":[{"embeddable":true,"href":"https:\/\/www.pauljorion.com\/blog\/wp-json\/wp\/v2\/comments?post=101871"}],"version-history":[{"count":3,"href":"https:\/\/www.pauljorion.com\/blog\/wp-json\/wp\/v2\/posts\/101871\/revisions"}],"predecessor-version":[{"id":101881,"href":"https:\/\/www.pauljorion.com\/blog\/wp-json\/wp\/v2\/posts\/101871\/revisions\/101881"}],"wp:attachment":[{"href":"https:\/\/www.pauljorion.com\/blog\/wp-json\/wp\/v2\/media?parent=101871"}],"wp:term":[{"taxonomy":"category","embeddable":true,"href":"https:\/\/www.pauljorion.com\/blog\/wp-json\/wp\/v2\/categories?post=101871"},{"taxonomy":"post_tag","embeddable":true,"href":"https:\/\/www.pauljorion.com\/blog\/wp-json\/wp\/v2\/tags?post=101871"}],"curies":[{"name":"wp","href":"https:\/\/api.w.org\/{rel}","templated":true}]}}