{"id":102056,"date":"2018-01-15T16:58:19","date_gmt":"2018-01-15T15:58:19","guid":{"rendered":"https:\/\/www.pauljorion.com\/blog\/?p=102056"},"modified":"2018-01-15T16:58:19","modified_gmt":"2018-01-15T15:58:19","slug":"bbtk-lavenir-du-travail-corrige","status":"publish","type":"post","link":"https:\/\/www.pauljorion.com\/blog\/2018\/01\/15\/bbtk-lavenir-du-travail-corrige\/","title":{"rendered":"BBTK &#8211; L&rsquo;avenir du travail (corrig\u00e9)"},"content":{"rendered":"<p><a href=\"https:\/\/fr.wikipedia.org\/wiki\/Syndicat_des_employ%C3%A9s,_techniciens_et_cadres\" target=\"_blank\" rel=\"noopener\">Wikipedia<\/a> : \u00ab\u00a0Le Syndicat des Employ\u00e9s, Techniciens et Cadres (SETCa) (en n\u00e9erlandais Bond van Bedienden, Technici en Kaderleden = BBTK) de tendance socialiste [&#8230;] Fond\u00e9 en 1892, le SETCa est \u00e9galement la plus ancienne organisation syndicale d&#8217;employ\u00e9s, de techniciens et de cadres de Belgique, la principale centrale professionnelle de la F\u00e9d\u00e9ration g\u00e9n\u00e9rale du travail de Belgique (FGTB).\u00a0\u00bb<\/p>\n<p><iframe loading=\"lazy\" src=\"https:\/\/player.vimeo.com\/video\/249178176?title=0&amp;portrait=0\" width=\"700\" height=\"394\" frameborder=\"0\" allowfullscreen=\"allowfullscreen\"><\/iframe><\/p>\n","protected":false},"excerpt":{"rendered":"<p><a href=\"https:\/\/fr.wikipedia.org\/wiki\/Syndicat_des_employ%C3%A9s,_techniciens_et_cadres\" target=\"_blank\" rel=\"noopener\">Wikipedia<\/a> : \u00ab\u00a0Le Syndicat des Employ\u00e9s, Techniciens et Cadres (SETCa) (en n\u00e9erlandais Bond van Bedienden, Technici en Kaderleden = BBTK) de tendance socialiste [&#8230;] Fond\u00e9 en 1892, le SETCa est \u00e9galement la plus ancienne organisation syndicale d&#8217;employ\u00e9s, de techniciens et de cadres de Belgique, la principale centrale professionnelle de la F\u00e9d\u00e9ration g\u00e9n\u00e9rale [&hellip;]<\/p>\n","protected":false},"author":1,"featured_media":0,"comment_status":"closed","ping_status":"closed","sticky":false,"template":"","format":"standard","meta":{"footnotes":""},"categories":[102],"tags":[2121,4063],"class_list":["post-102056","post","type-post","status-publish","format-standard","hentry","category-travail","tag-disparition-du-travail","tag-robotisation-du-travail"],"_links":{"self":[{"href":"https:\/\/www.pauljorion.com\/blog\/wp-json\/wp\/v2\/posts\/102056","targetHints":{"allow":["GET"]}}],"collection":[{"href":"https:\/\/www.pauljorion.com\/blog\/wp-json\/wp\/v2\/posts"}],"about":[{"href":"https:\/\/www.pauljorion.com\/blog\/wp-json\/wp\/v2\/types\/post"}],"author":[{"embeddable":true,"href":"https:\/\/www.pauljorion.com\/blog\/wp-json\/wp\/v2\/users\/1"}],"replies":[{"embeddable":true,"href":"https:\/\/www.pauljorion.com\/blog\/wp-json\/wp\/v2\/comments?post=102056"}],"version-history":[{"count":1,"href":"https:\/\/www.pauljorion.com\/blog\/wp-json\/wp\/v2\/posts\/102056\/revisions"}],"predecessor-version":[{"id":102057,"href":"https:\/\/www.pauljorion.com\/blog\/wp-json\/wp\/v2\/posts\/102056\/revisions\/102057"}],"wp:attachment":[{"href":"https:\/\/www.pauljorion.com\/blog\/wp-json\/wp\/v2\/media?parent=102056"}],"wp:term":[{"taxonomy":"category","embeddable":true,"href":"https:\/\/www.pauljorion.com\/blog\/wp-json\/wp\/v2\/categories?post=102056"},{"taxonomy":"post_tag","embeddable":true,"href":"https:\/\/www.pauljorion.com\/blog\/wp-json\/wp\/v2\/tags?post=102056"}],"curies":[{"name":"wp","href":"https:\/\/api.w.org\/{rel}","templated":true}]}}