{"id":103824,"date":"2018-04-21T11:23:24","date_gmt":"2018-04-21T09:23:24","guid":{"rendered":"https:\/\/www.pauljorion.com\/blog\/?p=103824"},"modified":"2018-04-21T11:23:24","modified_gmt":"2018-04-21T09:23:24","slug":"pourquoi-jai-ecrit-defense-et-illustration-du-genre-humain-sortie-le-9-mai-2018","status":"publish","type":"post","link":"https:\/\/www.pauljorion.com\/blog\/2018\/04\/21\/pourquoi-jai-ecrit-defense-et-illustration-du-genre-humain-sortie-le-9-mai-2018\/","title":{"rendered":"Pourquoi j\u2019ai \u00e9crit <em>D\u00e9fense et illustration du genre humain<\/em>, sortie le 9 mai 2018"},"content":{"rendered":"<p><a href=\"https:\/\/www.pauljorion.com\/blog\/wp-content\/uploads\/COUV-Qui-e\u00cc\u0081tions-nous-3-2.jpg\"><img loading=\"lazy\" decoding=\"async\" class=\"alignleft size-medium wp-image-102858\" src=\"https:\/\/www.pauljorion.com\/blog\/wp-content\/uploads\/COUV-Qui-e\u00cc\u0081tions-nous-3-2-188x300.jpg\" alt=\"\" width=\"188\" height=\"300\" \/><\/a><\/p>\n<blockquote><p>Ouvert aux commentaires.<\/p><\/blockquote>\n<p>\u00ab Et dans cette immensit\u00e9, figurez-vous ce r\u00e9seau : des orbites de soleils reli\u00e9es par des ellipses de com\u00e8tes ; les com\u00e8tes jet\u00e9es comme des amarres d\u2019une n\u00e9buleuse \u00e0 l\u2019autre. Ajoutez les vitesses et les flamboiements, des astres faisant des courses de tonnerres. Ab\u00eemes, ab\u00eemes, ab\u00eemes. C\u2019est l\u00e0 le monde. \u00bb<br \/>\nVictor Hugo, <em>En voyage. Alpes et Pyr\u00e9n\u00e9es<\/em><\/p>\n<p><!--more-->Ici, je dresse l\u2019inventaire de ce que nous, \u00eatres humains, manifestations du vivant, avons pu comprendre jusqu\u2019ici de notre destin, j\u2019\u00e9value chaque \u00e9l\u00e9ment et je rassemble ces fragments pour en faire un tout, en esp\u00e9rant que ce tout assurera notre salut. Lequel est s\u00e9rieusement compromis aujourd\u2019hui soit du fait de notre indiff\u00e9rence, ou dit plus charitablement, du fait que nous ne nous en pr\u00e9occupons que de mani\u00e8re intermittente comme d\u2019une question secondaire sans urgence particuli\u00e8re, soit en raison de notre exigence pu\u00e9rile que toute solution, pour pouvoir \u00eatre prise en consid\u00e9ration, doive d\u00e9boucher sur un profit.<\/p>\n<p>En 2004, j\u2019ai eu le sentiment qu\u2019une catastrophe financi\u00e8re de tr\u00e8s grande ampleur se dessinait. Je travaillais alors aux \u00c9tats-Unis dans la finance, dans le secteur prime, le parent opulent d\u2019une famille o\u00f9 le parent pauvre avait pour nom subprime. Je me trouvais de fait en position de t\u00e9moin privil\u00e9gi\u00e9, et me voyant assign\u00e9e selon moi la responsabilit\u00e9 d\u2019avertir le monde des nuages qui s\u2019amoncelaient et de la temp\u00eate qui mena\u00e7ait.<\/p>\n<p>Au printemps 2005, le manuscrit de <em>La crise du capitalisme am\u00e9ricain<\/em> \u00e9tait pr\u00eat. Aucun des \u00e9conomistes \u00e0 qui les \u00e9diteurs que j\u2019avais sollicit\u00e9s le firent lire n\u2019\u00e9tait dispos\u00e9 \u00e0 croire qu\u2019une crise \u00e9tait en pr\u00e9paration et il me fallut pr\u00e8s de deux ans d\u2019efforts avant que le livre ne soit publi\u00e9.<\/p>\n<p>La crise du capitalisme am\u00e9ricain parut en janvier 2007. L\u2019\u00e9diteur, toujours quelque peu sceptique, en avait transform\u00e9 le titre sur un mode interrogatif en <em>Vers la crise du capitalisme am\u00e9ricain ?<\/em> (le titre original serait r\u00e9tabli lors du retirage en 2009 chez un nouvel \u00e9diteur). La crise d\u00e9buta le mois suivant quand les titres adoss\u00e9s \u00e0 des pr\u00eats au logement subprime perdirent brutalement de leur valeur. Elle culmina en septembre de l\u2019ann\u00e9e suivante quand le syst\u00e8me financier s\u2019effondra brutalement \u00e0 la suite de la faillite de la banque d\u2019investissement Lehman Brothers, n\u00e9cessitant pour son sauvetage l\u2019injection par les banques centrales de plusieurs milliers de milliards de dollars, de yens et d\u2019euros.<\/p>\n<p>Le livre parut suffisamment t\u00f4t pour que le m\u00e9rite d\u2019avoir annonc\u00e9 la crise me f\u00fbt reconnu mais trop tard pour avoir aucun impact sur la suite des \u00e9v\u00e9nements.<br \/>\nParaissant en 2005 au moment o\u00f9 il \u00e9tait d\u00e9j\u00e0 pr\u00eat, aurait-il r\u00e9ellement pu pr\u00e9venir la crise ? \u00c0 la lumi\u00e8re d\u2019\u00e9v\u00e9nements ult\u00e9rieurs, j\u2019en doute tr\u00e8s s\u00e9rieusement. Dix ans plus tard en effet, en 2014, je fus saisi du m\u00eame sentiment qu\u2019un d\u00e9sastre pointait \u00e0 l\u2019horizon et qu\u2019il \u00e9tait de mon devoir d\u2019alerter mon prochain. Ma r\u00e9putation d\u2019avoir \u00e9t\u00e9 \u00ab l\u2019homme (ou l\u2019un des tr\u00e8s rares) ayant annonc\u00e9 la crise des subprimes \u00bb me servit cette fois : le manuscrit fut termin\u00e9 fin 2015 et Le dernier qui s&rsquo;en va \u00e9teint la lumi\u00e8re. Essai sur l\u2019extinction de l\u2019humanit\u00e9 fut publi\u00e9 en mars 2016.<\/p>\n<p>Si la crise des subprimes avait \u00e9t\u00e9 catastrophique, l\u2019extinction du genre humain s\u2019annon\u00e7ait comme un d\u00e9sastre encore bien plus formidable.<\/p>\n<p>Mes h\u00f4tes \u00e0 la radio ou \u00e0 la t\u00e9l\u00e9vision eurent l\u2019amabilit\u00e9 de me pr\u00e9senter dans des termes comme ceux-ci : \u00ab Il nous parle sans doute de l\u2019extinction de l\u2019homme mais ne prenons pas cela \u00e0 la l\u00e9g\u00e8re : souvenez-vous, parmi quelques tr\u00e8s rares analystes seulement, il avait annonc\u00e9 la crise des subprimes ! \u00bb.<\/p>\n<p>S\u2019il me prenait l\u2019envie maintenant de me plaindre de la r\u00e9ception de <em>Le dernier qui s&rsquo;en va \u00e9teint la lumi\u00e8re<\/em>, mon \u00e9diteur me jugerait ingrat : il s\u2019agit en effet de mon livre qui s\u2019est le mieux vendu, une traduction en chinois va para\u00eetre, une traduction en allemand est en cours, et l\u2019ouvrage est d\u00e9sormais disponible en livre de poche.<\/p>\n<p>Mais au risque de me montrer ingrat en effet, je voudrais souligner cependant ceci : quand on annonce l\u2019extinction du genre humain, l\u2019objectif n\u2019est pas de vendre son livre : il est de sonner l\u2019alarme en vue d\u2019un \u00e9veil des consciences et d\u2019une mobilisation des \u00e9nergies. Et pour ce qui touche \u00e0 cela, mes efforts sont rest\u00e9s vains.<\/p>\n<p>Or le temps presse. Le temps presse de deux mani\u00e8res. Objectivement parce que tout se d\u00e9fait autour de nous, et subjectivement, parce que j\u2019ai soixante-et-onze ans, et que si j\u2019ambitionne de continuer \u00e0 peser sur la suite des affaires, les statistiques me donnent encore 13 ann\u00e9es en moyenne, sans compter que, comme tout un chacun, je suis \u00e0 la merci des al\u00e9as de la vie.<\/p>\n<p>Vu le faible r\u00e9sultat obtenu jusqu\u2019ici en tant que lanceur d\u2019alerte sur la question de l\u2019extinction du genre humain, je n\u2019ai d\u2019autre choix que de persister pour tenter de susciter un plus grand int\u00e9r\u00eat, et surtout, l\u2019engagement d\u2019un plus grand nombre de mes contemporains en vue de renverser la vapeur.<\/p>\n<p>Il est vrai que dans mon ouvrage pr\u00e9c\u00e9dent je ne me suis nullement pr\u00e9occup\u00e9 de justifier que l\u2019extinction menace v\u00e9ritablement : je me suis content\u00e9 de signaler que les personnalit\u00e9s les plus dignes de confiance sur le sujet l\u2019affirment, pour passer sans transition \u00e0 la question que j\u2019entendais \u00e9clairer : sommes-nous outill\u00e9s pour la pr\u00e9venir ? La conclusion \u00e0 laquelle je parvenais \u00e9tait que nous sommes tr\u00e8s mal \u00e9quip\u00e9s pour emp\u00eacher l\u2019extinction, ce qui rend la mobilisation d\u2019autant plus n\u00e9cessaire et pressante. Y parviendrons-nous toutefois ? Je laissais la question sans r\u00e9ponse. Si ce devait ne pas \u00eatre le cas, nous \u00e9prouverions toutefois la consolation d\u2019avoir \u00e9t\u00e9 un accident dans l\u2019histoire de l\u2019univers tout sp\u00e9cialement remarquable, ayant laiss\u00e9 apr\u00e8s nous une g\u00e9n\u00e9ration de machines ultrasophistiqu\u00e9es capables de nous survivre si nous les pourvoyons de cette facult\u00e9, voire d\u2019entreprendre cette colonisation des \u00e9toiles que nous aurions \u00e9chou\u00e9 \u00e0 r\u00e9aliser nous-m\u00eames.<\/p>\n","protected":false},"excerpt":{"rendered":"<p><a href=\"https:\/\/www.pauljorion.com\/blog\/wp-content\/uploads\/COUV-Qui-e\u00cc\u0081tions-nous-3-2.jpg\"><img loading=\"lazy\" decoding=\"async\" class=\"alignleft size-medium wp-image-102858\" src=\"https:\/\/www.pauljorion.com\/blog\/wp-content\/uploads\/COUV-Qui-e\u00cc\u0081tions-nous-3-2-188x300.jpg\" alt=\"\" width=\"188\" height=\"300\" \/><\/a><\/p>\n<blockquote>\n<p>Ouvert aux commentaires.<\/p>\n<\/blockquote>\n<p>\u00ab Et dans cette immensit\u00e9, figurez-vous ce r\u00e9seau : des orbites de soleils reli\u00e9es par des ellipses de com\u00e8tes ; les com\u00e8tes jet\u00e9es comme des amarres d\u2019une n\u00e9buleuse \u00e0 l\u2019autre. Ajoutez les vitesses et les flamboiements, des astres faisant des courses de [&hellip;]<\/p>\n","protected":false},"author":1,"featured_media":0,"comment_status":"open","ping_status":"closed","sticky":false,"template":"","format":"standard","meta":{"footnotes":""},"categories":[5853],"tags":[5854],"class_list":["post-103824","post","type-post","status-publish","format-standard","hentry","category-defense-et-illustration-du-genre-humain","tag-defense-et-illustration-du-genre-humain"],"_links":{"self":[{"href":"https:\/\/www.pauljorion.com\/blog\/wp-json\/wp\/v2\/posts\/103824","targetHints":{"allow":["GET"]}}],"collection":[{"href":"https:\/\/www.pauljorion.com\/blog\/wp-json\/wp\/v2\/posts"}],"about":[{"href":"https:\/\/www.pauljorion.com\/blog\/wp-json\/wp\/v2\/types\/post"}],"author":[{"embeddable":true,"href":"https:\/\/www.pauljorion.com\/blog\/wp-json\/wp\/v2\/users\/1"}],"replies":[{"embeddable":true,"href":"https:\/\/www.pauljorion.com\/blog\/wp-json\/wp\/v2\/comments?post=103824"}],"version-history":[{"count":4,"href":"https:\/\/www.pauljorion.com\/blog\/wp-json\/wp\/v2\/posts\/103824\/revisions"}],"predecessor-version":[{"id":103828,"href":"https:\/\/www.pauljorion.com\/blog\/wp-json\/wp\/v2\/posts\/103824\/revisions\/103828"}],"wp:attachment":[{"href":"https:\/\/www.pauljorion.com\/blog\/wp-json\/wp\/v2\/media?parent=103824"}],"wp:term":[{"taxonomy":"category","embeddable":true,"href":"https:\/\/www.pauljorion.com\/blog\/wp-json\/wp\/v2\/categories?post=103824"},{"taxonomy":"post_tag","embeddable":true,"href":"https:\/\/www.pauljorion.com\/blog\/wp-json\/wp\/v2\/tags?post=103824"}],"curies":[{"name":"wp","href":"https:\/\/api.w.org\/{rel}","templated":true}]}}