{"id":104070,"date":"2018-05-06T10:43:25","date_gmt":"2018-05-06T08:43:25","guid":{"rendered":"https:\/\/www.pauljorion.com\/blog\/?p=104070"},"modified":"2018-05-09T08:35:17","modified_gmt":"2018-05-09T06:35:17","slug":"les-reclusiennes-du-4-au-8-juillet-a-sainte-foy-la-grande","status":"publish","type":"post","link":"https:\/\/www.pauljorion.com\/blog\/2018\/05\/06\/les-reclusiennes-du-4-au-8-juillet-a-sainte-foy-la-grande\/","title":{"rendered":"Les Reclusiennes du 4 au 8 juillet \u00e0 Sainte-Foy-la-Grande"},"content":{"rendered":"<p><iframe loading=\"lazy\" width=\"700\" height=\"394\" src=\"https:\/\/www.youtube.com\/embed\/PeJucOvU_fc\" class=\"aligncenter\" frameborder=\"0\" allow=\"autoplay; encrypted-media\" allowfullscreen><\/iframe><\/p>\n<p><a href=\"https:\/\/www.reclusiennes.com\/\" rel=\"noopener\" target=\"_blank\">Les Reclusiennes<\/a> du 4 au 8 juillet \u00e0 Sainte-Foy-la-Grande, avec Jean-Michel Toulouse, Fabien Colombo, Philippe Pelletier, Marc Sahraoui, Thierry Oblet, Olivier Chadoin, Franck Cormerais, Paul Jorion, Nathalie Loubeyre, C\u00e9dric Labrosse, Jean-Luc Richelle, Jacques Puyaubert, C\u00e9sar Huertas, Marie Cuillerai, Philippe Labansat, Bernard Traimond, Jean-Marie Harribey, Philippe B\u00e9raud, Isabelle Rigoni, Marie Poinsot, Chantal Crenn, Taoufik Karbia, Ma\u00eftena Armaniagues, David Graeber, Vincent Bonnecase, Sonia Pradine, Lydie Arbogas, Boris Samuel.<\/p>\n","protected":false},"excerpt":{"rendered":"<p><iframe loading=\"lazy\" width=\"700\" height=\"394\" src=\"https:\/\/www.youtube.com\/embed\/PeJucOvU_fc\" class=\"aligncenter\" frameborder=\"0\" allow=\"autoplay; encrypted-media\" allowfullscreen><\/iframe><\/p>\n<p><a href=\"https:\/\/www.reclusiennes.com\/\" rel=\"noopener\" target=\"_blank\">Les Reclusiennes<\/a> du 4 au 8 juillet \u00e0 Sainte-Foy-la-Grande, avec Jean-Michel Toulouse, Fabien Colombo, Philippe Pelletier, Marc Sahraoui, Thierry Oblet, Olivier Chadoin, Franck Cormerais, Paul Jorion, Nathalie Loubeyre, C\u00e9dric Labrosse, Jean-Luc Richelle, Jacques Puyaubert, C\u00e9sar Huertas, Marie Cuillerai, Philippe Labansat, Bernard Traimond, Jean-Marie [&hellip;]<\/p>\n","protected":false},"author":1,"featured_media":0,"comment_status":"closed","ping_status":"closed","sticky":false,"template":"","format":"standard","meta":{"footnotes":""},"categories":[5375,5027,5367],"tags":[5894,5895],"class_list":["post-104070","post","type-post","status-publish","format-standard","hentry","category-un-monde-sans-argent","category-capitalisme","category-gratuite","tag-les-reclusiennes","tag-sainte-foy-la-grande"],"_links":{"self":[{"href":"https:\/\/www.pauljorion.com\/blog\/wp-json\/wp\/v2\/posts\/104070","targetHints":{"allow":["GET"]}}],"collection":[{"href":"https:\/\/www.pauljorion.com\/blog\/wp-json\/wp\/v2\/posts"}],"about":[{"href":"https:\/\/www.pauljorion.com\/blog\/wp-json\/wp\/v2\/types\/post"}],"author":[{"embeddable":true,"href":"https:\/\/www.pauljorion.com\/blog\/wp-json\/wp\/v2\/users\/1"}],"replies":[{"embeddable":true,"href":"https:\/\/www.pauljorion.com\/blog\/wp-json\/wp\/v2\/comments?post=104070"}],"version-history":[{"count":2,"href":"https:\/\/www.pauljorion.com\/blog\/wp-json\/wp\/v2\/posts\/104070\/revisions"}],"predecessor-version":[{"id":104167,"href":"https:\/\/www.pauljorion.com\/blog\/wp-json\/wp\/v2\/posts\/104070\/revisions\/104167"}],"wp:attachment":[{"href":"https:\/\/www.pauljorion.com\/blog\/wp-json\/wp\/v2\/media?parent=104070"}],"wp:term":[{"taxonomy":"category","embeddable":true,"href":"https:\/\/www.pauljorion.com\/blog\/wp-json\/wp\/v2\/categories?post=104070"},{"taxonomy":"post_tag","embeddable":true,"href":"https:\/\/www.pauljorion.com\/blog\/wp-json\/wp\/v2\/tags?post=104070"}],"curies":[{"name":"wp","href":"https:\/\/api.w.org\/{rel}","templated":true}]}}