{"id":104328,"date":"2018-05-14T18:28:11","date_gmt":"2018-05-14T16:28:11","guid":{"rendered":"https:\/\/www.pauljorion.com\/blog\/?p=104328"},"modified":"2018-05-14T18:28:11","modified_gmt":"2018-05-14T16:28:11","slug":"defense-et-illustration-du-genre-humain-conclusion-vi-en-librairie-le-16-mai","status":"publish","type":"post","link":"https:\/\/www.pauljorion.com\/blog\/2018\/05\/14\/defense-et-illustration-du-genre-humain-conclusion-vi-en-librairie-le-16-mai\/","title":{"rendered":"\u00ab D\u00e9fense et illustration du genre humain \u00bb, Conclusion (VI), en librairie le 16 mai"},"content":{"rendered":"<p><a href=\"https:\/\/www.pauljorion.com\/blog\/wp-content\/uploads\/COUV-Qui-e\u00cc\u0081tions-nous-3-2.jpg\"><img loading=\"lazy\" decoding=\"async\" class=\"alignleft\" src=\"https:\/\/www.pauljorion.com\/blog\/wp-content\/uploads\/COUV-Qui-e\u00cc\u0081tions-nous-3-2.jpg\" alt=\"\" width=\"200\" height=\"320\" \/><\/a><\/p>\n<p class=\"p1\">Nous organisons notre vie autour d\u2019une id\u00e9e de \u00ab\u00a0la personne que je suis\u00a0\u00bb, qui s\u2019articule tout enti\u00e8re autour d\u2019un c\u0153ur qui est ce discours autobiographique que nous b\u00e2tissons \u00e0 partir de la lecture que nous faisons, avec toujours un temps de retard, de nos propres actes. Un discours qui, pour qu\u2019il ait valeur convaincante aupr\u00e8s d\u2019autrui, est r\u00e9organis\u00e9 en fonction des exigences de cette <i>raison<\/i> qui nous aide \u00e0 y mettre un peu d\u2019ordre et \u00e0 y lire la coh\u00e9rence qui aurait pr\u00e9sid\u00e9, en principe, aux d\u00e9cisions que nous affirmons prendre, \u00e0 partir d\u2019une image tr\u00e8s floue en r\u00e9alit\u00e9 de la v\u00e9ritable identit\u00e9 du \u00ab\u00a0nous\u00a0\u00bb en question.<\/p>\n<p class=\"p1\">Faudrait-il, \u00e0 l\u2019instar des transhumanistes, prendre au s\u00e9rieux les hautes aspirations que <i>lalangue<\/i> et la <i>rationalit\u00e9<\/i> combin\u00e9es nous ont souffl\u00e9es \u00e0 l\u2019oreille et nous d\u00e9barrasser de ce corps indigent que la biologie, fa\u00e7onn\u00e9e au fil des g\u00e9n\u00e9rations par la s\u00e9lection darwinienne, nous a l\u00e9gu\u00e9 et qui, bien plus encore qu\u2019un handicap, constituerait le v\u00e9ritable obstacle \u00e0 leur r\u00e9alisation\u00a0?<\/p>\n<p class=\"p1\"><!--more-->Faudrait-il plut\u00f4t poser sur ces hautes aspirations un regard lucidement critique, prendre conscience du caract\u00e8re d\u00e9risoire de leurs pr\u00e9tentions, et accepter qu\u2019il ne s\u2019agisse jamais avec le sort des hommes que d\u2019une <i>trag\u00e9die\u00a0<\/i>: que d\u2019entr\u00e9e de jeu la donne a \u00e9t\u00e9 biais\u00e9e, massivement, en notre d\u00e9faveur. Le po\u00e8te (et divin dramaturge) n\u2019a-t-il pas dit\u00a0:<\/p>\n<blockquote><p>\u00ab\u00a0La vie n&rsquo;est qu&rsquo;une ombre ambulante<br \/>\nUn pauvre acteur qui cabotine et s&rsquo;agite<br \/>\nDurant son heure de sc\u00e8ne<br \/>\nEt dont on n&rsquo;entend ensuite plus parler.<br \/>\nIl s&rsquo;agit d&rsquo;un conte racont\u00e9 par un idiot<br \/>\nRempli de vacarme et de fureur,<br \/>\nNe signifiant rien\u00a0\u00bb<\/p>\n<p>(Shakespeare, <i>Macbeth<\/i>, 5\u00a0: 5).<\/p><\/blockquote>\n<p class=\"p1\">Ou bien encore faudrait-il tirer les cons\u00e9quences du fait que ce discours autobiographique ne d\u00e9collera jamais de son statut de fiction\u00a0? Et organiser d\u00e9sormais l\u2019image de \u00ab\u00a0la personne que je suis\u00a0\u00bb autour d\u2019autre chose, par exemple d\u2019un Graal en qu\u00eate de quoi se mettre en chemin ou de moulins \u00e0 vent \u00e0 combattre et \u00e0 vaincre, voire m\u00eame, et c\u2019est sur quoi une psychanalyse r\u00e9ussie d\u00e9bouche\u00a0: abandonner enti\u00e8rement la notion de \u00ab\u00a0la personne que je suis\u00a0\u00bb, par quoi l\u2019on rejoint le <i>wu-wei<\/i> du tao\u00efsme, un <i>moins-agissant<\/i> \u00e0 ne pas confondre surtout avec un <i>non-agissant<\/i> car il correspond bien davantage \u00e0 l\u2019art de vivre du baigneur qu\u2019\u00e9voquait Tchouang-tseu\u00a0: \u00ab\u00a0Je me laisse aspirer par l\u2019entonnoir du tourbillon, puis rejeter dans le remous autour.\u00a0\u00bb<\/p>\n<p>(\u00e0 suivre&#8230;)<\/p>\n","protected":false},"excerpt":{"rendered":"<p><a href=\"https:\/\/www.pauljorion.com\/blog\/wp-content\/uploads\/COUV-Qui-e\u00cc\u0081tions-nous-3-2.jpg\"><img loading=\"lazy\" decoding=\"async\" class=\"alignleft\" src=\"https:\/\/www.pauljorion.com\/blog\/wp-content\/uploads\/COUV-Qui-e\u00cc\u0081tions-nous-3-2.jpg\" alt=\"\" width=\"200\" height=\"320\" \/><\/a><\/p>\n<p class=\"p1\">Nous organisons notre vie autour d\u2019une id\u00e9e de \u00ab\u00a0la personne que je suis\u00a0\u00bb, qui s\u2019articule tout enti\u00e8re autour d\u2019un c\u0153ur qui est ce discours autobiographique que nous b\u00e2tissons \u00e0 partir de la lecture que nous faisons, avec toujours un temps de retard, de nos propres actes. [&hellip;]<\/p>\n","protected":false},"author":1,"featured_media":0,"comment_status":"closed","ping_status":"closed","sticky":false,"template":"","format":"standard","meta":{"footnotes":""},"categories":[5853],"tags":[5854],"class_list":["post-104328","post","type-post","status-publish","format-standard","hentry","category-defense-et-illustration-du-genre-humain","tag-defense-et-illustration-du-genre-humain"],"_links":{"self":[{"href":"https:\/\/www.pauljorion.com\/blog\/wp-json\/wp\/v2\/posts\/104328","targetHints":{"allow":["GET"]}}],"collection":[{"href":"https:\/\/www.pauljorion.com\/blog\/wp-json\/wp\/v2\/posts"}],"about":[{"href":"https:\/\/www.pauljorion.com\/blog\/wp-json\/wp\/v2\/types\/post"}],"author":[{"embeddable":true,"href":"https:\/\/www.pauljorion.com\/blog\/wp-json\/wp\/v2\/users\/1"}],"replies":[{"embeddable":true,"href":"https:\/\/www.pauljorion.com\/blog\/wp-json\/wp\/v2\/comments?post=104328"}],"version-history":[{"count":3,"href":"https:\/\/www.pauljorion.com\/blog\/wp-json\/wp\/v2\/posts\/104328\/revisions"}],"predecessor-version":[{"id":104343,"href":"https:\/\/www.pauljorion.com\/blog\/wp-json\/wp\/v2\/posts\/104328\/revisions\/104343"}],"wp:attachment":[{"href":"https:\/\/www.pauljorion.com\/blog\/wp-json\/wp\/v2\/media?parent=104328"}],"wp:term":[{"taxonomy":"category","embeddable":true,"href":"https:\/\/www.pauljorion.com\/blog\/wp-json\/wp\/v2\/categories?post=104328"},{"taxonomy":"post_tag","embeddable":true,"href":"https:\/\/www.pauljorion.com\/blog\/wp-json\/wp\/v2\/tags?post=104328"}],"curies":[{"name":"wp","href":"https:\/\/api.w.org\/{rel}","templated":true}]}}