{"id":104390,"date":"2018-05-16T16:13:29","date_gmt":"2018-05-16T14:13:29","guid":{"rendered":"https:\/\/www.pauljorion.com\/blog\/?p=104390"},"modified":"2018-05-16T16:13:29","modified_gmt":"2018-05-16T14:13:29","slug":"defense-et-illustration-du-genre-humain-un-outil-de-resistance-2","status":"publish","type":"post","link":"https:\/\/www.pauljorion.com\/blog\/2018\/05\/16\/defense-et-illustration-du-genre-humain-un-outil-de-resistance-2\/","title":{"rendered":"\u00ab\u00a0D\u00e9fense et illustration du genre humain\u00a0\u00bb : Un outil de r\u00e9sistance"},"content":{"rendered":"<p><a href=\"https:\/\/www.pauljorion.com\/blog\/wp-content\/uploads\/COUV-Qui-e\u00cc\u0081tions-nous-3-2.jpg\"><img loading=\"lazy\" decoding=\"async\" class=\"alignleft width=\" src=\"https:\/\/www.pauljorion.com\/blog\/wp-content\/uploads\/COUV-Qui-e\u00cc\u0081tions-nous-3-2.jpg\" alt=\"\" width=\"200\" height=\"320\" \/><\/a><\/p>\n<blockquote><p>Retranscription de <a href=\"https:\/\/www.pauljorion.com\/blog\/2018\/05\/11\/defense-et-illustration-du-genre-humain-un-outil-de-resistance\/\" target=\"_blank\" rel=\"noopener\">\u00ab\u00a0D\u00e9fense et illustration du genre humain\u00a0\u00bb : Un outil de r\u00e9sistance<\/a>. Merci \u00e0 Cyril Touboulic !<\/p><\/blockquote>\n<p class=\"p1\"><span class=\"s1\">Bonjour, nous sommes le 11 mai 2018, et dans cinq jours (le 16 mai) [aujourd\u2019hui], para\u00eet ce livre (<i>D\u00e9fense et illustration du genre humain<\/i>). Et dans ce livre, il y a pas mal de choses et il y a en particulier une centaine de pages qui sont consacr\u00e9es \u00e0 la technique, \u00e0 la technologie.<\/span><\/p>\n<p class=\"p1\"><span class=\"s1\">J\u2019y parle du transhumanisme, je parle des tentatives que nous faisons maintenant de r\u00e9aliser, peut-\u00eatre, l&rsquo;immortalit\u00e9 individuelle, je parle de la technique et de la technologie en g\u00e9n\u00e9ral, en rapport, en particulier avec l&rsquo;intelligence artificielle.<\/span><\/p>\n<p class=\"p1\"><span class=\"s1\">Vous le savez, je ne suis pas un pamphl\u00e9taire. Donc je ne vais pas vous dire\u00a0: \u00ab\u00a0Je suis pour ou contre le transhumanisme&#8230; pour ou contre la technique&#8230; pour ou contre l&rsquo;immortalit\u00e9 individuelle\u00a0\u00bb, non,<span class=\"Apple-converted-space\">\u00a0 <\/span>j&rsquo;essaye d&rsquo;extraire de tout \u00e7a,<span class=\"Apple-converted-space\">\u00a0 <\/span>j&rsquo;essaye d&rsquo;extraire de ce qui est en train de se passer, un certain savoir et de mettre tout ce savoir ensemble avec des tas de r\u00e9flexions d\u2019autres sur l\u2019histoire : sur celle des penseurs importants,\u00a0essayer de constituer un outil. Un outil qui nous permettrait de lutter contre l&rsquo;extinction.<\/span><\/p>\n<p><!--more--><\/p>\n<p class=\"p1\"><span class=\"s1\">Vous connaissez ce livre, je vous l&rsquo;ai d\u00e9j\u00e0 montr\u00e9, il existe en fran\u00e7ais aussi (<i>\u00c0 ouvrir en cas d&rsquo;apocalypse<\/i>)\u00a0: <i>The Knowledge: How To Rebuild Our World After An Apocalypse<\/i> (2014), une tentative qui a \u00e9t\u00e9 faite de mettre&#8230; il faut que je les mette ensemble, voil\u00e0, je les mets ensemble. Pourquoi je les mets ensemble\u00a0? Parce que l&rsquo;un, le rouge (<i>The Knowledge<\/i>), c&rsquo;est celui qui nous permettra de reconstruire apr\u00e8s l&rsquo;apocalypse, et le vert (<i>D\u00e9fense et illustration du genre humain<\/i>), c&rsquo;est celui qui nous permettra de lutter pour qu&rsquo;elle n&rsquo;arrive pas.<\/span><\/p>\n<p class=\"p1\"><span class=\"s1\">Alors, vous savez, ce livre, je sais d\u00e9j\u00e0 qu&rsquo;il aura un certain destin. Je sais qu&rsquo;on y attachera de l&rsquo;importance en Chine. Pourquoi\u00a0? Parce qu&rsquo;on attache de l&rsquo;importance en Chine, en ce moment, \u00e0 tout ce que j&rsquo;ai pu \u00e9crire et les Chinois ont l&rsquo;amabilit\u00e9, comme vous avez pu le voir, de consid\u00e9rer que je suis un des grands penseurs, un des penseurs qui comptent, dans la gauche contemporaine.<\/span><\/p>\n<p class=\"p1\"><span class=\"s1\">Je sais que ce livre sera lu l\u00e0-bas. Mais ce que je voudrais aussi, c&rsquo;est qu&rsquo;il soit lu chez nous. Qu&rsquo;on ne dise pas en Chine\u00a0: \u00ab\u00a0Regardez, ils sont comme les lapins dans les phares de la bagnole qui arrive, ils sont pris compl\u00e8tement dans le <\/span><span class=\"s2\"><i>trip destroy<\/i><\/span><span class=\"s1\"> de M. Trump, et ils sont l\u00e0 \u00e0 regarder avec des yeux ronds. Ils ne savent pas quoi faire !\u00a0\u00bb<\/span><\/p>\n<p class=\"p1\"><span class=\"s1\">Il ne faut pas que l&rsquo;image s&rsquo;installe que nous avons d\u00e9j\u00e0 baiss\u00e9 les bras. Il faut que ce livre soit lu, aussi discut\u00e9, que vous le lisiez, que vous le montriez autour de vous, que vous le fassiez lire, parce que c&rsquo;est un outil de r\u00e9sistance et nous avons bien besoin en ce moment, chez nous, d&rsquo;outils de r\u00e9sistance.<\/span><\/p>\n<p class=\"p2\"><span class=\"s1\">Voil\u00e0, merci\u00a0!<\/span><\/p>\n","protected":false},"excerpt":{"rendered":"<p><a href=\"https:\/\/www.pauljorion.com\/blog\/wp-content\/uploads\/COUV-Qui-e\u00cc\u0081tions-nous-3-2.jpg\"><img loading=\"lazy\" decoding=\"async\" class=\"alignleft width=\" src=\"https:\/\/www.pauljorion.com\/blog\/wp-content\/uploads\/COUV-Qui-e\u00cc\u0081tions-nous-3-2.jpg\" alt=\"\" width=\"200\" height=\"320\" \/><\/a><\/p>\n<blockquote>\n<p>Retranscription de <a href=\"https:\/\/www.pauljorion.com\/blog\/2018\/05\/11\/defense-et-illustration-du-genre-humain-un-outil-de-resistance\/\" target=\"_blank\" rel=\"noopener\">\u00ab\u00a0D\u00e9fense et illustration du genre humain\u00a0\u00bb : Un outil de r\u00e9sistance<\/a>. Merci \u00e0 Cyril Touboulic !<\/p>\n<\/blockquote>\n<p class=\"p1\"><span class=\"s1\">Bonjour, nous sommes le 11 mai 2018, et dans cinq jours (le 16 mai) [aujourd\u2019hui], para\u00eet ce livre (<i>D\u00e9fense et illustration du genre [&hellip;]<\/i><\/span><\/p>\n","protected":false},"author":1,"featured_media":0,"comment_status":"closed","ping_status":"closed","sticky":false,"template":"","format":"standard","meta":{"footnotes":""},"categories":[5853,4489],"tags":[5854,40],"class_list":["post-104390","post","type-post","status-publish","format-standard","hentry","category-defense-et-illustration-du-genre-humain","category-chine","tag-defense-et-illustration-du-genre-humain","tag-chine"],"_links":{"self":[{"href":"https:\/\/www.pauljorion.com\/blog\/wp-json\/wp\/v2\/posts\/104390","targetHints":{"allow":["GET"]}}],"collection":[{"href":"https:\/\/www.pauljorion.com\/blog\/wp-json\/wp\/v2\/posts"}],"about":[{"href":"https:\/\/www.pauljorion.com\/blog\/wp-json\/wp\/v2\/types\/post"}],"author":[{"embeddable":true,"href":"https:\/\/www.pauljorion.com\/blog\/wp-json\/wp\/v2\/users\/1"}],"replies":[{"embeddable":true,"href":"https:\/\/www.pauljorion.com\/blog\/wp-json\/wp\/v2\/comments?post=104390"}],"version-history":[{"count":2,"href":"https:\/\/www.pauljorion.com\/blog\/wp-json\/wp\/v2\/posts\/104390\/revisions"}],"predecessor-version":[{"id":104393,"href":"https:\/\/www.pauljorion.com\/blog\/wp-json\/wp\/v2\/posts\/104390\/revisions\/104393"}],"wp:attachment":[{"href":"https:\/\/www.pauljorion.com\/blog\/wp-json\/wp\/v2\/media?parent=104390"}],"wp:term":[{"taxonomy":"category","embeddable":true,"href":"https:\/\/www.pauljorion.com\/blog\/wp-json\/wp\/v2\/categories?post=104390"},{"taxonomy":"post_tag","embeddable":true,"href":"https:\/\/www.pauljorion.com\/blog\/wp-json\/wp\/v2\/tags?post=104390"}],"curies":[{"name":"wp","href":"https:\/\/api.w.org\/{rel}","templated":true}]}}