{"id":104913,"date":"2018-06-16T00:14:59","date_gmt":"2018-06-15T22:14:59","guid":{"rendered":"https:\/\/www.pauljorion.com\/blog\/?p=104913"},"modified":"2018-06-16T00:26:03","modified_gmt":"2018-06-15T22:26:03","slug":"brexit-coree-du-nord-le-monde-entre-dans-une-grande-bifurcation-retranscription","status":"publish","type":"post","link":"https:\/\/www.pauljorion.com\/blog\/2018\/06\/16\/brexit-coree-du-nord-le-monde-entre-dans-une-grande-bifurcation-retranscription\/","title":{"rendered":"Brexit \/ Cor\u00e9e du Nord &#8211; Le monde entre dans une grande bifurcation &#8211; Retranscription"},"content":{"rendered":"<blockquote><p>Retranscription de <a href=\"https:\/\/www.pauljorion.com\/blog\/2018\/06\/12\/brexit-coree-du-nord-le-monde-entre-dans-une-grande-bifurcation\/\" target=\"_blank\" rel=\"noopener\">Brexit \/ Cor\u00e9e du Nord &#8211; Le monde entre dans une grande bifurcation<\/a>. Merci \u00e0 Marianne Oppitz !<\/p><\/blockquote>\n<p>Bonjour, nous sommes le 12 juin 2018 et je vous parle d\u2019une cellule au monast\u00e8re de Ganagobie &#8211; \u00e0 l\u2019<a href=\"https:\/\/fr.wikipedia.org\/wiki\/Abbaye_Notre-Dame_de_Ganagobie\" target=\"_blank\" rel=\"noopener\">Abbaye de Ganagobie<\/a>, dans le Midi &#8211; o\u00f9 j\u2019ai \u00e9t\u00e9 invit\u00e9 \u00e0 venir \u00e9voquer pendant 2 jours &#8211; avec les \u00e9conomes des abbayes cisterciennes et b\u00e9n\u00e9dictines &#8211; de l\u2019\u00e9conomie et en particulier de l\u2019avenir de l\u2019emploi et du travail.<\/p>\n<p><a href=\"https:\/\/www.pauljorion.com\/blog\/wp-content\/uploads\/20180612_181511-e1529100664287.jpg\"><img loading=\"lazy\" decoding=\"async\" src=\"https:\/\/www.pauljorion.com\/blog\/wp-content\/uploads\/20180612_181511-e1529100664287.jpg\" alt=\"\" width=\"350\" height=\"466\" class=\"aligncenter size-full wp-image-104916\" srcset=\"https:\/\/www.pauljorion.com\/blog\/wp-content\/uploads\/20180612_181511-e1529100664287.jpg 3096w, https:\/\/www.pauljorion.com\/blog\/wp-content\/uploads\/20180612_181511-e1529100664287-225x300.jpg 225w, https:\/\/www.pauljorion.com\/blog\/wp-content\/uploads\/20180612_181511-e1529100664287-768x1024.jpg 768w\" sizes=\"auto, (max-width: 350px) 100vw, 350px\" \/><\/a><br \/>\n<!--more--><\/p>\n<p>Pendant ce temps l\u00e0, le monde continue \u00e0 \u00e9voluer. Il y a, en Grande-Bretagne, un vote en ce moment \u2013 aujourd\u2019hui et demain \u2013 sur les questions de savoir si on remet en question, enti\u00e8rement, la d\u00e9cision abominable et irr\u00e9fl\u00e9chie de sortir de l\u2019Union Europ\u00e9enne. Les Lords ont trouv\u00e9 un moyen, en fait, de renverser la d\u00e9cision par une s\u00e9rie d\u2019amendements qu\u2019ils ont vot\u00e9s et qui vont \u00eatre discut\u00e9s maintenant au Parlement. Si tout se passe bien \u2013 de mon point de vue \u2013 ils renverseront la d\u00e9cision du Brexit. Ils peuvent m\u00eame demander \u00e0 ce qu\u2019il y ait un nouveau referendum en mettant, cette fois, les Britanniques devant un choix &#8211; devant des chiffres, des chiffres v\u00e9ritables &#8211; sur ce qui se passerait et sur l\u2019impossibilit\u00e9 de revenir sur des int\u00e9grations successives, en particulier, par rapport \u00e0 l\u2019Irlande, il y a un choix impossible pour l\u2019Angleterre\u00a0: soit de donner l\u2019ind\u00e9pendance \u00e0 la province de l\u2019Irlande du Nord \u2013 encore appel\u00e9e \u00ab\u00a0Ulster\u00a0\u00bb par les Protestants &#8211; ou bien de r\u00e9introduire une fronti\u00e8re dure entre les deux parties de l\u2019\u00eele que constitue l\u2019Irlande\u00a0: la R\u00e9publique d\u2019Irlande et le Royaume-Uni.<\/p>\n<p>Tout \u00e7a \u00e9tait connu, tout \u00e7a \u00e9tait pr\u00e9visible. J\u2019en avais parl\u00e9 avant qu\u2019il y ait le Brexit et tous ces braves gens ont pr\u00e9f\u00e9r\u00e9 s\u2019entre-d\u00e9chirer au sein du parti conservateur britannique plut\u00f4t que de mettre les chiffres sur la table, plut\u00f4t que de discuter de quoi il retourne. On sait maintenant que M. <a href=\"https:\/\/fr.wikipedia.org\/wiki\/Stephen_Bannon\" target=\"_blank\" rel=\"noopener\">Steve Bannon<\/a> &#8211; soutenu par Madame Mercer dont le p\u00e8re <a href=\"https:\/\/fr.wikipedia.org\/wiki\/Robert_Mercer_(homme_d'affaires)\" target=\" rel=\"noopener\">Robert Mercer<\/a> est un ultra-conservateur pour ne pas dire carr\u00e9ment fascisant \u2013 tout \u00e7a M. Bannon, l\u2019ancien conseiller de M. Trump, porte-parole autrefois de l\u2019<a href=\"https:\/\/fr.wikipedia.org\/wiki\/Alt-right\" target=\"_blank\" rel=\"noopener\">\u00ab\u00a0Alt-right\u00a0\u00bb<\/a>, l\u2019extr\u00eame-droite identitaire britannique \u2013 tous ces braves gens s\u2019\u00e9taient m\u00eal\u00e9s du vote du Brexit en mobilisant les ressources d\u2019une compagnie qu\u2019ils avaient cr\u00e9\u00e9e qui s\u2019appelait <a href=\"https:\/\/fr.wikipedia.org\/wiki\/Cambridge_Analytica\" target=\"_blank\" rel=\"noopener\">Cambridge Analytica<\/a> et dont on a beaucoup parl\u00e9 en raison de la mani\u00e8re dont ils ont manipul\u00e9 Facebook pour obtenir des profils tr\u00e8s pr\u00e9cis des votants, des \u00e9lecteurs, aux \u00c9tats-Unis et aussi en Grande-Bretagne.<\/p>\n<p>\u00c7a c\u2019est pour le Royaume-Uni. Pendant ce temps l\u00e0, deux dictateurs se tapent sur le ventre et sur les \u00e9paules et d\u00e9cident de l\u2019avenir du monde.<\/p>\n<p>Tout \u00e7a est beaucoup plus dangereux qu\u2019on ne l\u2019imagine. \u00c7a peut \u00e9viter, effectivement, la mont\u00e9e des tensions comme cela avait \u00e9t\u00e9 le cas il y a quelques mois autour d\u2019une guerre nucl\u00e9aire. Mais si nous parvenons \u2013 involontairement \u2013 \u00e0 faire que seul des dictateurs d\u00e9cident du sort du monde, alors nous sommes tr\u00e8s, tr\u00e8s mal barr\u00e9s\u00a0!<\/p>\n<p>J\u2019ai parl\u00e9 hier, dans un petit texte, j\u2019ai parl\u00e9 du fait que je lis ce livre extraordinaire <a href=\"https:\/\/www.pauljorion.com\/blog\/2018\/06\/11\/le-12-juin-2018-quand-un-pervers-narcissique-rencontre-un-autre-pervers-narcissique\/\" target=\"_blank\" rel=\"noopener\">\u00ab\u00a0The Heart of Man\u00a0\u00bb<\/a> d\u2019<a href=\"https:\/\/fr.wikipedia.org\/wiki\/Erich_Fromm\" target=\"_blank\" rel=\"noopener\">Erich Fromm<\/a>, un livre de 1964 qui a introduit cette notion de \u00ab\u00a0<a href=\"https:\/\/fr.wikipedia.org\/wiki\/Perversion_narcissique\" target=\"_blank\" rel=\"noopener\">malignant\u00a0narcissism<\/a> \u00bb, traduite en fran\u00e7ais comme la \u00ab\u00a0perversion narcissique\u00a0\u00bb, les \u00ab\u00a0pervers narcissiques\u00a0\u00bb.<\/p>\n<p>Le livre est de 1964. En France, on n\u2019a introduit ce concept que 20 ans plus tard \u00e0 peu pr\u00e8s, en ayant l\u2019air de le r\u00e9inventer [rires] mais toute la discussion avait d\u00e9j\u00e0 eu lieu. Erich Fromm, tr\u00e8s grand psychanalyste, r\u00e9fl\u00e9chit sur \u00e7a et ce qui l\u2019int\u00e9ressait en particulier, c\u2019\u00e9tait de donner une explication \u2013 une fois pour toutes \u2013 du comportement d\u2019Hitler.<\/p>\n<p>Hitler\u00a0: fou, ou non\u00a0? Hitler, il le d\u00e9crit comme un \u00ab\u00a0borderline\u00a0\u00bb c\u2019est-\u00e0-dire quelqu\u2019un qui se trouve \u00e0 la limite de la normalit\u00e9 et de la pathologie. Mais dont le narcissisme d\u00e9mesur\u00e9 fait qu\u2019il peut tomber tr\u00e8s facilement dans la psychose. Ce qui lui permet de ne pas tomber dans la psychose, c\u2019est d\u2019acqu\u00e9rir du pouvoir et de transformer le monde, bien entendu selon son d\u00e9sir. Le monde ressemble de plus en plus \u00e0 son d\u00e9lire mais c\u2019est parce qu\u2019il est parvenu \u00e0 entra\u00eener, sur le <em>narcissisme patriotique<\/em> essentiellement, un certain nombre de gens \u00e0 le suivre. Il y a le moment o\u00f9 \u00e7a achoppe et \u00e7a n\u2019achoppe pas n\u00e9cessairement : je vous rappelle que Staline est mort plus de 30 ans avant la chute de l\u2019Union Sovi\u00e9tique. Dans le cas d\u2019Hitler, oui\u00a0! la chute a eu lieu et on l\u2019a vu tomber au moment o\u00f9 les troupes ont perdu. Et j\u2019ai montr\u00e9 la <a href=\"https:\/\/www.pauljorion.com\/blog\/2018\/06\/11\/le-12-juin-2018-quand-un-pervers-narcissique-rencontre-un-autre-pervers-narcissique\/\" target=\"_blank\" rel=\"noopener\">petite vid\u00e9o<\/a> tr\u00e8s bien faite du film \u00ab\u00a0Downfall \u00bb &#8211; <a href=\"https:\/\/fr.wikipedia.org\/wiki\/La_Chute_(film,_2004)\" target=\"_blank\" rel=\"noopener\">La Chute<\/a> \u2013 le moment o\u00f9 il tombe dans la psychose parce qu\u2019il ne peut plus nier que le monde n\u2019est plus \u00e0 la hauteur de la repr\u00e9sentation qu\u2019il en a. Et sa seule sortie possible, \u00e0 ce moment l\u00e0, c\u2019est le suicide.<\/p>\n<p>Dans mon petit billet, j\u2019ai imagin\u00e9 le sc\u00e9nario que cet accord apparaisse rapidement comme de simples signatures sur un papier et que l\u2019un des narcissismes se trouve bless\u00e9 de mani\u00e8re mortelle et conduise \u00e0 la mort de l\u2019un des dictateurs.<\/p>\n<p>Finalement, d\u2019apr\u00e8s ce qu\u2019on voit, le pouvoir de M. Kim Jong-un est mieux assur\u00e9 que celui de M. Trump puisqu\u2019il n\u2019y a pas une enqu\u00eate qui se d\u00e9roule en ce moment sur la validit\u00e9 ou non de son mandat. Et tout le monde est \u00e0 peu pr\u00e8s d\u2019accord sur le fait que les choses vont rapidement se d\u00e9nouer du c\u00f4t\u00e9 de l\u2019enqu\u00eate de M. Mueller. Et s\u2019il demande \u00e0 M. Trump de se pr\u00e9senter devant un <em>grand jury<\/em> et que M. Trump refuse, il y a bien entendu une crise constitutionnelle importante qui pourrait se r\u00e9soudre comme dans le cas de Nixon, c\u2019est-\u00e0-dire par la d\u00e9mission du pr\u00e9sident. Mais qui peut aussi conduire \u00e0 de tr\u00e8s, tr\u00e8s longs d\u00e9bats si la Cour Supr\u00eame a l\u2019air de prendre, d\u2019une mani\u00e8re ou d\u2019une autre, le parti de M. Trump, ce qui n\u2019est pas impossible puisqu\u2019il s\u2019agit d\u2019une institution, non pas conservatrice, mais toujours marqu\u00e9e \u00e0 l\u2019extr\u00eame-droite du fait du syst\u00e8me de son recrutement.<\/p>\n<p>Alors, le monde est tr\u00e8s ouvert\u00a0! Le monde est tr\u00e8s ouvert en ce moment. Il y a des tas de pistes qui s\u2019ouvrent, d\u2019autres qui se ferment mais tout \u00e7a, ce sont des choix tr\u00e8s, tr\u00e8s importants. Et, comme tout le monde l\u2019a remarqu\u00e9, ce sont des p\u00e9riodes de grande ouverture qui permettent \u00e0 des individus, \u00e0 des individualit\u00e9s, d\u2019avoir un pouvoir suppl\u00e9mentaire par rapport aux \u00e9v\u00e9nements. Pourquoi\u00a0? Eh bien, justement\u00a0! parce que tout est ouvert ! Il suffit d\u2019un <a href=\"https:\/\/fr.wikipedia.org\/wiki\/Claude_Joseph_Rouget_de_Lisle\" target=\"_blank\" rel=\"noopener\">Rouget de Lisle<\/a> qui \u00e9crit la \u00ab\u00a0Marseillaise\u00a0\u00bb, il suffit que quelqu\u2019un dise : \u00ab\u00a0On va \u00e0 la Bastille !\u00a0\u00bb et qu\u2019il y ait d\u2019autres qui le suivent, comme le Cid\u00a0: \u00ab\u00a0Nous part\u00eemes cinq cents\u00a0; mais arriv\u00e9s au port, nous \u00e9tions d\u00e9j\u00e0 bien plus nombreux. [\u00ab\u00a0Nous part\u00eemes cinq cents, mais par un prompt renfort, Nous nous v\u00eemes trois mille en arrivant au port\u2026\u00a0\u00bb) Et voil\u00e0\u00a0! Donc, ce sont des moments extr\u00eamement labiles, des moments de bifurcation comme on dit en physique.<\/p>\n<p>Alors, moi, je continue \u00e0 vous tenir plus ou moins au courant, \u00e0 ma mani\u00e8re, sur des petites notes par ci par l\u00e0, en rassemblant l\u2019information. Voil\u00e0\u00a0!<\/p>\n<p>Allez\u00a0! A bient\u00f4t\u00a0!<\/p>\n","protected":false},"excerpt":{"rendered":"<blockquote>\n<p>Retranscription de <a href=\"https:\/\/www.pauljorion.com\/blog\/2018\/06\/12\/brexit-coree-du-nord-le-monde-entre-dans-une-grande-bifurcation\/\" target=\"_blank\" rel=\"noopener\">Brexit \/ Cor\u00e9e du Nord &#8211; Le monde entre dans une grande bifurcation<\/a>. Merci \u00e0 Marianne Oppitz !<\/p>\n<\/blockquote>\n<p>Bonjour, nous sommes le 12 juin 2018 et je vous parle d\u2019une cellule au monast\u00e8re de Ganagobie &#8211; \u00e0 l\u2019<a href=\"https:\/\/fr.wikipedia.org\/wiki\/Abbaye_Notre-Dame_de_Ganagobie\" target=\"_blank\" rel=\"noopener\">Abbaye de Ganagobie<\/a>, dans le Midi &#8211; o\u00f9 j\u2019ai \u00e9t\u00e9 [&hellip;]<\/p>\n","protected":false},"author":1,"featured_media":0,"comment_status":"closed","ping_status":"closed","sticky":false,"template":"","format":"standard","meta":{"footnotes":""},"categories":[5372,72,9,4932],"tags":[3056,5824,5490,4442,5962,4475,5567,5963,5828,5501],"class_list":["post-104913","post","type-post","status-publish","format-standard","hentry","category-brexit","category-etats-unis","category-psychanalyse","category-royaume-uni","tag-adolf-hitler","tag-cambridge-analytica","tag-coree-du-nord","tag-donald-trump","tag-erich-fromm","tag-etats-unis","tag-kim-jong-un","tag-pervers-narcissique","tag-robert-mercer","tag-steve-bannon"],"_links":{"self":[{"href":"https:\/\/www.pauljorion.com\/blog\/wp-json\/wp\/v2\/posts\/104913","targetHints":{"allow":["GET"]}}],"collection":[{"href":"https:\/\/www.pauljorion.com\/blog\/wp-json\/wp\/v2\/posts"}],"about":[{"href":"https:\/\/www.pauljorion.com\/blog\/wp-json\/wp\/v2\/types\/post"}],"author":[{"embeddable":true,"href":"https:\/\/www.pauljorion.com\/blog\/wp-json\/wp\/v2\/users\/1"}],"replies":[{"embeddable":true,"href":"https:\/\/www.pauljorion.com\/blog\/wp-json\/wp\/v2\/comments?post=104913"}],"version-history":[{"count":8,"href":"https:\/\/www.pauljorion.com\/blog\/wp-json\/wp\/v2\/posts\/104913\/revisions"}],"predecessor-version":[{"id":104923,"href":"https:\/\/www.pauljorion.com\/blog\/wp-json\/wp\/v2\/posts\/104913\/revisions\/104923"}],"wp:attachment":[{"href":"https:\/\/www.pauljorion.com\/blog\/wp-json\/wp\/v2\/media?parent=104913"}],"wp:term":[{"taxonomy":"category","embeddable":true,"href":"https:\/\/www.pauljorion.com\/blog\/wp-json\/wp\/v2\/categories?post=104913"},{"taxonomy":"post_tag","embeddable":true,"href":"https:\/\/www.pauljorion.com\/blog\/wp-json\/wp\/v2\/tags?post=104913"}],"curies":[{"name":"wp","href":"https:\/\/api.w.org\/{rel}","templated":true}]}}