{"id":105150,"date":"2018-06-29T18:42:19","date_gmt":"2018-06-29T16:42:19","guid":{"rendered":"https:\/\/www.pauljorion.com\/blog\/?p=105150"},"modified":"2018-06-29T18:42:19","modified_gmt":"2018-06-29T16:42:19","slug":"au-courrier-elections-europeennes-et-avenir-du-monde","status":"publish","type":"post","link":"https:\/\/www.pauljorion.com\/blog\/2018\/06\/29\/au-courrier-elections-europeennes-et-avenir-du-monde\/","title":{"rendered":"Au courrier : \u00c9lections europ\u00e9ennes et avenir du monde"},"content":{"rendered":"<p>Bonjour monsieur Jorion,<\/p>\n<p>Je suis vos travaux et vos vid\u00e9os depuis un peu plus de trois ans maintenant avec un v\u00e9ritable enthousiasme qui s&rsquo;est litt\u00e9ralement enflamm\u00e9 lorsque vous avez annonc\u00e9 que vous souhaitiez devenir d\u00e9put\u00e9 europ\u00e9en. J&rsquo;esp\u00e8re de tout coeur que vous parviendrez \u00e0 trouver une place malgr\u00e9 le plafond de verre qui r\u00e8gne dans les milieux politiques et dont vous avez parl\u00e9 dans votre <a href=\"https:\/\/www.pauljorion.com\/blog\/2018\/06\/29\/elections-europeennes-journal-de-campagne-le-29-juin-2018\/\" rel=\"noopener\" target=\"_blank\">votre journal de campagne du 29 juin<\/a>.<\/p>\n<p>M&rsquo;\u00e9tant moi-m\u00eame heurt\u00e9 \u00e0 cet obstacle pour ces m\u00eames \u00e9lections je serai enchant\u00e9 de rejoindre une base militante destin\u00e9e \u00e0 votre soutien et \u00e0 la diffusion de vos id\u00e9es.<\/p>\n<p><!--more-->Vous avez raison : nous avons besoin d&rsquo;optimisme. Je suis philosophe et, au grand d\u00e9sespoir de mes enseignants, j&rsquo;ai rejoint l&rsquo;\u00e9cole sto\u00efcienne car je suis intimement convaincu que sa vision bienveillante du genre humain est ce dont nous avons le plus besoin aujourd&rsquo;hui (Z\u00e9non de Kition aurait dit qu&rsquo;il avait fond\u00e9 cette \u00e9cole pour \u00ab\u00a0gu\u00e9rir les blessures de l&rsquo;\u00e2me\u00a0\u00bb). La crise de l&rsquo;Homme dont parlait Camus n&rsquo;a jamais pris fin, elle s&rsquo;est aggrav\u00e9e au fil du temps, je me suis dit que je pouvais contribuer, \u00e0 mon humble niveau, \u00e0 l&rsquo;enrayer<\/p>\n<p>J&rsquo;ai commenc\u00e9 \u00e0 travailler \u00e0 la fin de mes \u00e9tudes sur un nouveau mod\u00e8le de R\u00e9publique, une R\u00e9publique qui ne pourrait \u00eatre corrompue par une poign\u00e9e d&rsquo;avares et qui offrirait \u00e0 chaque \u00eatre humain une place o\u00f9 l&rsquo;\u00e9panouissement serait une vertu cardinale. Apr\u00e8s un an et demi de recherches et d&rsquo;\u00e9tudes des soci\u00e9t\u00e9s r\u00e9volutionnaires de l&rsquo;antiquit\u00e9 comme celle de Zarathoustra, la Sparte de Lycurgue, le mode de vie des chr\u00e9tiens gnostiques, les Mo\u00efstes chinois&#8230; un embryon a commenc\u00e9 \u00e0 se former. Cette R\u00e9publique se devait d&rsquo;\u00eatre aux mains des citoyennes et des citoyens qui la composent et non d&rsquo;une quelconque aristocratie, la poursuite de la sagesse devrait \u00eatre le but de chacun et non la poursuite de biens illusoires destin\u00e9s \u00e0 satisfaire le faux besoin du para\u00eetre, la pr\u00e9servation du monde et de la vie qu&rsquo;il porte, le but de cette nation universaliste.<\/p>\n<p>Afin de m&rsquo;aider dans ce travail je demandais \u00e0 l&rsquo;un de mes amis de se joindre \u00e0 moi, ce qu&rsquo;il fit, et ses comp\u00e9tences de juriste ont \u00e9t\u00e9 essentielles pour cette nouvelle ann\u00e9e et demi de recherches.\u00a0 Nous nous sommes concentr\u00e9s sur les futures institutions et nous y travaillons encore car ce n&rsquo;est pas un petit morceau. Nous avons cependant \u00e9tabli quelques r\u00e8gles de bon sens : des \u00e9lus ayant obligatoirement un casier judiciaire vierge, une justice ind\u00e9pendante de l&rsquo;Etat, la fin de l&rsquo;immunit\u00e9 \u00e9lectorale, une application stricte de la loi de 1905 sur la s\u00e9paration des Eglises et de l&rsquo;Etat, l&rsquo;instauration d&rsquo;un prix maximum pour les denr\u00e9es essentielles, une couverture totale des soins m\u00e9dicaux, un syst\u00e8me \u00e9ducatif coop\u00e9ratif.<\/p>\n<p>Notre ouvrage prend corps et devient, peu \u00e0 peu, un \u00ab\u00a0manifeste pour la nouvelle R\u00e9publique\u00a0\u00bb qui sera, en tout cas c&rsquo;est n\u00f4tre ambition, le \u00ab\u00a0contrat social\u00a0\u00bb de ce si\u00e8cle. Mon camarade et moi-m\u00eame partageons une vision socialiste du monde et vos travaux sont une grande source d&rsquo;inspiration pour nous (la bo\u00eete \u00e0 outils que vous avez laiss\u00e9e \u00e0 la fin de \u00ab\u00a0D\u00e9fense et illustration du genre humain\u00a0\u00bb a \u00e9t\u00e9 un plaisir \u00e0 lire, comme tout votre ouvrage d&rsquo;ailleurs). Nous serions tr\u00e8s honor\u00e9s de pouvoir vous rencontrer afin de partager en d\u00e9tail avec vous le fruit de ces trois ann\u00e9es de r\u00e9flexion. Votre connaissance approfondie de la soci\u00e9t\u00e9 actuelle nous permettrait de trouver les bons mots pour amener l&rsquo;Humanit\u00e9 vers cette nouvelle soci\u00e9t\u00e9 sans crainte ni fatalisme.<\/p>\n<p>Je vous remercie d&rsquo;avoir lu ces quelques lignes et j&rsquo;en profite pour renouveler mon soutien.<\/p>\n<p>Respectueusement,<\/p>\n<p>Etienne Guillermaz<\/p>\n","protected":false},"excerpt":{"rendered":"<p>Bonjour monsieur Jorion,<\/p>\n<p>Je suis vos travaux et vos vid\u00e9os depuis un peu plus de trois ans maintenant avec un v\u00e9ritable enthousiasme qui s&rsquo;est litt\u00e9ralement enflamm\u00e9 lorsque vous avez annonc\u00e9 que vous souhaitiez devenir d\u00e9put\u00e9 europ\u00e9en. J&rsquo;esp\u00e8re de tout coeur que vous parviendrez \u00e0 trouver une place malgr\u00e9 le plafond de verre qui r\u00e8gne dans [&hellip;]<\/p>\n","protected":false},"author":1,"featured_media":0,"comment_status":"closed","ping_status":"closed","sticky":false,"template":"","format":"standard","meta":{"footnotes":""},"categories":[5853,5975,20],"tags":[5854,3470,5979],"class_list":["post-105150","post","type-post","status-publish","format-standard","hentry","category-defense-et-illustration-du-genre-humain","category-elections-europeennes","category-philosophie","tag-defense-et-illustration-du-genre-humain","tag-elections-europeennes","tag-republique"],"_links":{"self":[{"href":"https:\/\/www.pauljorion.com\/blog\/wp-json\/wp\/v2\/posts\/105150","targetHints":{"allow":["GET"]}}],"collection":[{"href":"https:\/\/www.pauljorion.com\/blog\/wp-json\/wp\/v2\/posts"}],"about":[{"href":"https:\/\/www.pauljorion.com\/blog\/wp-json\/wp\/v2\/types\/post"}],"author":[{"embeddable":true,"href":"https:\/\/www.pauljorion.com\/blog\/wp-json\/wp\/v2\/users\/1"}],"replies":[{"embeddable":true,"href":"https:\/\/www.pauljorion.com\/blog\/wp-json\/wp\/v2\/comments?post=105150"}],"version-history":[{"count":2,"href":"https:\/\/www.pauljorion.com\/blog\/wp-json\/wp\/v2\/posts\/105150\/revisions"}],"predecessor-version":[{"id":105164,"href":"https:\/\/www.pauljorion.com\/blog\/wp-json\/wp\/v2\/posts\/105150\/revisions\/105164"}],"wp:attachment":[{"href":"https:\/\/www.pauljorion.com\/blog\/wp-json\/wp\/v2\/media?parent=105150"}],"wp:term":[{"taxonomy":"category","embeddable":true,"href":"https:\/\/www.pauljorion.com\/blog\/wp-json\/wp\/v2\/categories?post=105150"},{"taxonomy":"post_tag","embeddable":true,"href":"https:\/\/www.pauljorion.com\/blog\/wp-json\/wp\/v2\/tags?post=105150"}],"curies":[{"name":"wp","href":"https:\/\/api.w.org\/{rel}","templated":true}]}}