{"id":106170,"date":"2018-08-24T20:55:25","date_gmt":"2018-08-24T18:55:25","guid":{"rendered":"https:\/\/www.pauljorion.com\/blog\/?p=106170"},"modified":"2018-08-24T22:06:19","modified_gmt":"2018-08-24T20:06:19","slug":"trump-le-plus-gigantesque-retournement-de-veste","status":"publish","type":"post","link":"https:\/\/www.pauljorion.com\/blog\/2018\/08\/24\/trump-le-plus-gigantesque-retournement-de-veste\/","title":{"rendered":"Trump : Le plus gigantesque retournement de veste"},"content":{"rendered":"<p>Dans la vid\u00e9o que j&rsquo;ai enregistr\u00e9e tout \u00e0 l&rsquo;heure, et que j&rsquo;avais intitul\u00e9e <a href=\"https:\/\/www.pauljorion.com\/blog\/2018\/08\/24\/les-choses-se-precipitent-toujours-davantage\/\" rel=\"noopener\" target=\"_blank\">\u00ab\u00a0Les choses se pr\u00e9cipitent&#8230; toujours davantage !\u00a0\u00bb<\/a>, je pr\u00e9sentais comme un nouveau d\u00e9veloppement probable pour la journ\u00e9e d&rsquo;aujourd&rsquo;hui (en raison des r\u00e9v\u00e9lations comprises dans <a href=\"https:\/\/www.pauljorion.com\/blog\/2018\/08\/24\/michael-cohen-avocat-de-trump-plaide-coupable-retranscription\/\" rel=\"noopener\" target=\"_blank\">le plaider-coupable de Michael Cohen<\/a>, ancien avocat du pr\u00e9sident des \u00c9tats-Unis), l&rsquo;inculpation par un tribunal f\u00e9d\u00e9ral de New York de la <em>Trump Organization<\/em>, la firme de Donald Trump, dont la gestion a \u00e9t\u00e9 confi\u00e9e durant sa pr\u00e9sidence \u00e0 un <em>trust<\/em>, une \u00ab\u00a0<a href=\"https:\/\/fr.wikipedia.org\/wiki\/Fiducie\" rel=\"noopener\" target=\"_blank\">fiducie<\/a>\u00a0\u00bb en fran\u00e7ais, un terme que personne ne conna\u00eet, et que personne n&rsquo;utilise, l&rsquo;institution en question \u00e9tant propre au droit anglo-saxon.<\/p>\n<p><!--more-->M. <a href=\"https:\/\/en.wikipedia.org\/wiki\/Allen_Weisselberg\" rel=\"noopener\" target=\"_blank\">Allen Weisselberg<\/a> d\u00e9tient plusieurs titres : \u00ab\u00a0executive vice president\u00a0\u00bb et CFO (Chief Financial Officer), c&rsquo;est-\u00e0-dire Directeur financier, de la <em>Trump Organization<\/em>. Il dirige \u00e9galement le <em>trust<\/em>, aux c\u00f4t\u00e9s de Eric Trump et de Donald Trump Jr., les deux fils a\u00een\u00e9s du pr\u00e9sident. Ses liens avec la famille Trump sont anciens : ils datent des ann\u00e9es 1970, Weisselberg ayant \u00e9t\u00e9 embauch\u00e9 initialement par <a href=\"https:\/\/fr.wikipedia.org\/wiki\/Fred_Trump\" rel=\"noopener\" target=\"_blank\">Fred Trump<\/a>, p\u00e8re du pr\u00e9sident.<\/p>\n<p>On a appris tout \u00e0 l&rsquo;heure que le tribunal f\u00e9d\u00e9ral de New York a accord\u00e9 l&rsquo;immunit\u00e9 \u00e0 M. Weisselberg, en \u00e9change d&rsquo;une collaboration enti\u00e8re de sa part avec les autorit\u00e9s judiciaires. <\/p>\n<p>Une personne de plus qui dira tout ce qu&rsquo;elle sait &#8211; aux c\u00f4t\u00e9s d\u00e9j\u00e0 de M. <a href=\"https:\/\/www.pauljorion.com\/blog\/2018\/08\/24\/michael-cohen-avocat-de-trump-plaide-coupable-retranscription\/\" rel=\"noopener\" target=\"_blank\">Michael Cohen<\/a>, ancien avocat du pr\u00e9sident, de Mme <a href=\"https:\/\/www.pauljorion.com\/blog\/2018\/08\/18\/nouvelles-revelations-domarosa-manigault-newman\/\" rel=\"noopener\" target=\"_blank\">Omarosa Manigault-Newman<\/a>, complice autrefois du pr\u00e9sident dans le monde de la t\u00e9l\u00e9-r\u00e9alit\u00e9 et ensuite \u00e0 la Maison-Blanche, de M. <a href=\"https:\/\/www.pauljorion.com\/blog\/2018\/08\/21\/les-derniers-r-quittent-le-navire-le-19-aout-2018-retranscription\/\" rel=\"noopener\" target=\"_blank\">Donald McGahn<\/a>, conseiller juridique \u00e0 la Maison-Blanche, de MM. <a href=\"https:\/\/www.pauljorion.com\/blog\/2018\/08\/24\/les-choses-se-precipitent-toujours-davantage\/\" rel=\"noopener\" target=\"_blank\">David Pecker et Dylan Howard<\/a>, dirigeants du magazine <a href=\"https:\/\/en.wikipedia.org\/wiki\/National_Enquirer\" rel=\"noopener\" target=\"_blank\"><em>National Enquirer<\/em><\/a>, propagandiste de nouvelles positives \u00e0 propos de M. Trump et trou noir v\u00e9nal pour les informations n\u00e9gatives. <\/p>\n<p>Une personnalit\u00e9 pas des moindres puisque le<em> Washington Post<\/em> titre : <a href=\"https:\/\/www.washingtonpost.com\/news\/the-fix\/wp\/2018\/07\/26\/this-may-be-the-biggest-shoe-to-drop-from-the-trump-michael-cohen-tape\/?utm_term=.3049340354af\" rel=\"noopener\" target=\"_blank\">This may be the biggest flip yet in the Trump-Cohen saga<\/a>, le plus important retournement de veste jusqu&rsquo;ici dans la saga Trump-Cohen. <\/p>\n","protected":false},"excerpt":{"rendered":"<p>Dans la vid\u00e9o que j&rsquo;ai enregistr\u00e9e tout \u00e0 l&rsquo;heure, et que j&rsquo;avais intitul\u00e9e <a href=\"https:\/\/www.pauljorion.com\/blog\/2018\/08\/24\/les-choses-se-precipitent-toujours-davantage\/\" rel=\"noopener\" target=\"_blank\">\u00ab\u00a0Les choses se pr\u00e9cipitent&#8230; toujours davantage !\u00a0\u00bb<\/a>, je pr\u00e9sentais comme un nouveau d\u00e9veloppement probable pour la journ\u00e9e d&rsquo;aujourd&rsquo;hui (en raison des r\u00e9v\u00e9lations comprises dans <a href=\"https:\/\/www.pauljorion.com\/blog\/2018\/08\/24\/michael-cohen-avocat-de-trump-plaide-coupable-retranscription\/\" rel=\"noopener\" target=\"_blank\">le plaider-coupable de Michael Cohen<\/a>, ancien avocat du pr\u00e9sident des \u00c9tats-Unis), l&rsquo;inculpation [&hellip;]<\/p>\n","protected":false},"author":1,"featured_media":0,"comment_status":"closed","ping_status":"closed","sticky":false,"template":"","format":"standard","meta":{"footnotes":""},"categories":[72],"tags":[6072,6069,5813,4442,6073,5855,6050],"class_list":["post-106170","post","type-post","status-publish","format-standard","hentry","category-etats-unis","tag-allen-weisselberg","tag-david-pecker","tag-donald-mcgahn","tag-donald-trump","tag-dylan-howard","tag-michael-cohen","tag-omarosa-manigault-newman"],"_links":{"self":[{"href":"https:\/\/www.pauljorion.com\/blog\/wp-json\/wp\/v2\/posts\/106170","targetHints":{"allow":["GET"]}}],"collection":[{"href":"https:\/\/www.pauljorion.com\/blog\/wp-json\/wp\/v2\/posts"}],"about":[{"href":"https:\/\/www.pauljorion.com\/blog\/wp-json\/wp\/v2\/types\/post"}],"author":[{"embeddable":true,"href":"https:\/\/www.pauljorion.com\/blog\/wp-json\/wp\/v2\/users\/1"}],"replies":[{"embeddable":true,"href":"https:\/\/www.pauljorion.com\/blog\/wp-json\/wp\/v2\/comments?post=106170"}],"version-history":[{"count":12,"href":"https:\/\/www.pauljorion.com\/blog\/wp-json\/wp\/v2\/posts\/106170\/revisions"}],"predecessor-version":[{"id":106195,"href":"https:\/\/www.pauljorion.com\/blog\/wp-json\/wp\/v2\/posts\/106170\/revisions\/106195"}],"wp:attachment":[{"href":"https:\/\/www.pauljorion.com\/blog\/wp-json\/wp\/v2\/media?parent=106170"}],"wp:term":[{"taxonomy":"category","embeddable":true,"href":"https:\/\/www.pauljorion.com\/blog\/wp-json\/wp\/v2\/categories?post=106170"},{"taxonomy":"post_tag","embeddable":true,"href":"https:\/\/www.pauljorion.com\/blog\/wp-json\/wp\/v2\/tags?post=106170"}],"curies":[{"name":"wp","href":"https:\/\/api.w.org\/{rel}","templated":true}]}}