{"id":106815,"date":"2018-10-09T17:34:59","date_gmt":"2018-10-09T15:34:59","guid":{"rendered":"https:\/\/www.pauljorion.com\/blog\/?p=106815"},"modified":"2020-07-18T22:02:35","modified_gmt":"2020-07-18T20:02:35","slug":"le-virosapiens-par-g-j-corbisier","status":"publish","type":"post","link":"https:\/\/www.pauljorion.com\/blog\/2018\/10\/09\/le-virosapiens-par-g-j-corbisier\/","title":{"rendered":"<b>Le VIROSAPIENS<\/b>, par G.J. CORBISIER"},"content":{"rendered":"<blockquote><p>Ouvert aux commentaires.<\/p><\/blockquote>\n<p>Les mill\u00e9naires passant, l\u2019\u00e9vidence est devenue aveuglante : le taxon Sapiens Sapiens qui a pris le pas chez les Homos s\u2019av\u00e8re en r\u00e9alit\u00e9 d\u00e9vastateur. Non seulement il l\u2019est pour lui-m\u00eame mais il entra\u00eene dans sa destruction une bonne partie des esp\u00e8ces ainsi que l\u2019environnement actuel. Sera-ce \u00e0 partir de l\u2019an 3000 ? Combien de temps faudra-t-il pour que tous les hommes disparaissent, et tous dispara\u00eetront-ils ? Qu\u2019est-ce qui, du r\u00e8gne animal, dispara\u00eetra le plus totalement et le plus vite ? Il est difficile de r\u00e9pondre ou m\u00eame de pr\u00e9ciser les d\u00e9lais. Mais, m\u00eame si Einstein n\u2019a pas \u00e9crit ou dit que \u2018\u2019si les abeilles devaient totalement dispara\u00eetre, l\u2019homme ne survivrait pas plus de quatre ans\u2019\u2019, il est vrai qu\u2019un tel \u00e9v\u00e9nement aurait de lourdes et sans doute rapides cons\u00e9quences, et cela malgr\u00e9 tous les autres fertilisateurs.<\/p>\n<p><!--more-->Comment se fait-il que ce primate sup\u00e9rieur dot\u00e9 par l\u2019Evolution de capacit\u00e9s suppl\u00e9mentaires \u00e0 celles de ses proches cousins, majoritairement c\u00e9r\u00e9brales, destin\u00e9es \u00e0 lui permettre de survivre mieux en d\u00e9pit de nombreuses faiblesses physiques, en soit arriv\u00e9 l\u00e0 ?! En r\u00e9alit\u00e9 il existe de nombreuses raisons \u00e0 cet \u00e9chec. Deux causes majeures ont pr\u00e9valu.<\/p>\n<p>L\u2019une des premi\u00e8res est un processus naturel tr\u00e8s simple mais qui ne pouvait et ne peut toujours pas \u00eatre corrig\u00e9 car Il est fond\u00e9 sur les exigences m\u00eame de la Vie. Et celle-ci n\u2019en a en r\u00e9alit\u00e9 qu\u2019une seule, \u00e0 savoir sa continuation. L\u2019Evolution, et confirmant celle-ci parmi les nombreuses mutations qui se pr\u00e9sentaient, la S\u00e9lection Naturelle de notre esp\u00e8ce, n\u2019a jamais eu que ce seul but. Particuli\u00e8rement chez les mammif\u00e8res o\u00f9 cet objectif est concentr\u00e9 sur la reproduction sexu\u00e9e, cette option n\u2019a besoin de se pr\u00e9occuper que des courts et moyens termes et n\u2019est donc jamais \u00e0 longue vue.<\/p>\n<p>Or justement l\u2019Homo Sapiens a \u00e9t\u00e9 dot\u00e9 par la Nature de plusieurs caract\u00e9ristiques neuro-c\u00e9r\u00e9brales qui, compl\u00e9tant les s\u00e9diments d\u00e9j\u00e0 d\u00e9pos\u00e9s par l\u2019\u00c9volution, prolongeaient les cons\u00e9quences de ses actions dans un futur lointain. Son incommensurable curiosit\u00e9, son imagination d\u00e9bordante, sa propension passionn\u00e9e au jeu l\u2019am\u00e8nent \u00e0 faire preuve d\u2019une cr\u00e9ativit\u00e9 qui lui donne la capacit\u00e9 non seulement d\u2019inventer mais de mettre au point des r\u00e9alisations particuli\u00e8rement \u00e9tonnantes.<\/p>\n<p>Rien de nouveau dans tout \u00e7a. De nombreuses esp\u00e8ces ont, par un comportement syst\u00e9matique d\u00fb \u00e0 une de ces m\u00eames dispositions, influenc\u00e9 \u00e0 terme leur environnement. Ce qui est particulier \u00e0 l\u2019homme c\u2019est son aptitude \u00e0 mettre au point et produire des \u00e9l\u00e9ments synth\u00e9tiques imitant ou rempla\u00e7ant la Nature. Et ceux-ci prolongent tr\u00e8s souvent leur action sur le long terme. L\u2019homme est bien incapable d\u2019imaginer et de juger de leur port\u00e9e r\u00e9elle sur ces cycles longs. Il a finalement pris conscience de cette faiblesse, et les Etats en sont venus \u00e0 d\u00e9clarer dans de nombreux cas la mise en place du \u2018\u2019principe de pr\u00e9caution \u2018\u2019, esp\u00e9rant ainsi att\u00e9nuer les impacts n\u00e9gatifs. Bien s\u00fbr ce sont les Etats, \u00e0 tout le moins les plus r\u00e9ellement d\u00e9mocratiques, qui ont d\u00fb agir car il eut \u00e9t\u00e9 utopique de laisser la d\u00e9cision aux individus. Mais cet empl\u00e2tre lui-m\u00eame peut avoir des effets, tout aussi n\u00e9gatifs et impr\u00e9vus. L\u2019IA ne sera pas d\u2019une plus grande aide. D\u2019abord parce qu&rsquo;\u00e9tant programm\u00e9e par des hommes (ou des femmes d\u2019ailleurs\u2026) elle ne sera pas dirig\u00e9e vers cet objectif, et que de toute mani\u00e8re il manquera les donn\u00e9es \u00e0 introduire dans l\u2019algorithme pour y parvenir.<\/p>\n<p>Une deuxi\u00e8me raison existe, quasi plus importante que la premi\u00e8re. C\u2019est la conviction, erron\u00e9e, de ce que nous sommes dans un monde dualiste alors qu&rsquo;il est \u00e9vident que c\u2019est le contraire qui est vrai. Nous n\u2019avons pas \u00e9t\u00e9 cr\u00e9\u00e9s \u2018\u2019pour dominer la Terre\u2019\u2019, conviction inconsciente de tous les peuples \u2018\u2019du Livre\u2019\u2019 (1), mais en r\u00e9alit\u00e9 pour nous y int\u00e9grer (2). Seule la confusion entre une conscience de soi, le \u2018\u2019Je suis\u2019\u2019, et la perception de notre propre corps nous a pr\u00e9cipit\u00e9s dans l\u2019individualisme, la cupidit\u00e9, la confrontation aux autres, la fuite vers le \u2018\u2019toujours plus\u2019\u2019, une exploitation \u00e9hont\u00e9e des richesses de la Nature mortif\u00e8res. V\u00e9ritable malentendu, cet authentique \u2018\u2019p\u00e9ch\u00e9 Originel\u00a0\u00bb, est source de la perception d\u2019un Bien et d\u2019un Mal qui seraient irr\u00e9m\u00e9diablement oppos\u00e9s (3).<\/p>\n<p>Ces deux raisons font qu\u2019en effet, sauf \u2018\u2019bonne\u2019\u2019 mutation, qui comporterait les modifications n\u00e9cessaires au niveau du cerveau et leur S\u00e9lection Naturelle g\u00e9n\u00e9ralis\u00e9e, pourrait laisser un espoir \u00e0 l\u2019Homo Sapiens&#8230; En vaut-il vraiment la peine et n\u2019est-il pas trop tard\u00a0? Qui sait\u2026 (4)<\/p>\n<p>Evolution utopique ? Malheureusement de nombreux \u00e9l\u00e9ments d\u2019environnement qui n\u2019en peuvent mais prendront eux aussi le m\u00eame chemin. <em>L&rsquo;Homo Sapiens porte en lui le virus destructeur<\/em>.<\/p>\n<p>Mais la Vie, elle, continuera. Jusqu\u2019au jour o\u00f9 la complexit\u00e9 croissante de l\u2019Univers provoquera le R\u00e9tro-Bang final.<\/p>\n<p>=================================<br \/>\n(1) Livre de la Gen\u00e8se<\/p>\n<p>1.28 Dieu les b\u00e9nit (<em><u>N.B<\/u><\/em><em>\u00a0: l\u2019homme et la femme qu\u2019il venait de cr\u00e9er<\/em>), et Dieu leur dit\u00a0: Soyez f\u00e9conds, multipliez, remplissez la terre, et l\u2019assujettissez\u00a0; et dominez sur les poissons de la mer, sur les oiseaux du ciel, et sur tout animal qui se meut sur la terre.<\/p>\n<p>1.29 Et Dieu dit\u00a0: Voici, je vous donne toute herbe portant de la semence et qui est \u00e0 la surface de toute la terre, et tout arbre ayant en lui du fruit d&rsquo;arbre et portant de la semence\u00a0: ce sera votre nourriture.<\/p>\n<p>1.30 Et \u00e0 tout animal de la terre, \u00e0 tout oiseau du ciel, et \u00e0 tout ce qui se meut sur la terre, ayant en soi un souffle de vie, je donne toute herbe verte pour nourriture. Et cela fut ainsi.<\/p>\n<p>(2) Evangile selon Thomas <em>(Apocryphe\u2026)<\/em><\/p>\n<p>Logion 51 \u00ab\u00a0Ses disciples lui dirent\u00a0: quel jour le repos de ceux qui sont morts viendra-t-il\u00a0? Et quel jour le nouveau monde sera-t-il\u00a0? Il leur dit\u00a0: ce que vous attendez est venu, mais vous, vous ne le reconnaissez pas.\u00a0\u00bb<\/p>\n<p>(3) \u2018\u2019Tao Te King\u2019\u2019 &#8211; LAO TSEU.<\/p>\n<p>2\u00e8me stance &#8211; \u00ab Tous, sous le ciel, connaissent le beau comme \u00e9tant le beau\u00a0: voici le laid\u00a0! Tous connaissent le bien<br \/>\ncomme \u00e9tant le bien\u00a0: voici le mal ! C\u2019est ainsi que l\u2019\u00eatre et le non-\u00eatre naissent l\u2019un de l\u2019autre, [\u2026] C\u2019est pourquoi le<br \/>\nsaint-homme a pour r\u00e8gle\u00a0: \u2018\u2019faire le vide dans son c\u0153ur, [\u2026] Il pratique le non-agir et il n\u2019est rien alors qui ne soit bien<br \/>\ndirig\u00e9, certes\u00a0!\u2018\u2019\u00a0\u00bb<\/p>\n<p>(4) \u2018\u2019JE SUIS\u2019\u2019 \u2013 entretiens avec Sri Nisargadatta Maharaj, BSI.<\/p>\n<p><em><u>Visiteur<\/u><\/em><em> : Vous nous exhortez \u00e0 retourner \u00e0 notre commencement. Les Evangiles \u00e9galement parlent de devenir semblables \u00e0 des petits enfants, mais nous ne savons rien de cette p\u00e9riode puisque nous \u00e9tions sans m\u00e9moire\u00a0?<\/em><\/p>\n<p><u>Maharaj<\/u> : L\u2019enfant [\u2026] ne sait pas encore qu\u2019il est un \u2018\u2019je\u2019\u2019 et pourtant il vit, agit, grandit. [\u2026] A quel moment la sensation &lsquo;\u2019je suis\u2019\u2019 s\u2019est-elle pr\u00e9cis\u00e9e\u00a0? Quand avez-vous pris conscience d\u2019avoir un corps\u00a0? [\u2026] On vous a racont\u00e9 votre naissance,<br \/>\n[\u2026] vous-m\u00eame ne pouvez pas appr\u00e9hender cette exp\u00e9rience (<em>Ndl: pas de premi\u00e8re main<\/em>) [\u2026] Tout d\u00e9butant pour vous<br \/>\npar des images invent\u00e9es d\u2019apr\u00e8s des on-dit, soyez s\u00fbr que tout ce qui suit est de m\u00eame nature\u00a0: des concepts, des<br \/>\nr\u00eaves, de l\u2019imaginaire. [\u2026] C\u2019est la personne que vous vous imaginez \u00eatre qui souffre, pas vous. [\u2026] La personne est le<br \/>\nr\u00e9sultat d\u2019un malentendu, il n\u2019existe rien de tel. Ce n\u2019est jamais la personne qui est lib\u00e9r\u00e9e, on est lib\u00e9r\u00e9 de la personne.<\/p>\n<p>+ Evangile selon Thomas<\/p>\n<p>Logion 23 \u00ab\u00a0J\u00e9sus \u00e0 dit\u00a0: Je vous choisirai un entre mille \u2013 et deux entre dix mille \u2013 et debout, ils seront Un\u00a0\u00bb.<\/p>\n<p>&nbsp;<\/p>\n","protected":false},"excerpt":{"rendered":"<blockquote>\n<p>Ouvert aux commentaires.<\/p>\n<\/blockquote>\n<p>Les mill\u00e9naires passant, l\u2019\u00e9vidence est devenue aveuglante : le taxon Sapiens Sapiens qui a pris le pas chez les Homos s\u2019av\u00e8re en r\u00e9alit\u00e9 d\u00e9vastateur. Non seulement il l\u2019est pour lui-m\u00eame mais il entra\u00eene dans sa destruction une bonne partie des esp\u00e8ces ainsi que l\u2019environnement actuel. Sera-ce \u00e0 partir de l\u2019an 3000 ? [&hellip;]<\/p>\n","protected":false},"author":1,"featured_media":0,"comment_status":"open","ping_status":"closed","sticky":false,"template":"","format":"standard","meta":{"footnotes":""},"categories":[5217,4390,2104,4140],"tags":[],"class_list":["post-106815","post","type-post","status-publish","format-standard","hentry","category-anthropocene","category-collapsologie","category-la-survie-de-lespece","category-le-genre-humain"],"_links":{"self":[{"href":"https:\/\/www.pauljorion.com\/blog\/wp-json\/wp\/v2\/posts\/106815","targetHints":{"allow":["GET"]}}],"collection":[{"href":"https:\/\/www.pauljorion.com\/blog\/wp-json\/wp\/v2\/posts"}],"about":[{"href":"https:\/\/www.pauljorion.com\/blog\/wp-json\/wp\/v2\/types\/post"}],"author":[{"embeddable":true,"href":"https:\/\/www.pauljorion.com\/blog\/wp-json\/wp\/v2\/users\/1"}],"replies":[{"embeddable":true,"href":"https:\/\/www.pauljorion.com\/blog\/wp-json\/wp\/v2\/comments?post=106815"}],"version-history":[{"count":4,"href":"https:\/\/www.pauljorion.com\/blog\/wp-json\/wp\/v2\/posts\/106815\/revisions"}],"predecessor-version":[{"id":122250,"href":"https:\/\/www.pauljorion.com\/blog\/wp-json\/wp\/v2\/posts\/106815\/revisions\/122250"}],"wp:attachment":[{"href":"https:\/\/www.pauljorion.com\/blog\/wp-json\/wp\/v2\/media?parent=106815"}],"wp:term":[{"taxonomy":"category","embeddable":true,"href":"https:\/\/www.pauljorion.com\/blog\/wp-json\/wp\/v2\/categories?post=106815"},{"taxonomy":"post_tag","embeddable":true,"href":"https:\/\/www.pauljorion.com\/blog\/wp-json\/wp\/v2\/tags?post=106815"}],"curies":[{"name":"wp","href":"https:\/\/api.w.org\/{rel}","templated":true}]}}