{"id":10703,"date":"2010-04-26T15:17:58","date_gmt":"2010-04-26T13:17:58","guid":{"rendered":"http:\/\/www.pauljorion.com\/blog\/?p=10703"},"modified":"2013-01-02T18:04:11","modified_gmt":"2013-01-02T17:04:11","slug":"lactualite-de-la-crise-une-orniere-qui-mene-dans-le-decor-par-francois-leclerc","status":"publish","type":"post","link":"https:\/\/www.pauljorion.com\/blog\/2010\/04\/26\/lactualite-de-la-crise-une-orniere-qui-mene-dans-le-decor-par-francois-leclerc\/","title":{"rendered":"L&rsquo;actualit\u00e9 de la crise: une orni\u00e8re qui m\u00e8ne dans le d\u00e9cor, par Fran\u00e7ois Leclerc"},"content":{"rendered":"<blockquote><p>Billet invit\u00e9.<\/p><\/blockquote>\n<p><strong>UNE ORNIERE QUI MENE DANS LE DECOR<\/strong><\/p>\n<p>Au petit jeu des citations, il n\u2019y a ce lundi que l\u2019embarras du choix pour \u00e9tablir le palmar\u00e8s des propos les moins cons\u00e9quents. <\/p>\n<p>Sans nul doute, le premier prix doit revenir \u00e0 Christine Lagarde, une habitu\u00e9e de la comp\u00e9tition, qui a d\u00e9clar\u00e9 \u00e0 propos du risque de contagion de la crise grecque en Europe\u00a0: \u00ab\u00a0je ne veux m\u00eame pas y penser\u00a0\u00bb. Elle se voulait cat\u00e9gorique et, soyons honn\u00eate, c\u2019\u00e9tait vendredi dernier. \u00ab\u00a0Je crois que le plan qui se met en marche, la proc\u00e9dure qui est engag\u00e9e, c&rsquo;est de nature \u00e0 re-stabiliser une monnaie qui en a besoin\u00a0\u00bb a-t-elle poursuivi pour \u00e9largir son propos. <\/p>\n<p>A propos de la politique suivie par le gouvernement allemand, elle s\u2019est content\u00e9e de faire preuve de sa transparence habituelle et de constater\u00a0:  \u00ab\u00a0C&rsquo;est un formalisme auquel les Allemands sont attach\u00e9s, ils ont raison\u00a0\u00bb. <\/p>\n<p>Le pr\u00e9sident de l&rsquo;Union europ\u00e9enne, Herman Van Rompuy, n\u2019a pas \u00e9t\u00e9 en reste et est mont\u00e9 sur la deuxi\u00e8me marche, depuis l\u2019universit\u00e9 de Kobe o\u00f9 il s\u2019exprimait devant les \u00e9tudiants japonais\u00a0: \u00ab\u00a0Mon impression est que, malgr\u00e9 le fait que nos probl\u00e8mes soient loin d&rsquo;\u00eatre termin\u00e9s, je suis convaincu que nous maintiendrons la stabilit\u00e9 de la zone euro\u00a0\u00bb. <\/p>\n<p>Mais si tous les regards sont naturellement tourn\u00e9s vers la Gr\u00e8ce et l\u2019Europe, on aurait tort d\u2019oublier le reste du monde occidental.  Naoyuki Shinohara, directeur g\u00e9n\u00e9ral adjoint du FMI, a mis en garde le Japon\u00a0: \u00ab\u00a0M\u00eame si les probl\u00e8mes du Japon ne doivent pas \u00eatre mis sur le m\u00eame plan que la crise de la dette en Gr\u00e8ce, sa vuln\u00e9rabilit\u00e9 budg\u00e9taire est en train de cro\u00eetre \u00e0 des niveaux vraiment \u00e9lev\u00e9s\u00a0\u00bb. Les agences de notation multiplient ces derniers temps les avertissements \u00e0 propos de cette dette la plus importante du monde, que les commentateurs affectent encore de tenir pour n\u00e9gligeable au pr\u00e9texte qu\u2019elle est d\u00e9tenue \u00e0 95 % en interne. Ce qui n\u2019affecte en rien le rythme rapide de sa d\u00e9t\u00e9rioration et le besoin que commence \u00e0 exprimer le gouvernement de se tourner vers les march\u00e9s ext\u00e9rieurs pour se financer. <\/p>\n<p>A la sortie du G20 Finances de Washington, vendredi dernier, Timothy Geithner, secr\u00e9taire d\u2019Etat au Tr\u00e9sor des Etats-Unis, d\u00e9clarait \u00eatre convaincu d\u2019une reprise pour 2011, tir\u00e9e par la demande priv\u00e9e, afin que le pays puisse commencer \u00e0 r\u00e9duire son d\u00e9ficit. Il se montrait toutefois plus optimiste que Ben Bernanke, pr\u00e9sident de la Fed, qui avait d\u00e9clar\u00e9 mi-avril devant le Congr\u00e8s \u00ab\u00a0la hausse de la demande finale [sera] suffisante pour assurer une reprise \u00e9conomique mod\u00e9r\u00e9e dans les trimestres \u00e0 venir\u00a0\u00bb, sans pronostiquer une date, estimant en r\u00e9alit\u00e9 que la hausse du PIB serait lente et qu\u2019en cons\u00e9quence des choix difficiles devraient \u00eatre faits pour r\u00e9duire le d\u00e9ficit. Une toute autre hypoth\u00e8se que celle qui est lanc\u00e9e par Tim Geithner, qui comme l\u2019ont fait au d\u00e9but de la crise de la dette les Europ\u00e9ens, pense financer sa r\u00e9duction par la croissance plus que par des coupes budg\u00e9taires. L\u2019histoire a tranch\u00e9. <\/p>\n<p>En Europe, sans surprise, les taux grecs \u00e0 10 ans atteignaient 9,385% \u00e0 midi ce lundi, tandis que les taux portugais (5,141%), irlandais (4,872%) et espagnol (4,033%) se tendaient. Ce palmar\u00e8s est en permanence mis \u00e0 jour et prend de plus en plus l\u2019allure d\u2019une catastrophe annonc\u00e9e. Elle pr\u00e9figurera, si elle intervient, ce qui va \u00e9galement ne pas manquer de se passer au Japon et aux Etats-Unis, et va forcer les gouvernements \u00e0 tenter de sortir de l\u2019orni\u00e8re dans laquelle ils se trouvent. A produire autre chose que des d\u00e9clarations du type de celle qu\u2019ils ont adopt\u00e9 dans le cadre de l\u2019Assembl\u00e9e g\u00e9n\u00e9rale du FMI, samedi dernier, o\u00f9 la plus ferme des r\u00e9solutions a \u00e9t\u00e9 adopt\u00e9e en faveur de la r\u00e9duction des d\u00e9ficits publics, qui apparaissent de plus en plus comme l\u2019expression d\u2019une situation sans issue. <\/p>\n<p>La crise de la dette publique va dominer tout le reste et imposer de tenter de trouver des solutions in\u00e9dites, car elle est trop importante pour que les anciennes recettes fonctionnent. <\/p>\n","protected":false},"excerpt":{"rendered":"<blockquote>\n<p>Billet invit\u00e9.<\/p>\n<\/blockquote>\n<p><strong>UNE ORNIERE QUI MENE DANS LE DECOR<\/strong><\/p>\n<p>Au petit jeu des citations, il n\u2019y a ce lundi que l\u2019embarras du choix pour \u00e9tablir le palmar\u00e8s des propos les moins cons\u00e9quents. <\/p>\n<p>Sans nul doute, le premier prix doit revenir \u00e0 Christine Lagarde, une habitu\u00e9e de la comp\u00e9tition, qui a d\u00e9clar\u00e9 \u00e0 propos du [&hellip;]<\/p>\n","protected":false},"author":37,"featured_media":0,"comment_status":"closed","ping_status":"open","sticky":false,"template":"","format":"standard","meta":{"footnotes":""},"categories":[1,307],"tags":[28,4479,33,160,513,76,246,243],"class_list":["post-10703","post","type-post","status-publish","format-standard","hentry","category-economie","category-finance","tag-lagarde","tag-europe","tag-g20","tag-grece","tag-herman-van-rompuy","tag-japon","tag-timothy-geithner","tag-zone-euro"],"_links":{"self":[{"href":"https:\/\/www.pauljorion.com\/blog\/wp-json\/wp\/v2\/posts\/10703","targetHints":{"allow":["GET"]}}],"collection":[{"href":"https:\/\/www.pauljorion.com\/blog\/wp-json\/wp\/v2\/posts"}],"about":[{"href":"https:\/\/www.pauljorion.com\/blog\/wp-json\/wp\/v2\/types\/post"}],"author":[{"embeddable":true,"href":"https:\/\/www.pauljorion.com\/blog\/wp-json\/wp\/v2\/users\/37"}],"replies":[{"embeddable":true,"href":"https:\/\/www.pauljorion.com\/blog\/wp-json\/wp\/v2\/comments?post=10703"}],"version-history":[{"count":7,"href":"https:\/\/www.pauljorion.com\/blog\/wp-json\/wp\/v2\/posts\/10703\/revisions"}],"predecessor-version":[{"id":48359,"href":"https:\/\/www.pauljorion.com\/blog\/wp-json\/wp\/v2\/posts\/10703\/revisions\/48359"}],"wp:attachment":[{"href":"https:\/\/www.pauljorion.com\/blog\/wp-json\/wp\/v2\/media?parent=10703"}],"wp:term":[{"taxonomy":"category","embeddable":true,"href":"https:\/\/www.pauljorion.com\/blog\/wp-json\/wp\/v2\/categories?post=10703"},{"taxonomy":"post_tag","embeddable":true,"href":"https:\/\/www.pauljorion.com\/blog\/wp-json\/wp\/v2\/tags?post=10703"}],"curies":[{"name":"wp","href":"https:\/\/api.w.org\/{rel}","templated":true}]}}