{"id":110725,"date":"2019-04-22T13:44:56","date_gmt":"2019-04-22T11:44:56","guid":{"rendered":"https:\/\/www.pauljorion.com\/blog\/?p=110725"},"modified":"2019-04-22T14:18:04","modified_gmt":"2019-04-22T12:18:04","slug":"place-publique-la-liste","status":"publish","type":"post","link":"https:\/\/www.pauljorion.com\/blog\/2019\/04\/22\/place-publique-la-liste\/","title":{"rendered":"Place Publique : la liste"},"content":{"rendered":"<blockquote><p>Ouvert aux commentaires.<\/p><\/blockquote>\n<p><strong>Les candidats soumis \u00e0 votre approbation\u00a0<\/strong><strong><br \/>\n<\/strong><strong>(coll\u00e8ge femmes puis coll\u00e8ge hommes)<\/strong><\/p>\n<p><strong>Aurore Lalucq<\/strong><\/p>\n<p>Directrice d&rsquo;un institut dont l&rsquo;objectif est de mettre l&rsquo;\u00e9conomie au service de la transition \u00e9cologique et sociale, Aurore Lalucq est aussi l&rsquo;auteure de plusieurs livres sur la mon\u00e9tarisation de la nature, la transition sociale-\u00e9cologique et le New Deal vert.<\/p>\n<p><strong>Aziliz Gouez<\/strong><\/p>\n<p>Fille d\u2019agriculteurs bretons et anthropologue de formation, Aziliz Gouez est convaincue que l\u2019Europe se fait par les Europ\u00e9ennes et Europ\u00e9ens.\u00a0Elle\u00a0milite pour un renouvellement de la construction europ\u00e9enne\u00a0par les citoyennes et les citoyens.<\/p>\n<p><!--more--><br \/>\n<strong>Violaine Lucas<\/strong><\/p>\n<p>Professeure de lettres \u00e0 Saint-Nazaire, Violaine Lucas est une militante f\u00e9ministe engag\u00e9e aux c\u00f4t\u00e9s de Gis\u00e8le Halimi pour l\u2019harmonisation vers le haut des droits des femmes et des personnes LGBTI+ en Europe.<\/p>\n<p><strong>Marine Mazel<\/strong><\/p>\n<p>Philosophe de formation et psychologue clinicienne, Marine Mazel travaille pour une association qui lutte contre les diff\u00e9rentes formes de pr\u00e9carit\u00e9, d&rsquo;exclusion et de souffrance psychosociale.<\/p>\n<p><strong>Marion Boidot<\/strong><\/p>\n<p>V\u00e9t\u00e9rinaire de campagne en Dordogne, Marion Boidot a longtemps \u00e9t\u00e9 t\u00e9moin des in\u00e9galit\u00e9s territoriales et sociales que subissent de nombreuses\u00a0concitoyennes et concitoyens ; elle souhaite\u00a0porter leurs voix jusqu\u2019au parlement europ\u00e9en.<\/p>\n<p><strong>V\u00e9ronique Brom<\/strong><\/p>\n<p>Ancienne pr\u00e9sidente d\u2019une association d\u2019habitat participatif en location sociale, V\u00e9ronique Brom enseigne aujourd\u2019hui l\u2019histoire des institutions europ\u00e9ennes et souhaite y faire son entr\u00e9e pour d\u00e9mocratiser l\u2019acc\u00e8s au logement.<\/p>\n<p><strong>C\u00e9line Veron<\/strong><\/p>\n<p>Enseignante dans un lyc\u00e9e professionnel et co-fondatrice de SOS migrants 49, C\u00e9line Veron est fortement attach\u00e9e \u00e0 la place de la citoyenne et du\u00a0citoyen dans la cit\u00e9 et souhaite lui en faire une au coeur de l\u2019Europe.<\/p>\n<p><strong>Sandrine Hernandez<\/strong><\/p>\n<p>Charg\u00e9e de projets en am\u00e9nagement du territoire et propri\u00e9taire-gestionnaire d&rsquo;h\u00e9bergements touristiques responsables, Sandrine Hernandez est tr\u00e8s attach\u00e9e au d\u00e9veloppement de l&rsquo;\u00e9conomie locale et veut porter la fronde contre les lobbys au sein de l\u2019Union.<\/p>\n<p><strong>Fanny Hervo<\/strong><\/p>\n<p>\u00c9tudiante en droits fondamentaux et g\u00e9opolitique, Fanny Hervo r\u00e9dige un m\u00e9moire sur le poids des lobbys en mati\u00e8re de l\u00e9gislation europ\u00e9enne environnementale.\u00a0Elle souhaite d\u00e9mocratiser\u00a0les questions europ\u00e9ennes en facilitant\u00a0leur compr\u00e9hension.<\/p>\n<p><strong>Val\u00e9rie Doubinsky<\/strong><\/p>\n<p>Fonctionnaire territoriale \u00e0 Grenoble o\u00f9 elle est charg\u00e9e de mission \u00e9conomie circulaire, Valerie Doubinsky est une citoyenne et syndicaliste engag\u00e9e qui d\u00e9fend l\u2019importance des collectivit\u00e9s territoriales dans la mise en oeuvre d\u2019une transition \u00e9cologique.<\/p>\n<p><strong>Elyne Etienne<\/strong><\/p>\n<p>Charg\u00e9e de d\u00e9veloppement dans une ONG franco-s\u00e9n\u00e9galaise, Elyne Etienne travaille sur les in\u00e9galit\u00e9s environnementales et l\u2019\u00e9ducation au changement climatique. Elle est passionn\u00e9e par les enjeux agricoles et alimentaires qu\u2019elle veut porter au niveau europ\u00e9en.<\/p>\n<p><strong>Ang\u00e8le Riglet<\/strong><\/p>\n<p>Dipl\u00f4m\u00e9e d\u2019une Licence de Physique, Ang\u00e8le Riglet s\u2019oriente ensuite vers les Sciences de l\u2019environnement et se consacre aux probl\u00e9matiques climatique, environnementale et \u00e9cologique avec pour ambition de faire passer les enjeux collectifs avant les int\u00e9r\u00eats individuels.<\/p>\n<p><strong>Claire Nouvian<\/strong><\/p>\n<p>Fondatrice de l\u2019ONG Bloom avec laquelle elle a remport\u00e9 des victoires retentissantes contre les lobbys de la p\u00eache en Europe, Claire Nouvian est laur\u00e9ate du prix Goldman pour l\u2019environnement, la plus haute distinction existant\u00a0en mati\u00e8re d\u2019\u00e9cologie.<\/p>\n<p><strong>Rapha\u00ebl Glucksmann<\/strong><\/p>\n<p>Essayiste philosophe, Rapha\u00ebl Glucksmann s\u2019est illustr\u00e9 par ses engagements forts pour les droits humains. Face \u00e0 la perte de sens de nos soci\u00e9t\u00e9s, il souhaite redonner du c\u0153ur et une vision \u00e0 l\u2019Union europ\u00e9enne au moyen de l\u2019\u00e9cologie politique.<\/p>\n<p><strong>J\u00e9r\u00f4me Karsenti<\/strong><\/p>\n<p>Avocat engag\u00e9, J\u00e9r\u00f4me Karsenti est une sentinelle de notre d\u00e9mocratie. Depuis 1995, il m\u00e8ne des combats sur tous les fronts pour lutter contre les discriminations et la corruption avec des cas d\u2019ampleur comme l\u2019affaire Bygmalion ou le dossier des emplois fictifs de la ville de Paris.<\/p>\n<p><strong>Rapha\u00ebl Pitti<\/strong><\/p>\n<p>M\u00e9decin militaire, anesth\u00e9siste r\u00e9animateur, Rapha\u00ebl Pitti vient en aide aux populations les plus vuln\u00e9rables. Des migrants de Lampeduza au conflit syrien, il a toujours fait passer l\u2019urgence humanitaire avant toute autre consid\u00e9ration.<\/p>\n<p><strong>Sa\u00efd Benmouffok<\/strong><\/p>\n<p>Professeur de philosophie en Seine-Saint-Denis, Sa\u00efd Benmouffok promeut la participation des lyc\u00e9ens au d\u00e9bat public. Il intervient aussi en milieu p\u00e9nitentiaire dans le cadre de programmes de pr\u00e9vention de la radicalisation.<\/p>\n<p><strong>J\u00e9r\u00f4me Qu\u00e9r\u00e9<\/strong><\/p>\n<p>Ancien pr\u00e9sident des Jeunes Europ\u00e9ens France, convaincu de la n\u00e9cessit\u00e9 de construire un v\u00e9ritable espace public europ\u00e9en, J\u00e9r\u00f4me Qu\u00e9r\u00e9 milite depuis une dizaine d&rsquo;ann\u00e9es dans des associations europ\u00e9ennes. Auteur externe \u00e0 l&rsquo;Institut Jacques Delors, il a publi\u00e9 une \u00e9tude sur la libert\u00e9 de circulation des Europ\u00e9ens.<\/p>\n<p><strong>Maxime Zucca<\/strong><\/p>\n<p>Ornithologue et \u00e9cologue, t\u00e9moin de la disparition des oiseaux et de la biodiversit\u00e9 en g\u00e9n\u00e9ral, Maxime Zucca souhaite que nous op\u00e9rions un tournant \u00e9cologique radical pour remettre la nature et l&rsquo;humain au c\u0153ur des pr\u00e9occupations de notre soci\u00e9t\u00e9.<\/p>\n<p><strong>Ga\u00ebtan Sen<\/strong><\/p>\n<p>Professeur agr\u00e9g\u00e9, sp\u00e9cialis\u00e9 dans l\u2019\u00e9ducation populaire et militant au sein du Pacte Finance Climat, Ga\u00ebtan Sen, souhaite s\u2019investir sur les questions europ\u00e9ennes les plus sensibles : du Brexit\u00a0\u00e0 l\u2019immigration, en passant par la p\u00eache.<\/p>\n<p><strong>Damien Mazeau<\/strong><\/p>\n<p>Sp\u00e9cialiste de la RSE et r\u00e9f\u00e9rent Place publique de la Haute-Vienne, Damien Mazeau milite pour le rassemblement de la gauche dans un d\u00e9partement rural o\u00f9 le populisme fleurit. Il s\u2019engage pour renouer le contact avec les citoyens ruraux et p\u00e9riurbains les plus isol\u00e9s.<\/p>\n<p><strong>Tim Schmidt<\/strong><\/p>\n<p>Allemand de naissance, Timoth\u00e9e Schmidt a l\u2019Europe dans la peau. Dipl\u00f4m\u00e9 de l\u2019ENA, il a fait carri\u00e8re dans la diplomatie, notamment au sein du Secr\u00e9tariat g\u00e9n\u00e9ral des affaires europ\u00e9ennes. Par son exemple, il souhaite aider les ressortissants \u00e9trangers\u00a0\u00e0 s\u2019engager politiquement.<\/p>\n<p><strong>Christophe Esteve<\/strong><\/p>\n<p>Directeur d&rsquo;une petite \u00e9cole en milieu rural et co-fondateur du collectif \u201cCitoyens pour le climat \u00e0 la R\u00e9union\u201d, Christophe Esteve veut faire des territoires d\u2019outre-mer des exemples de mod\u00e8les \u00e9cologiques europ\u00e9ens.<\/p>\n<p><strong>Jean-Fran\u00e7ois Rial<\/strong><\/p>\n<p>Pr\u00e9sident de Voyageurs du Monde, une entreprise engag\u00e9e pour un tourisme responsable, Jean-Fran\u00e7ois Rial soutient\u00a0de nombreux projets humanitaires et environnementaux pour venir en aide aux migrants, soutenir les pays du Sud et lutter contre le r\u00e9chauffement climatique.<\/p>\n<p><strong>Paul Cadre<\/strong><\/p>\n<p>\u00c9tudiant en Terminale \u00e0 Rennes, Paul Cadre est \u00e2g\u00e9 de 18 ans et n\u2019en est que plus concern\u00e9 par notre futur. Il compte ainsi porter la voix des jeunes europ\u00e9ens victimes de la pauvret\u00e9, et des in\u00e9galit\u00e9s.<\/p>\n<p><strong>Bruno Van Peteghem<\/strong><\/p>\n<p>Laur\u00e9at du prix Goldman r\u00e9compensant son combat pour la d\u00e9fense du r\u00e9cif corallien en Nouvelle-Cal\u00e9donie, Bruno Van Peteghem est tr\u00e9sorier de l&rsquo;association toxicologie-chimie qui agit pour la diffusion de l&rsquo;information sur les substances chimiques toxiques.<\/p>\n","protected":false},"excerpt":{"rendered":"<blockquote>\n<p>Ouvert aux commentaires.<\/p>\n<\/blockquote>\n<p><strong>Les candidats soumis \u00e0 votre approbation\u00a0<\/strong><strong><br \/> <\/strong><strong>(coll\u00e8ge femmes puis coll\u00e8ge hommes)<\/strong><\/p>\n<p><strong>Aurore Lalucq<\/strong><\/p>\n<p>Directrice d&rsquo;un institut dont l&rsquo;objectif est de mettre l&rsquo;\u00e9conomie au service de la transition \u00e9cologique et sociale, Aurore Lalucq est aussi l&rsquo;auteure de plusieurs livres sur la mon\u00e9tarisation de la nature, la transition sociale-\u00e9cologique et le New Deal [&hellip;]<\/p>\n","protected":false},"author":38,"featured_media":0,"comment_status":"open","ping_status":"closed","sticky":false,"template":"","format":"standard","meta":{"footnotes":""},"categories":[6175],"tags":[6174],"class_list":["post-110725","post","type-post","status-publish","format-standard","hentry","category-place-publique","tag-place-publique"],"_links":{"self":[{"href":"https:\/\/www.pauljorion.com\/blog\/wp-json\/wp\/v2\/posts\/110725","targetHints":{"allow":["GET"]}}],"collection":[{"href":"https:\/\/www.pauljorion.com\/blog\/wp-json\/wp\/v2\/posts"}],"about":[{"href":"https:\/\/www.pauljorion.com\/blog\/wp-json\/wp\/v2\/types\/post"}],"author":[{"embeddable":true,"href":"https:\/\/www.pauljorion.com\/blog\/wp-json\/wp\/v2\/users\/38"}],"replies":[{"embeddable":true,"href":"https:\/\/www.pauljorion.com\/blog\/wp-json\/wp\/v2\/comments?post=110725"}],"version-history":[{"count":2,"href":"https:\/\/www.pauljorion.com\/blog\/wp-json\/wp\/v2\/posts\/110725\/revisions"}],"predecessor-version":[{"id":110728,"href":"https:\/\/www.pauljorion.com\/blog\/wp-json\/wp\/v2\/posts\/110725\/revisions\/110728"}],"wp:attachment":[{"href":"https:\/\/www.pauljorion.com\/blog\/wp-json\/wp\/v2\/media?parent=110725"}],"wp:term":[{"taxonomy":"category","embeddable":true,"href":"https:\/\/www.pauljorion.com\/blog\/wp-json\/wp\/v2\/categories?post=110725"},{"taxonomy":"post_tag","embeddable":true,"href":"https:\/\/www.pauljorion.com\/blog\/wp-json\/wp\/v2\/tags?post=110725"}],"curies":[{"name":"wp","href":"https:\/\/api.w.org\/{rel}","templated":true}]}}