{"id":111069,"date":"2019-05-11T10:39:46","date_gmt":"2019-05-11T08:39:46","guid":{"rendered":"https:\/\/www.pauljorion.com\/blog\/?p=111069"},"modified":"2019-05-11T10:39:46","modified_gmt":"2019-05-11T08:39:46","slug":"fin-du-monde-lappel-daurelien-barrau-quen-penser","status":"publish","type":"post","link":"https:\/\/www.pauljorion.com\/blog\/2019\/05\/11\/fin-du-monde-lappel-daurelien-barrau-quen-penser\/","title":{"rendered":"Fin du monde : l&rsquo;appel d&rsquo;Aur\u00e9lien Barrau &#8211; Qu&rsquo;en penser&nbsp;?"},"content":{"rendered":"\r\n<blockquote class=\"wp-block-quote is-layout-flow wp-block-quote-is-layout-flow\"><p>Ouvert aux commentaires.<\/p><\/blockquote>\r\n\r\n\r\n\r\n<iframe loading=\"lazy\" width=\"700\" height=\"450\" src=\"https:\/\/www.youtube.com\/embed\/ckaErodDLnQ\" frameborder=\"0\" allow=\"accelerometer; autoplay; encrypted-media; gyroscope; picture-in-picture\" class=\"aligncenter\" allowfullscreen><\/iframe>\r\n\r\n\r\n\r\n<p>Bon, tout \u00e7a est tr\u00e8s juste, tout \u00e7a est tr\u00e8s bien dit : il n&rsquo;y a rien que j&rsquo;aurais voulu dire autrement, mon seul souci, c&rsquo;est que j&rsquo;aurais situ\u00e9 mon analyse dans un cadre socio-\u00e9conomico-politique, pour dire ce qu&rsquo;il faut faire <em>collectivement<\/em> pour que \u00e7a change, pas seulement ce qu&rsquo;on peut changer <em>chez soi<\/em>, comme ce qu&rsquo;on met dans son assiette ou qu&rsquo;on jette dans sa poubelle.  <\/p>\r\n\r\n\r\n\r\n<p>En restant muet sur le capitalisme, sur l&rsquo;\u00e9conomie de march\u00e9, et sur le lib\u00e9ralisme, en ne disant pas qu&rsquo;il est imp\u00e9ratif de les changer, Barrau s&rsquo;expose au m\u00eame reproche qu&rsquo;il fait aux jeunes de la <em>R\u00e9bellion contre l&rsquo;extinction<\/em>, que leur r\u00e9bellion ne les emp\u00eache pas de manger de la viande ou de prendre l&rsquo;avion pour un weekend : sa r\u00e9bellion ne l&#8217;emp\u00eache pas de cautionner le cadre socio-\u00e9conomico-politique existant, non pas en le soutenant explicitement mais en laissant entendre par son silence \u00e0 son propos, que le probl\u00e8me n&rsquo;est pas l\u00e0. Alors que c&rsquo;est l\u00e0 que l&rsquo;obstacle se situe. <\/p>\r\n\r\n\r\n\r\n<p>On ne pr\u00e9viendra pas l&rsquo;extinction \u00ab\u00a0en changeant un peu ses habitudes\u00a0\u00bb, il faut prendre le probl\u00e8me \u00e0 l&rsquo;envers : il faut d&rsquo;abord \u00e9liminer la logique pr\u00e9datrice de la recherche du profit, et du versement d&rsquo;int\u00e9r\u00eats pour les ressources qui manquent l\u00e0 o\u00f9 elles sont indispensables. C&rsquo;est cela qui d\u00e9truit notre monde jour apr\u00e8s jour et le rend invivable. Quand cela aura \u00e9t\u00e9 r\u00e9solu, chacun aura son jardin sans pesticides, mangera moins de viande et pourra se d\u00e9placer \u00e0 v\u00e9lo, pas avant. C&rsquo;est dans cet ordre l\u00e0 que le changement peut se faire et doit se faire &#8211; sans tarder.<\/p>\r\n","protected":false},"excerpt":{"rendered":"<blockquote class=\"wp-block-quote is-layout-flow wp-block-quote-is-layout-flow\">\n<p>Ouvert aux commentaires.<\/p>\n<\/blockquote>\n<p><iframe loading=\"lazy\" width=\"700\" height=\"450\" src=\"https:\/\/www.youtube.com\/embed\/ckaErodDLnQ\" frameborder=\"0\" allow=\"accelerometer; autoplay; encrypted-media; gyroscope; picture-in-picture\" class=\"aligncenter\" allowfullscreen><\/iframe><\/p>\n<p>Bon, tout \u00e7a est tr\u00e8s juste, tout \u00e7a est tr\u00e8s bien dit : il n&rsquo;y a rien que j&rsquo;aurais voulu dire autrement, mon seul souci, c&rsquo;est que j&rsquo;aurais situ\u00e9 mon analyse dans un cadre socio-\u00e9conomico-politique, [&hellip;]<\/p>\n","protected":false},"author":1,"featured_media":0,"comment_status":"open","ping_status":"closed","sticky":false,"template":"","format":"standard","meta":{"footnotes":""},"categories":[5027,4390,6105,6188,4494,6195,833],"tags":[6143,1472,4209,6132],"class_list":["post-111069","post","type-post","status-publish","format-standard","hentry","category-capitalisme","category-collapsologie","category-declarer-letat-durgence-pour-le-genre-humain","category-desobeissance-civile","category-environnement","category-extinction-rebellion","category-la-vie-de-tous-les-jours","tag-aurelien-barrau","tag-environnement","tag-extinction-du-genre-humain","tag-extinction-rebellion"],"_links":{"self":[{"href":"https:\/\/www.pauljorion.com\/blog\/wp-json\/wp\/v2\/posts\/111069","targetHints":{"allow":["GET"]}}],"collection":[{"href":"https:\/\/www.pauljorion.com\/blog\/wp-json\/wp\/v2\/posts"}],"about":[{"href":"https:\/\/www.pauljorion.com\/blog\/wp-json\/wp\/v2\/types\/post"}],"author":[{"embeddable":true,"href":"https:\/\/www.pauljorion.com\/blog\/wp-json\/wp\/v2\/users\/1"}],"replies":[{"embeddable":true,"href":"https:\/\/www.pauljorion.com\/blog\/wp-json\/wp\/v2\/comments?post=111069"}],"version-history":[{"count":4,"href":"https:\/\/www.pauljorion.com\/blog\/wp-json\/wp\/v2\/posts\/111069\/revisions"}],"predecessor-version":[{"id":111073,"href":"https:\/\/www.pauljorion.com\/blog\/wp-json\/wp\/v2\/posts\/111069\/revisions\/111073"}],"wp:attachment":[{"href":"https:\/\/www.pauljorion.com\/blog\/wp-json\/wp\/v2\/media?parent=111069"}],"wp:term":[{"taxonomy":"category","embeddable":true,"href":"https:\/\/www.pauljorion.com\/blog\/wp-json\/wp\/v2\/categories?post=111069"},{"taxonomy":"post_tag","embeddable":true,"href":"https:\/\/www.pauljorion.com\/blog\/wp-json\/wp\/v2\/tags?post=111069"}],"curies":[{"name":"wp","href":"https:\/\/api.w.org\/{rel}","templated":true}]}}