{"id":111222,"date":"2019-05-21T16:46:20","date_gmt":"2019-05-21T14:46:20","guid":{"rendered":"https:\/\/www.pauljorion.com\/blog\/?p=111222"},"modified":"2019-05-21T17:36:00","modified_gmt":"2019-05-21T15:36:00","slug":"fin-du-monde-fin-du-mois-le-19-mai-2019-retranscription","status":"publish","type":"post","link":"https:\/\/www.pauljorion.com\/blog\/2019\/05\/21\/fin-du-monde-fin-du-mois-le-19-mai-2019-retranscription\/","title":{"rendered":"\u00ab\u00a0Fin du monde&nbsp;! Fin du mois&nbsp;!\u00a0\u00bb, le 19 mai 2019 &#8211; Retranscription"},"content":{"rendered":"\r\n<blockquote class=\"wp-block-quote is-layout-flow wp-block-quote-is-layout-flow\"><p>Retranscription de <a href=\"https:\/\/www.pauljorion.com\/blog\/2019\/05\/19\/fin-du-monde-fin-du-mois\/\" target=\"_blank\" rel=\"noreferrer noopener\" aria-label=\"&quot;Fin du monde\u00a0! Fin du mois\u00a0!&quot; (ouverture dans un nouvel onglet)\">\u00ab\u00a0Fin du monde\u00a0! Fin du mois\u00a0!\u00a0\u00bb<\/a>, le 19 mai 2019. Ouvert aux commentaires. <\/p><\/blockquote>\r\n\r\n\r\n\r\n<p>Bonjour, nous sommes le dimanche 19 mai 2019 et le th\u00e8me aujourd\u2019hui, c\u2019est \u00ab\u00a0Fin du monde\u00a0! Fin du mois\u00a0!\u00a0\u00bb. Vous avez entendu ce slogan qui a \u00e9t\u00e9 invent\u00e9 par quelqu\u2019un. C\u2019est une bonne id\u00e9e. \u00c7a a des allit\u00e9rations. \u00c7a essaye de sugg\u00e9rer l\u2019id\u00e9e d\u2019une <em>convergence des luttes<\/em>, que les gens qui se battent contre la destruction de l\u2019environnement, le r\u00e9chauffement climatique, etc. et les gens qui vont dans la rue non sans raison aussi, parce que la situation leur est impossible dans le contexte actuel, que ces gens pourraient d\u00e9filer ensemble et repr\u00e9senteraient \u00e0 ce moment-l\u00e0 une masse critique de gens qui veulent <em>autre chose<\/em>. <\/p>\r\n\r\n\r\n\r\n<!--more-->\r\n\r\n\r\n\r\n<p>La difficult\u00e9 est que ce n\u2019est pas clair qu\u2019il y ait une convergence de fait dans les revendications et surtout, ce qui est clair en tout cas, c\u2019est que le cadre autour pousse ces personnes dans des directions oppos\u00e9es, les manipule pour les envoyer dans des directions oppos\u00e9es o\u00f9 ils ne pourront que s\u2019affronter. Je vais vous expliquer un peu pourquoi\u00a0: ce qui rendra cette convergence extr\u00eamement difficile. Il y a des gens qui le tentent. Je vois M. <a href=\"https:\/\/fr.wikipedia.org\/wiki\/Francis_Lalanne\" target=\"_blank\" rel=\"noreferrer noopener\" aria-label=\"Lalanne (ouverture dans un nouvel onglet)\">Lalanne<\/a>, je vois M. Ruffin. C\u2019est bien. C\u2019est une bonne id\u00e9e\u00a0! C\u2019est tr\u00e8s difficile. Est-ce qu\u2019on peut le faire sans avoir \u2013 je dirais \u2013 un peu d\u00e9mont\u00e9 d\u2019abord rapidement le cadre autour pour montrer la difficult\u00e9\u00a0? C\u2019est ce que je vais essayer de faire peut-\u00eatre un peu ce matin. <\/p>\r\n\r\n\r\n\r\n<p>Fin du monde, environnement, r\u00e9chauffement climatique, ce sont toutes des questions qu\u2019il faudra que l\u2019on r\u00e9solve tous ensemble. Je prends un exemple. On ne peut pas interdire les pesticides enti\u00e8rement au Luxembourg si autour, en Allemagne, aux Pays-Bas, en Belgique et en France, on continue \u00e0 le faire. Vous avez compris : c\u2019est un petit pays. Vous me direz, il a une industrie locale, d\u2019accord [rires]. Je reviendrai sur ce sujet-l\u00e0. M\u00eame chose pour l\u2019atmosph\u00e8re. Vous connaissez la blague du nuage de Tchernobyl qui s\u2019est arr\u00eat\u00e9 \u00e0 la fronti\u00e8re fran\u00e7aise. Ce n\u2019est pas comme \u00e7a que \u00e7a marche. <\/p>\r\n\r\n\r\n\r\n<p>Qu\u2019est-ce qu\u2019il nous faut pour traiter ces probl\u00e8mes-l\u00e0\u00a0? Il nous faut &#8211; attention, tenez-vous bien, vissez-vous bien sur votre chaise &#8211; il nous faut un Nouvel Ordre Mondial ! Eh oui\u00a0! Il nous faut un nouvel ordre mondial. Alors, pourquoi est-ce que je rigole\u00a0? Bien s\u00fbr, c\u2019est cette image du Nouvel Ordre Mondial. C\u2019est le cauchemar des extr\u00eames-droites\u00a0! Les extr\u00eames-droites sont sur le repli nationaliste, sur le repli identitaire, sur le repli du sang, de la religion, et ainsi de suite. On peut m\u00eame tomber au niveau r\u00e9gional sans difficult\u00e9 : il n\u2019y a pas de limites dans le plus bas\u00a0! Le plus bas, c\u2019est la maison dans laquelle on est et encore, l\u00e0, on peut encore diviser les chambres en parties antagonistes. Qu\u2019est-ce qu\u2019il nous faut\u00a0? Il nous faut un ordre mondial. <\/p>\r\n\r\n\r\n\r\n<p>Pourquoi est-ce que cette image fait peur\u00a0? Vous le savez, tout \u00e7a, \u00e7a renvoie \u00e0 un certain M. <a rel=\"noreferrer noopener\" aria-label=\"Eustace Mullins (ouverture dans un nouvel onglet)\" href=\"https:\/\/fr.wikipedia.org\/wiki\/Eustace_Mullins\" target=\"_blank\">Eustace Mullins<\/a> qui est une personne qui, \u00e0 la fois, est un des fondateurs du Parti n\u00e9o-nazi am\u00e9ricain, qui a \u00e9t\u00e9 un des grands propagandistes de la cr\u00e9ation mon\u00e9taire par les banques commerciales et qui a \u00e9t\u00e9 aussi la personne qui a cr\u00e9\u00e9 ce monstre de paille du Nouvel Ordre Mondial qui va tous nous tuer. <a rel=\"noreferrer noopener\" aria-label=\"Ce livre n\u2019est pas lu (ouverture dans un nouvel onglet)\" href=\"https:\/\/archive.org\/details\/EustaceMullinsTheWorldOrderOurSecretRulers2ndEdition1992\" target=\"_blank\">Ce livre n\u2019est pas lu<\/a> &#8211; je ne crois pas que vous le lisiez &#8211; encore qu\u2019il est traduit en fran\u00e7ais. Bien s\u00fbr, il a \u00e9t\u00e9 \u00e9crit en am\u00e9ricain au d\u00e9part. Ce monsieur est un Am\u00e9ricain, un extr\u00e9miste des ann\u00e9es [50]. C\u2019est encore lu. \u00c7a s\u2019inspire en particulier, bien entendu, de <em>Mein Kampf<\/em>, mais \u00e7a a une influence souterraine : il y a des tas de gens qui vous citent des trucs qu\u2019il y a l\u00e0-dedans sans m\u00eame savoir que tout \u00e7a vient du m\u00eame bonhomme, de ce M. Eustace Mullins. Je ne vous encourage pas \u00e0 aller le lire [rires]\u00a0! \u2026 si ce n\u2019est par curiosit\u00e9\u00a0! <\/p>\r\n\r\n\r\n\r\n<p>Voil\u00e0 ce qu\u2019il nous faut. Il nous faut\u2026 Ce n\u2019est pas un gouvernement, ce n\u2019est pas un machin international o\u00f9, encore, les nations les plus grandes auraient un droit de veto. Non, par d\u00e9finition, il faut que l\u2019on soit tous d\u2019accord. Il ne faut pas non plus une r\u00e8gle de l\u2019unanimit\u00e9 parce que \u00e7a, \u00e7a permet \u00e0 n\u2019importe qui qui est achet\u00e9 par la firme machin de mettre un veto et d\u2019emp\u00eacher que \u00e7a se passe. Il ne faut pas non plus une repr\u00e9sentation en fonction du montant des cotisations parce que \u00e7a, on a d\u00e9j\u00e0 vu\u00a0: c\u2019est aussi le moyen de trier les riches des autres. Et ainsi de suite. Non, il faut cr\u00e9er une instance absolument ind\u00e9pendante &#8211; dans le bon sens du terme &#8211; de gens qui sont choisis, pas n\u00e9cessairement que des scientifiques pointus, mais des gens qui vont plancher l\u00e0-dessus et qui vont proposer des solutions qui doivent s\u2019appliquer \u00e0 <em>tout le monde<\/em>. Il faut qu\u2019il y ait un accord sur le fait que <em>tout le monde<\/em> va suivre les instructions qui seront donn\u00e9es. Ce n\u2019est pas donn\u00e9 d\u2019avance\u00a0: vous connaissez les \u00ab\u00a0marchands de doute\u00a0\u00bb\u00a0: les grandes firmes qui paient des scientifiques pour falsifier leurs r\u00e9sultats, pour faire de la propagande, dans un sens plut\u00f4t que dans un autre, faire de l\u2019<em><a rel=\"noreferrer noopener\" aria-label=\"agnotol (ouverture dans un nouvel onglet)\" href=\"https:\/\/fr.wikipedia.org\/wiki\/Agnotologie\" target=\"_blank\">agnotologie<\/a><\/em> comme on le dit parfois\u00a0: produire de la m\u00e9connaissance, de la fausse connaissance d\u00e9lib\u00e9r\u00e9ment, contre r\u00e9mun\u00e9ration. Il y a malheureusement, dans tous les m\u00e9tiers, des gens v\u00e9reux qui sont pr\u00eats \u00e0 faire \u00e7a. <\/p>\r\n\r\n\r\n\r\n<p>Donc, \u00ab\u00a0Fin du monde\u00a0\u00bb. On voit dans quelle direction il faut que \u00e7a se fasse. Il ne faut pas que \u00e7a se fasse au niveau international, il faut que ce soit au niveau universel\u00a0: il faut que ce soit au niveau de tout le monde, que la moindre fronti\u00e8re n\u2019ait pas d\u2019importance dans la mani\u00e8re de faire \u00e7a sinon, \u00e7a ne passera pas. Sinon, cela ne marchera pas. Sinon, on ne pourra pas rassembler toutes les ressources qui doivent \u00eatre mobilis\u00e9es. \u00c7a n\u2019ira pas dans cette direction-l\u00e0. <\/p>\r\n\r\n\r\n\r\n<p>Alors, \u00ab\u00a0Fin du mois\u00a0\u00bb. Fin du mois, c\u2019est plus compliqu\u00e9 parce que vous avez un cadre g\u00e9n\u00e9ral qui est celui de vos gouvernements, de nos gouvernements qui vont dire qu\u2019il n\u2019y a pas de probl\u00e8me de l\u2019emploi, que donc, il n\u2019y a pas de concurrence entre les gens qui cherchent des emplois. Il suffit de traverser la rue bien entendu pour trouver un emploi\u00a0! Donc, \u00ab\u00a0C\u2019est quoi cette histoire qu\u2019il y aurait des migrants qui seraient des concurrents sur des postes, qu\u2019il y aurait des gens qui viendraient voler l\u2019argent des Fran\u00e7ais &#8211; le pain des Fran\u00e7ais &#8211; des gens qui viendraient vous retirer des choses de la bouche et ainsi de suite. Tout \u00e7a, c\u2019est des trucs de ploucs. Il ne faut pas faire attention, etc.\u00a0\u00bb<\/p>\r\n\r\n\r\n\r\n<p>Et en m\u00eame temps, pendant ce temps-l\u00e0,\r\non vous encourage \u00e0 tenir ce type de discours parce qu\u2019on ne s\u2019int\u00e9resse pas\r\naux probl\u00e8mes de l\u2019emploi qui dispara\u00eet, on ne s\u2019int\u00e9resse pas au cadre\r\ng\u00e9n\u00e9ral, on ne s\u2019int\u00e9resse pas au cadre de l\u2019\u00c9tat-de-bien-\u00eatre, encore appel\u00e9\r\n\u00c9tat-providence. On vous dit simplement qu\u2019il n\u2019y a plus de sous&nbsp;! On n\u2019a\r\njamais \u00e9t\u00e9 aussi riches au monde mais on n\u2019a plus de sous, on ne sait pas\r\npourquoi. Ah si, peut-\u00eatre parce que l\u2019on fait parfois des ch\u00e8ques de plusieurs\r\nmilliards \u00e0 des entreprises sur la promesse qu\u2019elles vont cr\u00e9er des emplois\r\nalors que ce type de grosses entreprises qui gagnent beaucoup d\u2019argent,\r\nmaintenant, ce ne sont plus des entreprises qui cr\u00e9ent de l\u2019emploi. Il faut\r\nbien le savoir. <\/p>\r\n\r\n\r\n\r\n<p>Il faut trouver une autre solution, une\r\nautre approche. Il faut dissocier la question des revenus des gens ordinaires &#8211;\r\nqui ne sont pas des \u00ab&nbsp;capitalistes&nbsp;\u00bb, des d\u00e9tenteurs de capitaux &#8211; et\r\nla survie imm\u00e9diate sinon, qu\u2019est-ce qu\u2019il va se passer&nbsp;? Il va se passer\r\n\u00e7a [P.J. montre le livre <em>Four Futures<\/em>\r\nde Peter Frase].&nbsp;<em>Four Futures<\/em>,\r\nc\u2019est un livre dont je vous ai d\u00e9j\u00e0 parl\u00e9, d\u2019un certain M. Peter Frase. Il y a\r\nune partie de ce livre dont tout le monde parle, c\u2019est la partie sur\r\nl\u2019exterminisme. <\/p>\r\n\r\n\r\n\r\n<p>Qu\u2019est-ce que c\u2019est\r\nl\u2019exterminisme&nbsp;? C\u2019est le fait de se d\u00e9barrasser des gens qui continuent \u00e0\r\ngueuler, qui ne comprennent pas qu\u2019il suffit de traverser la rue pour trouver\r\nun emploi, qui croient qu\u2019il y a des difficult\u00e9s \u00e0 boucler les fins de mois\r\nsimplement parce que\u2026 De quoi est-ce qu\u2019ils manquent&nbsp;? \u00ab&nbsp;Ils manquent\r\nde force de caract\u00e8re et du sens de la responsabilit\u00e9&nbsp;!&nbsp;\u00bb. Vous\r\nn\u2019aviez pas compris&nbsp;? Vous croyiez que cela avait quelque chose \u00e0 voir\r\navec la politique, avec le syst\u00e8me capitaliste, etc.&nbsp;? Non, c\u2019est une\r\nquestion de <em>force de caract\u00e8re<\/em>, de <em>d\u00e9termination<\/em> et de <em>sens de la responsabilit\u00e9<\/em>, n\u2019est-ce pas&nbsp;? <\/p>\r\n\r\n\r\n\r\n<p>Le danger est qu\u2019un jour, les gens qui\r\nont des sous &#8211; qui ont la violence de leur c\u00f4t\u00e9 [remontre <em>Four Futures<\/em>] &#8211; peuvent se d\u00e9barrasser de ceux qui sont devenus des\r\ng\u00eaneurs parce qu\u2019ils n\u2019ont pas compris des choses aussi \u00e9l\u00e9mentaires que la <em>force de caract\u00e8re<\/em>, la <em>d\u00e9termination<\/em> et le <em>sens de la responsabilit\u00e9<\/em>. On pousse, on fait semblant d\u2019ignorer\r\nqu\u2019il y a des rivalit\u00e9s pour l\u2019emploi et que ces rivalit\u00e9s vont augmenter parce\r\nqu\u2019il y a de moins en moins d\u2019emploi. Pourquoi est-ce que l\u2019on met \u00e7a entre\r\nparenth\u00e8ses&nbsp;? Parce que \u00e7a aide quand m\u00eame un petit peu&nbsp;! \u00c7a aide\r\ndans les n\u00e9gociations puisque les syndicats perdent du pouvoir au fur et \u00e0\r\nmesure que les emplois deviennent de plus en plus rares. Quand il y avait encore\r\nun certain rapport de force favorable aux gens qui \u00e9taient des \u00ab&nbsp;offreurs\r\nde travail&nbsp;\u00bb, devant des \u00ab&nbsp;demandeurs de main d\u2019\u0153uvre&nbsp;\u00bb, il y\r\navait encore un rapport de force qui \u00e9tait relativement favorable. Maintenant,\r\n\u00e7a devient tr\u00e8s difficile. <\/p>\r\n\r\n\r\n\r\n<p>Qu\u2019est-ce qu\u2019il se passe en ce moment\u00a0? \u00c7a, c\u2019est le 2<sup>\u00e8me<\/sup> livre que je veux vous montrer. \u00c7a m\u2019est arriv\u00e9 cette semaine. J\u2019ai commenc\u00e9 \u00e0 le lire. Il est tr\u00e8s tr\u00e8s int\u00e9ressant [P.J. montre <em>Dying of Whiteness. How the Politics of Racial Resentment is Killing America\u2019s Heartland<\/em> de Jonathan M. Metzl]. \u00ab\u00a0Mourir de sa blanchitude\u00a0: comment la politique du ressentiment racial est en train de tuer l\u2019Am\u00e9rique profonde\u00a0\u00bb. C\u2019est un m\u00e9decin. Qu\u2019est-ce qu\u2019il a d\u00e9couvert\u00a0? Qu\u2019est-ce qui a attir\u00e9 son attention\u00a0? Qu\u2019est-ce qui lui a donn\u00e9 envie de s\u2019int\u00e9resser \u00e0 ces choses-l\u00e0\u00a0? C\u2019est le fait d\u2019avoir constat\u00e9 qu\u2019il a affaire \u00e0 des gens dans des situations absolument abominables et que ces gens, quand ils doivent voter, quand ils doivent prendre une d\u00e9cision, quand ils doivent participer au processus politique, ils votent contre leurs int\u00e9r\u00eats. Pourquoi est-ce qu\u2019ils votent contre leurs int\u00e9r\u00eats\u00a0? Ils votent syst\u00e9matiquement contre leurs int\u00e9r\u00eats, ils raccourcissent d\u00e9lib\u00e9r\u00e9ment leur dur\u00e9e de vie parce qu\u2019<em>ils ont trop peur que des mesures d\u2019int\u00e9r\u00eat g\u00e9n\u00e9ral b\u00e9n\u00e9ficient \u00e0 un certain type de personnes<\/em>. On est aux \u00c9tats-Unis, c\u2019est-\u00e0-dire essentiellement les Noirs et les Mexicains. Qu\u2019est-ce qu\u2019on appelle \u00ab\u00a0Les Mexicains\u00a0? Je vous ai d\u00e9j\u00e0 traduit \u00e7a en fran\u00e7ais\u00a0: \u00ab\u00a0Mexicain\u00a0\u00bb, \u00e7a veut dire Am\u00e9rindien, personne d\u2019origine \u00ab\u00a0pr\u00e9colombienne\u00a0\u00bb comme on dit nous, des Am\u00e9rindiens d\u2019Am\u00e9rique centrale. C\u2019est \u00e7a qu\u2019on appelle \u00ab\u00a0Les Mexicains\u00a0\u00bb aux \u00c9tats-Unis. Ce sont les \u00ab\u00a0Indiens\u00a0\u00bb, ce sont les \u00ab\u00a0Peaux-rouges\u00a0\u00bb d\u2019autrefois, qui reviennent. Ils ont disparu quasiment enti\u00e8rement de l\u2019endroit o\u00f9 on \u00e9tait mais ils reviennent par la fronti\u00e8re sud. Et c\u2019est pour \u00e7a qu\u2019il faut envoyer l\u2019arm\u00e9e, n\u2019est-ce pas M. Trump\u00a0? de peur que les \u00ab\u00a0Indiens\u00a0\u00bb ne reviennent. Vous vous souvenez, j\u2019ai fait une premi\u00e8re analyse de la muraille de M. Trump en appelant \u00e7a <a rel=\"noreferrer noopener\" aria-label=\"\u00ab\u00a0Les cowboys et les Indiens\u00a0\u00bb (ouverture dans un nouvel onglet)\" href=\"https:\/\/www.pauljorion.com\/blog\/2019\/01\/14\/trump-les-cowboys-et-les-indiens-le-12-janvier-2019-retranscription\/\" target=\"_blank\">\u00ab\u00a0Les cowboys et les Indiens\u00a0\u00bb<\/a>\u00a0? <\/p>\r\n\r\n\r\n\r\n<p>Ces gens, que ce M. Metzl interroge &#8211;\r\nparce qu\u2019il y a beaucoup d\u2019interviews dans son livre &#8211; ce sont des gens qui\r\npr\u00e9f\u00e8rent, qui veulent, qui tiennent \u00e0 tout prix dans leur mis\u00e8re \u00e0 ce qu\u2019il y\r\nait des gens qui leur soient <em>inf\u00e9rieurs<\/em>.\r\nQuels sont les gens qui leurs sont <em>inf\u00e9rieurs<\/em>&nbsp;?\r\nBien s\u00fbr, les descendants des gens qui ont \u00e9t\u00e9 amen\u00e9s l\u00e0 en tant qu\u2019<em>esclaves<\/em> &#8211; c\u2019est \u00e9crit dans les faits &#8211;\r\net puis, bien s\u00fbr, les ploucs que l\u2019on a d\u00e9plac\u00e9s, assassin\u00e9s, d\u00e9truits par les\r\n\u00e9pid\u00e9mies que l\u2019on apportait &#8211; pour ceux qu\u2019on n\u2019a pas assassin\u00e9 carr\u00e9ment &#8211;\r\nqu\u2019on a mis dans des r\u00e9serves, qu\u2019on a mis dans des endroits paum\u00e9s o\u00f9 il n\u2019y\r\navait rien \u00e0 faire&nbsp;: il n\u2019y avait pas de mines, pas de champs \u00e0 [cultiver],\r\netc., et les voil\u00e0 qui reviennent par la fronti\u00e8re sud. \u00ab&nbsp;Je pr\u00e9f\u00e8re\r\ncrever que de penser qu\u2019il n\u2019y a pas de gens qui soient inf\u00e9rieurs \u00e0 moi&nbsp;\u00bb.\r\nCe sont les \u00e9lecteurs de Trump, n\u2019est-ce pas&nbsp;? Vous savez qu\u2019aux \u00c9tats-Unis,\r\n\u00e7a repr\u00e9sente 40 % de la population et, dans beaucoup de pays, on pourrait\r\nfacilement r\u00e9unir des gens autour d\u2019opinions de ce type-l\u00e0 \u00e9galement, autour\r\nd\u2019une id\u00e9e de ce type-l\u00e0. C\u2019est la politique de certains gouvernements qui\r\nignorent les probl\u00e8mes mais qui ne les ignorent pas par stupidit\u00e9 mais\r\nd\u00e9lib\u00e9r\u00e9ment, en sachant que \u00e7a arrange leurs affaires. <\/p>\r\n\r\n\r\n\r\n<p>Arranger leurs affaires, \u00e7a nous conduit \u00e0 mon 3<sup>\u00e8me<\/sup> livre que je vais vous montrer [montre un livre]. C\u2019est un livre de M. Pierre-Henri Castel, <em>Le mal qui vient<\/em>\u00a0\u00bb. J\u2019ai \u00e9t\u00e9 &#8211; vous vous souvenez peut-\u00eatre &#8211; dans <a rel=\"noreferrer noopener\" aria-label=\"une \u00e9mission \u00e0 France Culture (ouverture dans un nouvel onglet)\" href=\"https:\/\/www.pauljorion.com\/blog\/2018\/10\/21\/france-culture-signes-des-temps-la-fin-du-monde-le-21-octobre-2018\/\" target=\"_blank\">une \u00e9mission \u00e0 France Culture<\/a>, si j\u2019ai bon souvenir, dans un d\u00e9bat avec M. Castel. Je ne lui ai pas donn\u00e9 tort, certainement pas. Moi, je mets l\u2019accent un peu sur autre chose que lui. Qu\u2019est-ce que lui dit\u00a0? Il dit : \u00ab\u00a0L\u2019int\u00e9r\u00eat des riches, maintenant, est de vider la caisse avant qu\u2019on ne baisse le rideau, avant que ce soit la fermeture du magasin\u00a0\u00bb. Ils n\u2019ont aucun int\u00e9r\u00eat \u00e0 participer \u00e0 une solution globale. Ils ont simplement int\u00e9r\u00eat \u00e0 tirer le maximum de ce qui se passe en ce moment, de vider la plan\u00e8te, d\u2019enlever tout ce qui reste dans la caisse, etc., et on fait la f\u00eate tant que \u00e7a marche, tant qu\u2019il y a de la musique, on continue de danser et on essaye, quand on est un peu con parmi ces gens-l\u00e0, d\u2019avoir des solutions survivalistes comme d\u2019acheter 3 \u00eeles quelque part en Micron\u00e9sie et de les faire fonctionner en circuit ferm\u00e9, en se disant qu\u2019\u00ab\u00a0On aura peut-\u00eatre le temps, mes enfants, mes petits-enfants, mes arri\u00e8re-petits-enfants, que tous les autres cr\u00e8vent autour et qu\u2019on n\u2019aura peut-\u00eatre m\u00eame pas besoin de l\u2019exterminisme\u00a0: ils vont s\u2019assassiner entre eux \u00e0 partir des rivalit\u00e9s que leurs dirigeants leurs instillent comme valeurs, et on va peut-\u00eatre s\u2019en sortir de cette mani\u00e8re-l\u00e0\u00a0!\u00a0\u00bb. <\/p>\r\n\r\n\r\n\r\n<p>Alors, j\u2019y ai pens\u00e9 au d\u00e9part\u00a0: comment est-ce que je vais terminer mon histoire \u00ab\u00a0Fin du monde\u00a0! Fin du mois\u00a0\u00bb\u00a0? Ce qui m\u2019est venu \u00e0 l\u2019esprit, c\u2019est que j\u2019allais montrer un 4<sup>\u00e8me<\/sup> livre et ce 4<sup>\u00e8me<\/sup> livre, heureusement, il est d\u00e9j\u00e0 \u00e9crit. Le voil\u00e0 [P.J. le montre], vous le connaissez peut-\u00eatre\u00a0: <em><a href=\"https:\/\/www.pauljorion.com\/blog\/?s=Se+d%C3%A9barrasser+du+capitalisme+est+une+question+de+SURVIE\" target=\"_blank\" rel=\"noreferrer noopener\" aria-label=\"Se d\u00e9barrasser du capitalisme est une question de SURVIE (ouverture dans un nouvel onglet)\">Se d\u00e9barrasser du capitalisme est une question de SURVIE<\/a><\/em>, d\u2019un certain Paul Jorion. Il y a beaucoup de conseils dans ce bouquin. Je regardais la table des mati\u00e8res. Elle est bien. Ce sont des chroniques. Ce sont des chroniques qui sont parues dans <em>Le Monde<\/em> et dans <em>Trends-Tendances<\/em>, dans <em>L\u2019\u00c9cho<\/em> en Belgique. \u00c7a a \u00e9t\u00e9 rang\u00e9 par th\u00e8me. J\u2019ai fait les introductions \u00e0 chaque partie, sur les th\u00e8mes particuliers et si vous vous souvenez, \u00e7a se termine par un programme de gouvernement, un programme de gouvernement qui est \u00e0 ce point, je dirais, \u00ab\u00a0bien fait\u00a0\u00bb, qu\u2019<em>il a provoqu\u00e9 la terreur de tous les gens \u00e0 qui j\u2019ai parl\u00e9 en vue de me pr\u00e9senter \u00e9ventuellement aux \u00e9lections europ\u00e9ennes<\/em> [rires]. <\/p>\r\n\r\n\r\n\r\n<p>\u00c7a prouve deux choses bien\r\nentendu&nbsp;: 1\u00b0 \u00e7a prouve que le Parlement europ\u00e9en, ce n\u2019est peut-\u00eatre pas\r\nl\u2019endroit o\u00f9 discuter de ces choses-l\u00e0, et que 2\u00b0 c\u2019est peut-\u00eatre dans la rue,\r\nau niveau de \u00ab&nbsp;certaines r\u00e9bellions&nbsp;\u00bb \u00e0 propos de \u00ab&nbsp;certaines\r\nextinctions&nbsp;\u00bb, que c\u2019est peut-\u00eatre par la d\u00e9sob\u00e9issance civile que l\u2019on va\r\narriver \u00e0 quelque chose&nbsp;: je ne d\u00e9sesp\u00e8re pas que tous les gens qui ont de\r\nbonnes raisons d\u2019\u00eatre f\u00e2ch\u00e9s soient f\u00e2ch\u00e9s ensemble et que l\u2019on obtienne <em>autre chose<\/em> mais il faut attaquer le\r\ncadre dans lequel on nous impose de parler de \u00e7a, et c\u2019est ce cadre o\u00f9\r\nsimplement\u2026 c\u2019est par le\r\nsilence&nbsp;! C\u2019est en haussant les \u00e9paules quand vous dites que l\u2019emploi\r\ndispara\u00eet&nbsp;! <\/p>\r\n\r\n\r\n\r\n<p>\u00c7a fait quelques ann\u00e9es que je dis que\r\nl\u2019emploi dispara\u00eet. Les chiffres sont partout. Les chiffres de l\u2019OCDE sont un\r\npeu plus faibles que ceux produits par les grands cabinets de r\u00e9flexion, les\r\ngrands bureaux d\u2019\u00e9tude. \u00c7a n\u2019a pas d\u2019importance. Tout le monde le dit <em>sauf<\/em> \u2026 les ministres, sauf le Premier\r\nMinistre, sauf le Pr\u00e9sident aux \u00c9tats-Unis, qui disent, eux, le contraire.\r\nPourquoi&nbsp;? Parce que, peut-\u00eatre, ils se disent na\u00efvement que [P.J.\r\nremontre le livre <em>Le mal qui vient<\/em>]\r\n\u00ab&nbsp;On trouvera la solution pour nos gosses \u00e0 nous et qu\u2019il n\u2019y a pas de\r\nprobl\u00e8me&nbsp;!&nbsp;\u00bb, et que si \u00e7a ne marchait pas, on pourrait toujours\r\nchoisir l\u2019exterminisme [P.J. remontre le livre <em>Four Futures<\/em>] parce qu\u2019on aura des Robocop, on aura des <em>munitions intelligentes<\/em> &#8211; c\u2019est-\u00e0-dire\r\nen fait qui travaillent toutes seules &#8211; et qu\u2019en attendant, on peut laisser les\r\ngens crever [P.J. remontre le livre <em>Dying\r\nof Whiteness<\/em>] \u00e0 se dire que \u00ab&nbsp;C\u2019est s\u00fbrement mon voisin qui est\r\nresponsable&nbsp;!&nbsp;\u00bb parce qu\u2019on ne sait pas o\u00f9 se trouvent les vrais\r\nresponsables. On peut dire vaguement \u00ab&nbsp;Les GAFAMI [Google, Apple,\r\nFacebook, Amazon, Microsoft, IBM] mais \u00e7a ne dit pas grand-chose&nbsp;: on ne\r\nsait pas o\u00f9 \u00e7a se trouve&nbsp;! <\/p>\r\n\r\n\r\n\r\n<p>Alors, qu\u2019est-ce qu\u2019il faut faire\u00a0? Education populaire\u00a0! R\u00e9fl\u00e9chir tous ensemble\u00a0! Vous pouvez venir <a href=\"https:\/\/www.pauljorion.com\/blog\/2019\/05\/20\/maison-des-sciences-de-lhomme-sud-penser-les-effondrements-a-montpellier-le-22-mai-2019\/\" target=\"_blank\" rel=\"noreferrer noopener\" aria-label=\"m\u2019\u00e9couter \u00e0 Montpellier (ouverture dans un nouvel onglet)\">m\u2019\u00e9couter \u00e0 Montpellier<\/a> la semaine prochaine [demain mercredi 21 mai]. J\u2019en discutais avec la journaliste qui va organiser le d\u00e9bat. On \u00e9tait un peu furieux tous les deux parce que le d\u00e9bat, au d\u00e9part, j\u2019avais le sentiment qu\u2019on allait parler de <em>L\u2019effondrement<\/em> et puis \u00e7a a \u00e9t\u00e9 transform\u00e9 en <em>Les effondrements<\/em>. C\u2019est une astuce rh\u00e9torique. C\u2019est une mani\u00e8re de nous dire \u00ab\u00a0Un grand effondrement\u00a0? Non, il y a de petits effondrements ici ou l\u00e0\u00a0\u00bb. C\u2019est une mani\u00e8re de disperser. C\u2019est une mani\u00e8re de diluer le sentiment de l\u2019urgence\u00a0: \u00ab\u00a0On va pouvoir s\u2019occuper de tous ces petits effondrements s\u00e9par\u00e9ment\u00a0!\u00a0\u00bb. <\/p>\r\n\r\n\r\n\r\n<p>Non, h\u00e9las&nbsp;: ce n\u2019est plus comme\r\n\u00e7a que \u00e7a marche&nbsp;! Oui, il y a eu de petits effondrements avant mais,\r\nmaintenant, on est dans l\u2019effondrement g\u00e9n\u00e9ralis\u00e9&nbsp;! Quand je vous parle du\r\nGrand Effondrement, je vous parle en m\u00eame temps de M. Trump \u00e0 la t\u00eate des\r\nEtats-Unis, du Brexit en Grande-Bretagne &#8211; il faut mettre tout \u00e7a ensemble&nbsp;!\r\n&#8211; de la polarisation qui monte dans l\u2019ensemble des pays. Tout \u00e7a, c\u2019est le m\u00eame\r\neffondrement qui est en train de se manifester. <\/p>\r\n\r\n\r\n\r\n<p>Bien s\u00fbr, le Grand Effondrement se\r\nmanifeste d\u2019abord par des petits mais, regardez, c\u2019est en train de se passer\r\npartout exactement de la m\u00eame mani\u00e8re. Nous avons eu un peu de chance, si vous\r\nvoulez, hier, en d\u00e9couvrant que les extr\u00eames-droites complotaient toutes\r\nensemble et que, quand \u00e7a appara\u00eet en surface en Autriche, le gouvernement\r\ns\u2019effondre parce que c\u2019est quand m\u00eame un peu dur de voir, dans un pays comme\r\nl\u2019Autriche, que des dirigeants importants &#8211; parce que, quand l\u2019extr\u00eame-droite\r\narrive au gouvernement, \u00e7a devient des gens importants &#8211; que ces gens, en fait,\r\nsont aux ordres d\u2019un autre pays \u00e0 l\u2019\u00e9tranger. Cette histoire d\u2019Autriche rend un\r\npeu d\u2019actualit\u00e9 \u00e0 l\u2019histoire de la collusion de M. Trump avec la Russie. Mais\r\nne nous laissons pas distraire par le fait que c\u2019est l\u2019int\u00e9r\u00eat d\u2019untel ou untel\r\nen ce moment de <em>pousser \u00e0 l\u2019effondrement\r\nplut\u00f4t chez les autres que chez soi-m\u00eame<\/em>. Cet effondrement qui vient, il vient\r\nchez tout le monde&nbsp;! Et le danger essentiel c\u2019est le d\u00e9sint\u00e9r\u00eat des nantis\r\nparce qu\u2019ils ont l\u2019impression &#8211; dans un survivalisme \u00e0 eux &#8211; qu\u2019ils vont s\u2019en\r\nsortir et qu\u2019ils ont l\u2019arme secr\u00e8te, qu\u2019ils ont l\u2019atout, le jour o\u00f9 il faudra\r\nl\u2019atout de\u2026 l\u2019exterminisme [Remontre une derni\u00e8re fois le livre <em>Four Futures<\/em> o\u00f9 l\u2019un des 4 avenirs est\r\nrepr\u00e9sent\u00e9 par une t\u00eate de mort]. Ne dites pas &#8211; c\u2019est ce que dit Peter\r\nFrase&nbsp;\u00bb &#8211; ne dites pas que \u00ab&nbsp;\u00c7a n\u2019existe pas&nbsp;!&nbsp;\u00bb. \u00c7a a d\u00e9j\u00e0\r\nexist\u00e9&nbsp;! On a d\u00e9j\u00e0 vu l\u2019exterminisme&nbsp;! \u00c7a peut encore revenir&nbsp;!\r\nC\u2019est en train d\u2019ailleurs de fonctionner en ce moment. <\/p>\r\n\r\n\r\n\r\n<p>Allez, \u00e0 bient\u00f4t&nbsp;!<\/p>\r\n","protected":false},"excerpt":{"rendered":"<blockquote class=\"wp-block-quote is-layout-flow wp-block-quote-is-layout-flow\">\n<p>Retranscription de <a href=\"https:\/\/www.pauljorion.com\/blog\/2019\/05\/19\/fin-du-monde-fin-du-mois\/\" target=\"_blank\" rel=\"noreferrer noopener\" aria-label=\"&quot;Fin du monde\u00a0! Fin du mois\u00a0!&quot; (ouverture dans un nouvel onglet)\">\u00ab\u00a0Fin du monde\u00a0! Fin du mois\u00a0!\u00a0\u00bb<\/a>, le 19 mai 2019. Ouvert aux commentaires. <\/p>\n<\/blockquote>\n<p>Bonjour, nous sommes le dimanche 19 mai 2019 et le th\u00e8me aujourd\u2019hui, c\u2019est \u00ab\u00a0Fin du monde\u00a0! Fin du mois\u00a0!\u00a0\u00bb. [&hellip;]<\/p>\n","protected":false},"author":1,"featured_media":0,"comment_status":"open","ping_status":"closed","sticky":false,"template":"","format":"standard","meta":{"footnotes":""},"categories":[5123,5217,5372,4390,6105,6188,22,6251,72,6051,5799,6195,6093,6186,4440,5732,5917,6381,6367,5132,5133,5701,5560,102,5318],"tags":[6106,5110,6389,4847,26,4380,1468,4442,4472,1472,852,6052,4209,6132,2626,6171,4485,4229,3267,292,2183,69,4807,2124,4477,711],"class_list":["post-111222","post","type-post","status-publish","format-standard","hentry","category-agnotologie","category-anthropocene","category-brexit","category-collapsologie","category-declarer-letat-durgence-pour-le-genre-humain","category-desobeissance-civile","category-ecologie","category-etat-providence","category-etats-unis","category-exterminisme","category-extinction","category-extinction-rebellion","category-fascisme","category-gilets-jaunes","category-migrations","category-oligarchie-triomphante","category-populisme","category-racisme","category-repression","category-russie","category-se-debarrasser-du-capitalisme-est-une-question-de-survie","category-survivalisme","category-syndicalisme","category-travail","category-ultraliberalisme","tag-declarer-letat-durgence-pour-le-genre-humain","tag-se-debarrasser-du-capitalisme-est-une-question-de-survie","tag-agnotologie","tag-brexit","tag-capitalisme","tag-collapsologie","tag-desobeissance-civile","tag-donald-trump","tag-ecologie","tag-environnement","tag-etat-providence","tag-exterminisme","tag-extinction-du-genre-humain","tag-extinction-rebellion","tag-fascisme","tag-gilets-jaunes","tag-la-survie-de-lespece","tag-migrations","tag-oligarchie","tag-populisme","tag-racisme","tag-russie","tag-survivalisme","tag-syndicats","tag-travail","tag-ultraliberalisme"],"_links":{"self":[{"href":"https:\/\/www.pauljorion.com\/blog\/wp-json\/wp\/v2\/posts\/111222","targetHints":{"allow":["GET"]}}],"collection":[{"href":"https:\/\/www.pauljorion.com\/blog\/wp-json\/wp\/v2\/posts"}],"about":[{"href":"https:\/\/www.pauljorion.com\/blog\/wp-json\/wp\/v2\/types\/post"}],"author":[{"embeddable":true,"href":"https:\/\/www.pauljorion.com\/blog\/wp-json\/wp\/v2\/users\/1"}],"replies":[{"embeddable":true,"href":"https:\/\/www.pauljorion.com\/blog\/wp-json\/wp\/v2\/comments?post=111222"}],"version-history":[{"count":1,"href":"https:\/\/www.pauljorion.com\/blog\/wp-json\/wp\/v2\/posts\/111222\/revisions"}],"predecessor-version":[{"id":111223,"href":"https:\/\/www.pauljorion.com\/blog\/wp-json\/wp\/v2\/posts\/111222\/revisions\/111223"}],"wp:attachment":[{"href":"https:\/\/www.pauljorion.com\/blog\/wp-json\/wp\/v2\/media?parent=111222"}],"wp:term":[{"taxonomy":"category","embeddable":true,"href":"https:\/\/www.pauljorion.com\/blog\/wp-json\/wp\/v2\/categories?post=111222"},{"taxonomy":"post_tag","embeddable":true,"href":"https:\/\/www.pauljorion.com\/blog\/wp-json\/wp\/v2\/tags?post=111222"}],"curies":[{"name":"wp","href":"https:\/\/api.w.org\/{rel}","templated":true}]}}