{"id":111930,"date":"2019-07-07T18:34:02","date_gmt":"2019-07-07T16:34:02","guid":{"rendered":"https:\/\/www.pauljorion.com\/blog\/?p=111930"},"modified":"2019-07-07T18:34:02","modified_gmt":"2019-07-07T16:34:02","slug":"le-telegramme-algues-vertes-on-fait-passer-les-bretons-pour-des-irresponsables-le-7-juillet-2019","status":"publish","type":"post","link":"https:\/\/www.pauljorion.com\/blog\/2019\/07\/07\/le-telegramme-algues-vertes-on-fait-passer-les-bretons-pour-des-irresponsables-le-7-juillet-2019\/","title":{"rendered":"Le T\u00e9l\u00e9gramme, Algues vertes : \u00ab On fait passer les Bretons pour des irresponsables \u00bb, le 7 juillet 2019"},"content":{"rendered":"<blockquote>Ouvert aux commentaires.<\/blockquote>\r\n\r\n\r\n\r\n\r\n<p>Le T\u00e9l\u00e9gramme, Algues vertes.\u00a0<a rel=\"noreferrer noopener\" aria-label=\"\u00ab\u00a0On fait passer les Bretons pour des irresponsables\u00a0\u00bb (ouverture dans un nouvel onglet)\" href=\"https:\/\/www.letelegramme.fr\/dossiers\/algues-vertes-en-bretagne\/algues-vertes-on-fait-passer-les-bretons-pour-des-irresponsables-07-07-2019-12332323.php#yRevB0HkldvWQetD.99\" target=\"_blank\">\u00ab\u00a0On fait passer les Bretons pour des irresponsables\u00a0\u00bb<\/a><\/p>\r\n\r\n\r\n\r\n<blockquote class=\"wp-block-quote is-layout-flow wp-block-quote-is-layout-flow\"><p>Des personnalit\u00e9s bretonnes, \u00e9lues ou repr\u00e9sentantes du monde\u00a0agricole et de l\u2019\u00c9tat, sont directement vis\u00e9es et mises en sc\u00e8ne dans <a rel=\"noreferrer noopener\" aria-label=\"la BD d\u2019In\u00e8s L\u00e9raud (ouverture dans un nouvel onglet)\" href=\"https:\/\/www.letelegramme.fr\/dossiers\/algues-vertes-en-bretagne\/algues-vertes-la-bd-qui-jette-un-pave-dans-la-mare-07-07-2019-12332322.php?cx_tag=backfill&amp;cx_navSource=CxLireAussi&amp;cx_artPos=1#cxrecs_s\" target=\"_blank\">la BD d\u2019In\u00e8s L\u00e9raud<\/a>. Nous avons propos\u00e9 \u00e0 quelques-unes d\u2019entre elles de r\u00e9agir dans nos colonnes.<\/p><\/blockquote>\r\n\r\n\r\n\r\n<figure class=\"wp-block-image size-large\"><img loading=\"lazy\" decoding=\"async\" width=\"738\" height=\"296\" src=\"https:\/\/www.pauljorion.com\/blog\/wp-content\/uploads\/Algues.png\" alt=\"\" class=\"wp-image-111931\" srcset=\"https:\/\/www.pauljorion.com\/blog\/wp-content\/uploads\/Algues.png 738w, https:\/\/www.pauljorion.com\/blog\/wp-content\/uploads\/Algues-300x120.png 300w\" sizes=\"auto, (max-width: 738px) 100vw, 738px\" \/><\/figure>\r\n","protected":false},"excerpt":{"rendered":"<blockquote>\n<p>Ouvert aux commentaires.<\/p>\n<\/blockquote>\n<p>Le T\u00e9l\u00e9gramme, Algues vertes.\u00a0<a rel=\"noreferrer noopener\" aria-label=\"\u00ab\u00a0On fait passer les Bretons pour des irresponsables\u00a0\u00bb (ouverture dans un nouvel onglet)\" href=\"https:\/\/www.letelegramme.fr\/dossiers\/algues-vertes-en-bretagne\/algues-vertes-on-fait-passer-les-bretons-pour-des-irresponsables-07-07-2019-12332323.php#yRevB0HkldvWQetD.99\" target=\"_blank\">\u00ab\u00a0On fait passer les Bretons pour des irresponsables\u00a0\u00bb<\/a><\/p>\n<blockquote class=\"wp-block-quote is-layout-flow wp-block-quote-is-layout-flow\">\n<p>Des personnalit\u00e9s bretonnes, \u00e9lues ou repr\u00e9sentantes du monde\u00a0agricole et de l\u2019\u00c9tat, sont directement vis\u00e9es et mises en sc\u00e8ne dans <a [&hellip;]<\/p>\n<\/blockquote>\n","protected":false},"author":1,"featured_media":0,"comment_status":"open","ping_status":"closed","sticky":false,"template":"","format":"standard","meta":{"footnotes":""},"categories":[1878,4494],"tags":[6469,2236,6470],"class_list":["post-111930","post","type-post","status-publish","format-standard","hentry","category-agriculture-2","category-environnement","tag-algues-vertes","tag-bretagne","tag-ines-leraud"],"_links":{"self":[{"href":"https:\/\/www.pauljorion.com\/blog\/wp-json\/wp\/v2\/posts\/111930","targetHints":{"allow":["GET"]}}],"collection":[{"href":"https:\/\/www.pauljorion.com\/blog\/wp-json\/wp\/v2\/posts"}],"about":[{"href":"https:\/\/www.pauljorion.com\/blog\/wp-json\/wp\/v2\/types\/post"}],"author":[{"embeddable":true,"href":"https:\/\/www.pauljorion.com\/blog\/wp-json\/wp\/v2\/users\/1"}],"replies":[{"embeddable":true,"href":"https:\/\/www.pauljorion.com\/blog\/wp-json\/wp\/v2\/comments?post=111930"}],"version-history":[{"count":3,"href":"https:\/\/www.pauljorion.com\/blog\/wp-json\/wp\/v2\/posts\/111930\/revisions"}],"predecessor-version":[{"id":111934,"href":"https:\/\/www.pauljorion.com\/blog\/wp-json\/wp\/v2\/posts\/111930\/revisions\/111934"}],"wp:attachment":[{"href":"https:\/\/www.pauljorion.com\/blog\/wp-json\/wp\/v2\/media?parent=111930"}],"wp:term":[{"taxonomy":"category","embeddable":true,"href":"https:\/\/www.pauljorion.com\/blog\/wp-json\/wp\/v2\/categories?post=111930"},{"taxonomy":"post_tag","embeddable":true,"href":"https:\/\/www.pauljorion.com\/blog\/wp-json\/wp\/v2\/tags?post=111930"}],"curies":[{"name":"wp","href":"https:\/\/api.w.org\/{rel}","templated":true}]}}