{"id":112012,"date":"2019-07-14T20:31:31","date_gmt":"2019-07-14T18:31:31","guid":{"rendered":"https:\/\/www.pauljorion.com\/blog\/?p=112012"},"modified":"2019-07-14T20:32:46","modified_gmt":"2019-07-14T18:32:46","slug":"trump-enjoint-a-4-deputees-progressistes-de-retourner-dou-elles-viennent","status":"publish","type":"post","link":"https:\/\/www.pauljorion.com\/blog\/2019\/07\/14\/trump-enjoint-a-4-deputees-progressistes-de-retourner-dou-elles-viennent\/","title":{"rendered":"Trump enjoint \u00e0 4 d\u00e9put\u00e9es progressistes de \u00ab\u00a0retourner d&rsquo;o\u00f9 elles viennent\u00a0\u00bb"},"content":{"rendered":"<blockquote class=\"twitter-tweet\" data-lang=\"en\">\n<p lang=\"fr\" dir=\"ltr\">Et si Trump retournait en Allemagne o\u00f9 son grand-p\u00e8re \u00e9tait recherch\u00e9 par la police ? Trump tells four liberal congresswomen to \u2018go back\u2019 to their countries, prompting Pelosi to defend them <a href=\"https:\/\/t.co\/aP72dHB46L\">https:\/\/t.co\/aP72dHB46L<\/a><\/p>\n<p>&mdash; Paul Jorion (@PaulJorion) <a href=\"https:\/\/twitter.com\/PaulJorion\/status\/1150470085057945600?ref_src=twsrc%5Etfw\">July 14, 2019<\/a><\/p><\/blockquote>\n<p><script async src=\"https:\/\/platform.twitter.com\/widgets.js\" charset=\"utf-8\"><\/script><\/p>\n","protected":false},"excerpt":{"rendered":"<blockquote class=\"twitter-tweet\" data-lang=\"en\">\n<p lang=\"fr\" dir=\"ltr\">Et si Trump retournait en Allemagne o\u00f9 son grand-p\u00e8re \u00e9tait recherch\u00e9 par la police ? Trump tells four liberal congresswomen to \u2018go back\u2019 to their countries, prompting Pelosi to defend them <a href=\"https:\/\/t.co\/aP72dHB46L\">https:\/\/t.co\/aP72dHB46L<\/a><\/p>\n<p>&mdash; Paul Jorion (@PaulJorion) <a href=\"https:\/\/twitter.com\/PaulJorion\/status\/1150470085057945600?ref_src=twsrc%5Etfw\">July 14, 2019<\/a><\/p>\n<\/blockquote>\n<p><script async src=\"https:\/\/platform.twitter.com\/widgets.js\" charset=\"utf-8\"><\/script><\/p>\n","protected":false},"author":1,"featured_media":0,"comment_status":"closed","ping_status":"closed","sticky":false,"template":"","format":"standard","meta":{"footnotes":""},"categories":[72],"tags":[5972,6477,4442,6480,6479,6478],"class_list":["post-112012","post","type-post","status-publish","format-standard","hentry","category-etats-unis","tag-alexandria-ocasio-cortez","tag-ayanna-pressley","tag-donald-trump","tag-frederick-trump","tag-ilhan-omar","tag-rashida-tlaib"],"_links":{"self":[{"href":"https:\/\/www.pauljorion.com\/blog\/wp-json\/wp\/v2\/posts\/112012","targetHints":{"allow":["GET"]}}],"collection":[{"href":"https:\/\/www.pauljorion.com\/blog\/wp-json\/wp\/v2\/posts"}],"about":[{"href":"https:\/\/www.pauljorion.com\/blog\/wp-json\/wp\/v2\/types\/post"}],"author":[{"embeddable":true,"href":"https:\/\/www.pauljorion.com\/blog\/wp-json\/wp\/v2\/users\/1"}],"replies":[{"embeddable":true,"href":"https:\/\/www.pauljorion.com\/blog\/wp-json\/wp\/v2\/comments?post=112012"}],"version-history":[{"count":4,"href":"https:\/\/www.pauljorion.com\/blog\/wp-json\/wp\/v2\/posts\/112012\/revisions"}],"predecessor-version":[{"id":112016,"href":"https:\/\/www.pauljorion.com\/blog\/wp-json\/wp\/v2\/posts\/112012\/revisions\/112016"}],"wp:attachment":[{"href":"https:\/\/www.pauljorion.com\/blog\/wp-json\/wp\/v2\/media?parent=112012"}],"wp:term":[{"taxonomy":"category","embeddable":true,"href":"https:\/\/www.pauljorion.com\/blog\/wp-json\/wp\/v2\/categories?post=112012"},{"taxonomy":"post_tag","embeddable":true,"href":"https:\/\/www.pauljorion.com\/blog\/wp-json\/wp\/v2\/tags?post=112012"}],"curies":[{"name":"wp","href":"https:\/\/api.w.org\/{rel}","templated":true}]}}