{"id":112090,"date":"2019-07-19T18:13:31","date_gmt":"2019-07-19T16:13:31","guid":{"rendered":"https:\/\/www.pauljorion.com\/blog\/?p=112090"},"modified":"2019-07-19T18:13:31","modified_gmt":"2019-07-19T16:13:31","slug":"la-chute-de-la-meteorite-trump-tome-1-un-objet-populiste-mal-identifie-pp-110-113","status":"publish","type":"post","link":"https:\/\/www.pauljorion.com\/blog\/2019\/07\/19\/la-chute-de-la-meteorite-trump-tome-1-un-objet-populiste-mal-identifie-pp-110-113\/","title":{"rendered":"La chute de la m\u00e9t\u00e9orite Trump. <b>Tome 1 : Un objet populiste mal identifi\u00e9<\/b>, pp. 110-113"},"content":{"rendered":"<p><a href=\"https:\/\/www.pauljorion.com\/blog\/wp-content\/uploads\/Jorion-Trump-tome-1-v4-1.jpg\"><img loading=\"lazy\" decoding=\"async\" class=\"alignleft size-full wp-image-112092\" src=\"https:\/\/www.pauljorion.com\/blog\/wp-content\/uploads\/Mal-identifie\u00cc\u0081.png\" alt=\"\" width=\"220\" height=\"350\" \/><\/a><\/p>\n<blockquote><p>Vous trouverez en effet aux pages 110 \u00e0 113 les propos suivants :<\/p><\/blockquote>\n<p><strong>18 ao\u00fbt 2017<\/strong><\/p>\n<p><em>\u00c0 la lumi\u00e8re des \u00e9v\u00e9nements de Charlottesville et des commentaires de Trump \u00e0 leur propos, je sugg\u00e8re ce jour-l\u00e0, de mani\u00e8re imag\u00e9e, que Trump est le dernier des g\u00e9n\u00e9raux conf\u00e9d\u00e9r\u00e9s sudistes et qu\u2019avec lui se d\u00e9roule la bataille ultime de la guerre de S\u00e9cession, en r\u00e9alit\u00e9 inachev\u00e9e. De mani\u00e8re inattendue il dispose \u00e0 ses c\u00f4t\u00e9s, de troupes \u00e9trang\u00e8res, \u00e0 la t\u00eate desquelles se trouvent le Russe Vladimir Poutine et l\u2019Australien Julian Assange.<\/em><\/p>\n<p><strong>La derni\u00e8re bataille de la guerre de S\u00e9cession (1861 \u2013 1865)<\/strong><\/p>\n<p>On d\u00e9couvre petit \u00e0 petit qui est v\u00e9ritablement ce bonhomme et, le doute n\u2019est plus permis maintenant\u00a0: Trump est un g\u00e9n\u00e9ral sudiste, Trump est un g\u00e9n\u00e9ral de l\u2019arm\u00e9e sudiste en d\u00e9route. Son p\u00e8re, Fred Trump, a plus que probablement appartenu au Ku Klux Klan, s\u2019est ralli\u00e9 \u00e0 cette id\u00e9ologie-l\u00e0 et les \u00e9v\u00e9nements de ces jours derniers le soulignent, mettent en \u00e9vidence le fait qu\u2019il y a des choses dans l\u2019Histoire qui n\u2019ont pas \u00e9t\u00e9 termin\u00e9es et qui se terminent parfois beaucoup plus tard. Beaucoup plus tard puisque vous le savez, la Guerre de S\u00e9cession (1861 \u2013 1865), \u00e7a ne date pas d\u2019aujourd\u2019hui. Mais il s\u2019est pass\u00e9 apr\u00e8s la Guerre de S\u00e9cession une chose \u00e0 laquelle on s\u2019est peu int\u00e9ress\u00e9 mais que l\u2019actualit\u00e9 d\u2019aujourd\u2019hui et des jours pr\u00e9c\u00e9dents nous rappelle\u00a0: d\u2019une certaine mani\u00e8re, les Sudistes n\u2019ont pas vraiment perdu. Sous pr\u00e9texte ou dans un esprit \u2013 je dirais peut-\u00eatre \u00ab\u00a0g\u00e9n\u00e9reux\u00a0\u00bb\u00a0\u2013 de permettre au Sud de se reconstruire, on lui a permis de ne pas, je dirais pour faire image, se \u00ab\u00a0d\u00e9staliniser\u00a0\u00bb enti\u00e8rement par rapport \u00e0 ses visions esclavagistes.<\/p>\n<p>[&#8230;] Donc, on nous a dit : \u00ab\u00a0Oui, les supr\u00e9macistes, les identitaires blancs du Ku\u00a0Klux Klan, les nostalgiques de l\u2019arm\u00e9e conf\u00e9d\u00e9r\u00e9e qui ont d\u00e9fil\u00e9 l\u2019autre jour samedi \u00e0 Charlottesville,\u00a0c\u2019est un pr\u00e9texte pour eux, le d\u00e9boulonnage de cette statue de Robert E. Lee\u00a0\u00bb, mais en r\u00e9alit\u00e9 c\u2019est significatif parce que maintenant, vous le voyez, tout \u00e7a se retrouve au c\u0153ur de l\u2019actualit\u00e9. Et le fait que Trump se d\u00e9clare \u00ab\u00a0pour la protection de ces beaux monuments\u00a0\u00bb, ce sont ses termes, est tout \u00e0 fait significatif\u00a0: il est dans le camp sudiste.<\/p>\n<p>[&#8230;] La derni\u00e8re bataille de la guerre civile am\u00e9ricaine est en train d\u2019avoir lieu. On ne sait pas qui va gagner parce que les Sudistes n\u2019ont pas d\u00e9sarm\u00e9.<\/p>\n","protected":false},"excerpt":{"rendered":"<p><a href=\"https:\/\/www.pauljorion.com\/blog\/wp-content\/uploads\/Jorion-Trump-tome-1-v4-1.jpg\"><img loading=\"lazy\" decoding=\"async\" class=\"alignleft size-full wp-image-112092\" src=\"https:\/\/www.pauljorion.com\/blog\/wp-content\/uploads\/Mal-identifie\u00cc\u0081.png\" alt=\"\" width=\"220\" height=\"350\" \/><\/a><\/p>\n<blockquote>\n<p>Vous trouverez en effet aux pages 110 \u00e0 113 les propos suivants :<\/p>\n<\/blockquote>\n<p><strong>18 ao\u00fbt 2017<\/strong><\/p>\n<p><em>\u00c0 la lumi\u00e8re des \u00e9v\u00e9nements de Charlottesville et des commentaires de Trump \u00e0 leur propos, je sugg\u00e8re ce jour-l\u00e0, de mani\u00e8re imag\u00e9e, que Trump est le dernier des g\u00e9n\u00e9raux [&hellip;]<\/em><\/p>\n","protected":false},"author":1,"featured_media":0,"comment_status":"closed","ping_status":"closed","sticky":false,"template":"","format":"standard","meta":{"footnotes":""},"categories":[72],"tags":[4442,2329,1276,3582,3641],"class_list":["post-112090","post","type-post","status-publish","format-standard","hentry","category-etats-unis","tag-donald-trump","tag-guerre-de-secession","tag-julian-assange","tag-ku-klux-klan","tag-vladimir-poutine"],"_links":{"self":[{"href":"https:\/\/www.pauljorion.com\/blog\/wp-json\/wp\/v2\/posts\/112090","targetHints":{"allow":["GET"]}}],"collection":[{"href":"https:\/\/www.pauljorion.com\/blog\/wp-json\/wp\/v2\/posts"}],"about":[{"href":"https:\/\/www.pauljorion.com\/blog\/wp-json\/wp\/v2\/types\/post"}],"author":[{"embeddable":true,"href":"https:\/\/www.pauljorion.com\/blog\/wp-json\/wp\/v2\/users\/1"}],"replies":[{"embeddable":true,"href":"https:\/\/www.pauljorion.com\/blog\/wp-json\/wp\/v2\/comments?post=112090"}],"version-history":[{"count":6,"href":"https:\/\/www.pauljorion.com\/blog\/wp-json\/wp\/v2\/posts\/112090\/revisions"}],"predecessor-version":[{"id":112098,"href":"https:\/\/www.pauljorion.com\/blog\/wp-json\/wp\/v2\/posts\/112090\/revisions\/112098"}],"wp:attachment":[{"href":"https:\/\/www.pauljorion.com\/blog\/wp-json\/wp\/v2\/media?parent=112090"}],"wp:term":[{"taxonomy":"category","embeddable":true,"href":"https:\/\/www.pauljorion.com\/blog\/wp-json\/wp\/v2\/categories?post=112090"},{"taxonomy":"post_tag","embeddable":true,"href":"https:\/\/www.pauljorion.com\/blog\/wp-json\/wp\/v2\/tags?post=112090"}],"curies":[{"name":"wp","href":"https:\/\/api.w.org\/{rel}","templated":true}]}}