{"id":112260,"date":"2019-07-26T10:53:08","date_gmt":"2019-07-26T08:53:08","guid":{"rendered":"https:\/\/www.pauljorion.com\/blog\/?p=112260"},"modified":"2019-07-27T17:42:17","modified_gmt":"2019-07-27T15:42:17","slug":"on-nous-cache-tout-on-nous-dit-rien","status":"publish","type":"post","link":"https:\/\/www.pauljorion.com\/blog\/2019\/07\/26\/on-nous-cache-tout-on-nous-dit-rien\/","title":{"rendered":"On nous cache tout&nbsp;! On nous dit rien&nbsp;!"},"content":{"rendered":"\r\n<figure><iframe loading=\"lazy\" width=\"700\" height=\"550\" class = \"aligncenter\" src=\"https:\/\/www.youtube.com\/embed\/IzCbnspsc2M\" allowfullscreen=\"\"><\/iframe><\/figure>\r\n\r\n\r\n\r\n<p>Pourquoi l&rsquo;information officielle nous donne-t-elle le sentiment qu&rsquo;on nous cache d\u00e9lib\u00e9r\u00e9ment des choses ?<\/p>\r\n\r\n\r\n\r\n<p>Censure ? Auto-censure ? Mauvaise information ? D\u00e9sint\u00e9r\u00eat ? Incomp\u00e9tence ?<\/p>\r\n\r\n\r\nBlog de Paul Jorion : <a href=\"https:\/\/www.pauljorion.com\/blog\/2019\/07\/24\/audition-de-robert-mueller-devant-le-congres\/\" rel=\"noopener noreferrer\" target=\"_blank\">Audition de Robert Mueller devant le Congr\u00e8s<\/a>, le 24 juillet 2019<br \/>\r\nBlog de Paul Jorion : <a href=\"https:\/\/www.pauljorion.com\/blog\/2019\/07\/25\/audition-de-robert-mueller-le-24-juillet-2019-un-bilan\/\" rel=\"noopener noreferrer\" target=\"_blank\">Audition de Robert Mueller le 24 juillet 2019 : un bilan<\/a>, le 25 juillet 2019<br \/>\r\nBlog de Paul Jorion : <a href=\"https:\/\/www.pauljorion.com\/blog\/2019\/07\/25\/temoignage-de-robert-mueller-tout-le-monde-en-vacances-a-lafp\/\" rel=\"noopener noreferrer\" target=\"_blank\">T\u00e9moignage de Robert Mueller : Tout le monde en vacances \u00e0 l&rsquo;<b>AFP<\/b>&nbsp;?<\/a> le 25 juillet 2019<br \/><br \/>\r\n\r\nJe dis \u00ab\u00a0Washington Inquirer\u00a0\u00bb, c&rsquo;est <a href=\"https:\/\/en.wikipedia.org\/wiki\/Washington_Examiner\" rel=\"noopener noreferrer\" target=\"_blank\">\u00ab\u00a0Washington Examiner\u00a0\u00bb<\/a>.","protected":false},"excerpt":{"rendered":"<figure><iframe loading=\"lazy\" width=\"700\" height=\"550\" class = \"aligncenter\" src=\"https:\/\/www.youtube.com\/embed\/IzCbnspsc2M\" allowfullscreen=\"\"><\/iframe><\/figure>\n<p>Pourquoi l&rsquo;information officielle nous donne-t-elle le sentiment qu&rsquo;on nous cache d\u00e9lib\u00e9r\u00e9ment des choses ?<\/p>\n<p>Censure ? Auto-censure ? Mauvaise information ? D\u00e9sint\u00e9r\u00eat ? Incomp\u00e9tence ?<\/p>\n<p>Blog de Paul Jorion : <a href=\"https:\/\/www.pauljorion.com\/blog\/2019\/07\/24\/audition-de-robert-mueller-devant-le-congres\/\" rel=\"noopener noreferrer\" target=\"_blank\">Audition de Robert Mueller devant le Congr\u00e8s<\/a>, le 24 juillet 2019<br \/> Blog [&hellip;]<\/p>\n","protected":false},"author":1,"featured_media":0,"comment_status":"closed","ping_status":"closed","sticky":false,"template":"","format":"standard","meta":{"footnotes":""},"categories":[6403,4848],"tags":[6502,6501,3676,6404,705],"class_list":["post-112260","post","type-post","status-publish","format-standard","hentry","category-complotisme","category-presse","tag-afp","tag-censure","tag-complotisme","tag-conspirationnisme","tag-presse"],"_links":{"self":[{"href":"https:\/\/www.pauljorion.com\/blog\/wp-json\/wp\/v2\/posts\/112260","targetHints":{"allow":["GET"]}}],"collection":[{"href":"https:\/\/www.pauljorion.com\/blog\/wp-json\/wp\/v2\/posts"}],"about":[{"href":"https:\/\/www.pauljorion.com\/blog\/wp-json\/wp\/v2\/types\/post"}],"author":[{"embeddable":true,"href":"https:\/\/www.pauljorion.com\/blog\/wp-json\/wp\/v2\/users\/1"}],"replies":[{"embeddable":true,"href":"https:\/\/www.pauljorion.com\/blog\/wp-json\/wp\/v2\/comments?post=112260"}],"version-history":[{"count":9,"href":"https:\/\/www.pauljorion.com\/blog\/wp-json\/wp\/v2\/posts\/112260\/revisions"}],"predecessor-version":[{"id":112283,"href":"https:\/\/www.pauljorion.com\/blog\/wp-json\/wp\/v2\/posts\/112260\/revisions\/112283"}],"wp:attachment":[{"href":"https:\/\/www.pauljorion.com\/blog\/wp-json\/wp\/v2\/media?parent=112260"}],"wp:term":[{"taxonomy":"category","embeddable":true,"href":"https:\/\/www.pauljorion.com\/blog\/wp-json\/wp\/v2\/categories?post=112260"},{"taxonomy":"post_tag","embeddable":true,"href":"https:\/\/www.pauljorion.com\/blog\/wp-json\/wp\/v2\/tags?post=112260"}],"curies":[{"name":"wp","href":"https:\/\/api.w.org\/{rel}","templated":true}]}}