{"id":112723,"date":"2019-08-21T17:04:43","date_gmt":"2019-08-21T15:04:43","guid":{"rendered":"https:\/\/www.pauljorion.com\/blog\/?p=112723"},"modified":"2019-08-21T19:58:14","modified_gmt":"2019-08-21T17:58:14","slug":"post-scriptum-a-fin-du-capitalisme-bonnes-nouvelles","status":"publish","type":"post","link":"https:\/\/www.pauljorion.com\/blog\/2019\/08\/21\/post-scriptum-a-fin-du-capitalisme-bonnes-nouvelles\/","title":{"rendered":"<b>Post-scriptum \u00e0 \u00ab\u00a0Fin du capitalisme : bonnes nouvelles&nbsp;!\u00a0\u00bb<\/b>"},"content":{"rendered":"\r\n<p><strong>Post-scriptum \u00e0 <a href=\"https:\/\/www.pauljorion.com\/blog\/2019\/08\/21\/fin-du-capitalisme-bonnes-nouvelles-le-19-aout-2019-retranscription\/\" target=\"_blank\" rel=\"noreferrer noopener\" aria-label=\"Fin du capitalisme : bonnes nouvelles\u00a0!\">Fin du capitalisme : bonnes nouvelles\u00a0!<\/a><\/strong><\/p>\r\n\r\n\r\n\r\n<p>Je n&rsquo;ai pas \u00e9t\u00e9 le seul avant-hier \u00e0 avoir <a href=\"https:\/\/www.pauljorion.com\/blog\/2019\/08\/19\/fin-du-capitalisme-bonnes-nouvelles\/\" target=\"_blank\" rel=\"noopener noreferrer\">salu\u00e9 la d\u00e9claration officielle<\/a> du syndicat patronal am\u00e9ricain <em>Business Roundtable<\/em> affirmant qu&rsquo;il faut mettre fin \u00e0 la pr\u00e9\u00e9minence de l&rsquo;actionnaire dans la d\u00e9finition des objectifs de la firme, pour y inclure quatre autres parties prenantes : ses clients, ses employ\u00e9s, ses fournisseurs et la communaut\u00e9, en les faisant b\u00e9n\u00e9ficier toutes du m\u00eame traitement \u00e9quitable.<\/p>\r\n\r\n\r\n\r\n<p>Je rappelle que le slogan \u00ab\u00a0L&rsquo;entreprise fonctionne pour le seul b\u00e9n\u00e9fice de ses actionnaires\u00a0\u00bb, d\u00fb au Prix Nobel d&rsquo;\u00e9conomie (sic) Milton Friedman, a eu valeur de dogme au cours du demi-si\u00e8cle \u00e9coul\u00e9, et peut \u00eatre consid\u00e9r\u00e9 comme la devise du capitalisme dans sa version <em>ultralib\u00e9rale<\/em>. <!--more-->Pour rappeler quel genre de bonhomme \u00e9tait Friedman, Andrew Ross Sorkin, auteur d&rsquo;un excellent livre sur la crise des <em>subprimes<\/em> : \u00ab\u00a0Too Big To Fail\u00a0\u00bb (2009), cite le passage suivant d&rsquo;un article du laur\u00e9at publi\u00e9 en 1970 dans le m\u00eame <em>New York Times<\/em>\u00a0 :<\/p>\r\n\r\n\r\n\r\n<blockquote class=\"wp-block-quote is-layout-flow wp-block-quote-is-layout-flow\">\r\n<p>Qu&rsquo;est-ce que cela signifie de dire que le \u00ab\u00a0monde des affaires\u00a0\u00bb a des responsabilit\u00e9s ? Les hommes d&rsquo;affaires qui s&rsquo;expriment de cette mani\u00e8re sont \u00e0 leur insu les marionnettes des forces intellectuelles qui sapent les fondements de la soci\u00e9t\u00e9 libre des r\u00e9centes d\u00e9cennies.<\/p>\r\n<\/blockquote>\r\n\r\n\r\n\r\n<p>Vous avez d\u00fb noter que M. Friedman s&rsquo;\u00e9tait tr\u00e8s poliment abstenu de dire \u00ab\u00a0les marionnettes des Bolch\u00e9viques\u00a0\u00bb, pour recourir \u00e0 une circonlocution. Ceci dit, il a d\u00fb encore attendre six longues ann\u00e9es avant de recevoir son prix, alors que cette seule phrase suffisait \u00e0 le lui faire m\u00e9riter !<\/p>\r\n\r\n\r\n\r\n<p>Certains d&rsquo;entre vous, dans vos observations ici, et d&rsquo;autres ailleurs, ont d\u00e9j\u00e0 affirm\u00e9 que cette d\u00e9claration de PDGs US ne les engageait en fait \u00e0 rien. Permettez-moi de vous faire remarquer alors que cela souligne h\u00e9las \u00e0 quel point la mentalit\u00e9 du \u00ab\u00a0monde des affaires\u00a0\u00bb est devenue \u00e9galement la n\u00f4tre : nous consid\u00e9rons tous aujourd&rsquo;hui que la d\u00e9claration d&rsquo;un PDG ne l&rsquo;engage \u00e0 rien, que sa promesse, c&rsquo;est du vent.<\/p>\r\n\r\n\r\n\r\n<p>Souvenez-vous, nous avons d\u00e9j\u00e0 eu cette discussion ici, c&rsquo;\u00e9tait il y a onze ans, \u00e0 propos du discours de Toulon de M. Sarkozy, quand il annon\u00e7ait les mesures qu&rsquo;il allait prendre pour ent\u00e9riner la fin du capitalisme, et que je l&rsquo;avais f\u00e9licit\u00e9, et que vous \u00e9tiez l\u00e0 \u00e0 clamer : \u00ab\u00a0C&rsquo;est bidon, il ne le fera jamais ! Comment pouvez-vous ne pas le savoir !\u00a0\u00bb, et que je vous r\u00e9pondais que la question n&rsquo;\u00e9tait pas l\u00e0, que l&rsquo;essentiel \u00e9tait dans la diff\u00e9rence qui existe entre \u00ab\u00a0<em>Reprocher un jour \u00e0 quelqu&rsquo;un de ne pas avoir fait quelque chose dont il n&rsquo;a en fait jamais parl\u00e9\u00a0\u00bb<\/em> et \u00ab\u00a0<em>Rappeler plus tard \u00e0 quelqu&rsquo;un qu&rsquo;il n&rsquo;a pas fait quelque chose<\/em> <em>qu&rsquo;il avait promis de faire\u00a0\u00bb<\/em>.<\/p>\r\n\r\n\r\n\r\n<p>Pourquoi cette initiative des gens de la <em>Business Roundtable<\/em> ? Pour le <em>Financial Times<\/em>, la raison est claire : que l&rsquo;opinion publique identifie d\u00e9sormais le monde des affaires \u00e0 une position nuanc\u00e9e et conciliante face \u00e0 la col\u00e8re qui gronde \u00e0 l&rsquo;\u00e9gard de ses habitudes, que cette col\u00e8re soit celle des \u00e9lecteurs fascisants de Trump ou des partisans \u00e0 gauche d&rsquo;Elizabeth Warren et de Bernie Sanders, et de <a href=\"https:\/\/www.pauljorion.com\/blog\/wp-content\/uploads\/Anti-Trump-1024x567.png\" target=\"_blank\" rel=\"noopener noreferrer\">notre commando de choc favori<\/a> des quatre \u00ab\u00a0socialistes de couleur\u00a0\u00bb, comme on s&rsquo;exprime l\u00e0-bas.<\/p>\r\n\r\n\r\n\r\n<p>Et puisqu&rsquo;il a beaucoup \u00e9t\u00e9 question ici de septembre 2008, vous vous souvenez peut-\u00eatre aussi de cette \u00e9mission \u00e0 l&rsquo;\u00e9poque sur France Culture o\u00f9 j&rsquo;\u00e9tais oppos\u00e9 \u00e0 un banquier qui en fait approuvait chaleureusement tout ce que je pouvais avancer, et \u00e0 qui j&rsquo;avais demand\u00e9 du coup dans le couloir, une fois l&rsquo;\u00e9mission termin\u00e9e, pourquoi le monde de la banque ne me suivait pas dans ce cas-l\u00e0, et qui m&rsquo;avait r\u00e9pondu : \u00ab\u00a0Nous vous suivrons d\u00e8s que <em>les march\u00e9s<\/em> auront d\u00e9termin\u00e9 que c&rsquo;est la voie \u00e0 suivre !\u00a0\u00bb<\/p>\r\n<p>La d\u00e9claration de la <em>Business Roundtable<\/em>, est-elle le signe que <em>les march\u00e9s<\/em> sont d\u00e9sormais pr\u00eats \u00e0 op\u00e9rer leur tournant ? On peut r\u00eaver&#8230; Ou au contraire \u00eatre r\u00e9aliste ? Difficile \u00e0 dire ! Comptez sur moi en tout cas pour vous tenir au courant \ud83d\ude00<\/p>\r\n","protected":false},"excerpt":{"rendered":"<p><strong>Post-scriptum \u00e0 <a href=\"https:\/\/www.pauljorion.com\/blog\/2019\/08\/21\/fin-du-capitalisme-bonnes-nouvelles-le-19-aout-2019-retranscription\/\" target=\"_blank\" rel=\"noreferrer noopener\" aria-label=\"Fin du capitalisme : bonnes nouvelles\u00a0!\">Fin du capitalisme : bonnes nouvelles\u00a0!<\/a><\/strong><\/p>\n<p>Je n&rsquo;ai pas \u00e9t\u00e9 le seul avant-hier \u00e0 avoir <a href=\"https:\/\/www.pauljorion.com\/blog\/2019\/08\/19\/fin-du-capitalisme-bonnes-nouvelles\/\" target=\"_blank\" rel=\"noopener noreferrer\">salu\u00e9 la d\u00e9claration officielle<\/a> du syndicat patronal am\u00e9ricain <em>Business Roundtable<\/em> affirmant qu&rsquo;il faut mettre fin \u00e0 la pr\u00e9\u00e9minence de l&rsquo;actionnaire dans la d\u00e9finition des [&hellip;]<\/p>\n","protected":false},"author":1,"featured_media":0,"comment_status":"closed","ping_status":"closed","sticky":false,"template":"","format":"standard","meta":{"footnotes":""},"categories":[5027,2769,5318],"tags":[679,5972,6561,4431,6560,122,60],"class_list":["post-112723","post","type-post","status-publish","format-standard","hentry","category-capitalisme","category-science-economique-2","category-ultraliberalisme","tag-actionnaires","tag-alexandria-ocasio-cortez","tag-andrew-ross-sorokin","tag-bernie-sanders","tag-business-roundtable","tag-elizabeth-warren","tag-milton-friedman"],"_links":{"self":[{"href":"https:\/\/www.pauljorion.com\/blog\/wp-json\/wp\/v2\/posts\/112723","targetHints":{"allow":["GET"]}}],"collection":[{"href":"https:\/\/www.pauljorion.com\/blog\/wp-json\/wp\/v2\/posts"}],"about":[{"href":"https:\/\/www.pauljorion.com\/blog\/wp-json\/wp\/v2\/types\/post"}],"author":[{"embeddable":true,"href":"https:\/\/www.pauljorion.com\/blog\/wp-json\/wp\/v2\/users\/1"}],"replies":[{"embeddable":true,"href":"https:\/\/www.pauljorion.com\/blog\/wp-json\/wp\/v2\/comments?post=112723"}],"version-history":[{"count":14,"href":"https:\/\/www.pauljorion.com\/blog\/wp-json\/wp\/v2\/posts\/112723\/revisions"}],"predecessor-version":[{"id":112747,"href":"https:\/\/www.pauljorion.com\/blog\/wp-json\/wp\/v2\/posts\/112723\/revisions\/112747"}],"wp:attachment":[{"href":"https:\/\/www.pauljorion.com\/blog\/wp-json\/wp\/v2\/media?parent=112723"}],"wp:term":[{"taxonomy":"category","embeddable":true,"href":"https:\/\/www.pauljorion.com\/blog\/wp-json\/wp\/v2\/categories?post=112723"},{"taxonomy":"post_tag","embeddable":true,"href":"https:\/\/www.pauljorion.com\/blog\/wp-json\/wp\/v2\/tags?post=112723"}],"curies":[{"name":"wp","href":"https:\/\/api.w.org\/{rel}","templated":true}]}}