{"id":113461,"date":"2019-09-23T19:07:35","date_gmt":"2019-09-23T17:07:35","guid":{"rendered":"https:\/\/www.pauljorion.com\/blog\/?p=113461"},"modified":"2019-09-23T19:07:35","modified_gmt":"2019-09-23T17:07:35","slug":"au-coach-qui-ecrit-a-sa-place-evidemment-elle-est-asperger-vous-savez-les-discours-de-greta-thunberg","status":"publish","type":"post","link":"https:\/\/www.pauljorion.com\/blog\/2019\/09\/23\/au-coach-qui-ecrit-a-sa-place-evidemment-elle-est-asperger-vous-savez-les-discours-de-greta-thunberg\/","title":{"rendered":"<b>Au coach qui \u00e9crit (\u00e0 sa place \u00e9videmment : elle est Asperger vous savez&#8230;) les discours de Greta Thunberg<\/b>"},"content":{"rendered":"\r\n<p>Bravo Monsieur ou Madame, vous \u00eates tr\u00e8s dou\u00e9.e : on a presque l&rsquo;impression qu&rsquo;elle exprime ses propres sentiments&nbsp;!<\/p>\r\n\r\n\r\n\r\n<iframe loading=\"lazy\" width=\"700\" height=\"450\" src=\"https:\/\/www.youtube.com\/embed\/e5erHvxEGxA\" frameborder=\"0\" class=\"aligncenter\" allow=\"accelerometer; autoplay; encrypted-media; gyroscope; picture-in-picture\" allowfullscreen><\/iframe>\r\n\r\n\r\n\r\n<p>P.S. Elle ne s&rsquo;est pas encore suicid\u00e9e apparemment &#8211; malgr\u00e9 vos encouragements ! (\u00ab\u00a0Pourvou que \u00e7a doure !\u00a0\u00bb, comme disait la m\u00e8re de Napol\u00e9on). <\/p>\r\n","protected":false},"excerpt":{"rendered":"<p>Bravo Monsieur ou Madame, vous \u00eates tr\u00e8s dou\u00e9.e : on a presque l&rsquo;impression qu&rsquo;elle exprime ses propres sentiments&nbsp;!<\/p>\n<p><iframe loading=\"lazy\" width=\"700\" height=\"450\" src=\"https:\/\/www.youtube.com\/embed\/e5erHvxEGxA\" frameborder=\"0\" class=\"aligncenter\" allow=\"accelerometer; autoplay; encrypted-media; gyroscope; picture-in-picture\" allowfullscreen><\/iframe><\/p>\n<p>P.S. Elle ne s&rsquo;est pas encore suicid\u00e9e apparemment &#8211; malgr\u00e9 vos encouragements ! (\u00ab\u00a0Pourvou que \u00e7a doure !\u00a0\u00bb, comme disait la m\u00e8re de Napol\u00e9on). <\/p>\n","protected":false},"author":1,"featured_media":0,"comment_status":"closed","ping_status":"closed","sticky":false,"template":"","format":"standard","meta":{"footnotes":""},"categories":[4494,5799,6195],"tags":[6196,172],"class_list":["post-113461","post","type-post","status-publish","format-standard","hentry","category-environnement","category-extinction","category-extinction-rebellion","tag-greta-thunberg","tag-rechauffement-climatique"],"_links":{"self":[{"href":"https:\/\/www.pauljorion.com\/blog\/wp-json\/wp\/v2\/posts\/113461","targetHints":{"allow":["GET"]}}],"collection":[{"href":"https:\/\/www.pauljorion.com\/blog\/wp-json\/wp\/v2\/posts"}],"about":[{"href":"https:\/\/www.pauljorion.com\/blog\/wp-json\/wp\/v2\/types\/post"}],"author":[{"embeddable":true,"href":"https:\/\/www.pauljorion.com\/blog\/wp-json\/wp\/v2\/users\/1"}],"replies":[{"embeddable":true,"href":"https:\/\/www.pauljorion.com\/blog\/wp-json\/wp\/v2\/comments?post=113461"}],"version-history":[{"count":3,"href":"https:\/\/www.pauljorion.com\/blog\/wp-json\/wp\/v2\/posts\/113461\/revisions"}],"predecessor-version":[{"id":113464,"href":"https:\/\/www.pauljorion.com\/blog\/wp-json\/wp\/v2\/posts\/113461\/revisions\/113464"}],"wp:attachment":[{"href":"https:\/\/www.pauljorion.com\/blog\/wp-json\/wp\/v2\/media?parent=113461"}],"wp:term":[{"taxonomy":"category","embeddable":true,"href":"https:\/\/www.pauljorion.com\/blog\/wp-json\/wp\/v2\/categories?post=113461"},{"taxonomy":"post_tag","embeddable":true,"href":"https:\/\/www.pauljorion.com\/blog\/wp-json\/wp\/v2\/tags?post=113461"}],"curies":[{"name":"wp","href":"https:\/\/api.w.org\/{rel}","templated":true}]}}