{"id":114256,"date":"2019-10-19T18:56:38","date_gmt":"2019-10-19T16:56:38","guid":{"rendered":"https:\/\/www.pauljorion.com\/blog\/?p=114256"},"modified":"2019-10-20T09:21:10","modified_gmt":"2019-10-20T07:21:10","slug":"fissures-dans-le-vieux-monde-par-jacques-seignan","status":"publish","type":"post","link":"https:\/\/www.pauljorion.com\/blog\/2019\/10\/19\/fissures-dans-le-vieux-monde-par-jacques-seignan\/","title":{"rendered":"<b>Fissures dans le vieux monde ?<\/b>, par Jacques Seignan"},"content":{"rendered":"<blockquote>Ouvert aux commentaires.<\/blockquote>\r\n\r\n\r\n\r\n\r\n<p>Actuellement il y a de nombreuses r\u00e9voltes urbaines partout dans le monde. Les m\u00e9dias europ\u00e9ens sont \u00e9videmment centr\u00e9s sur nos pays et Barcelone est au premier plan avec des images d\u2019\u00e9meutes inimaginables (pas plus qu\u2019\u00e0 Paris en d\u00e9cembre dernier&#8230;).<br \/>Mais si l\u2019on consid\u00e8re que rien n\u2019est r\u00e9solu ni en Alg\u00e9rie, ni \u00e0 Hong Kong avec des mobilisations massives (qui tournent \u00e0 la violence dans cette ville), il y a d\u2019autres foyers dont on parle trop peu :<br \/>&#8211; En Guin\u00e9e&nbsp;: \u00e0 Conakry, 9 morts dans des manifestations contre Alpha Kond\u00e9 (81 ans).<br \/>&#8211; En \u00c9quateur : \u00e0 Quito o\u00f9 Lenin a d\u00fb c\u00e9der apr\u00e8s avoir fui sa capitale &#8230;<br \/>&#8211; au Chili : \u00e9tat d\u2019urgence \u00e0 Santiago (tr\u00e8s sinistre souvenir) apr\u00e8s le chaos \u00e0 Santiago, hier<br \/>&#8211; au Liban : un 3e jour de manifestation, le centre-ville de Beyrouth comme un champ de bataille&#8230;<br \/>&#8211; en Irak : 100 morts \u00e0 Bagdad apr\u00e8s 6 jours d\u2019\u00e9meute, la situation semble \u00ab calm\u00e9e \u00bb&#8230;<\/p>\r\n\r\n\r\n<!--more-->\r\n\r\n\r\n<p>Peut-on d\u00e9celer des analogies ? Des augmentations subites de prix qui sont autant d\u2019agressions contre les plus pauvres, des jeunesses qui ne supportent plus la corruption institutionnalis\u00e9e et le cynisme des pouvoirs, le r\u00f4le du FMI qui est toujours une machine \u00e0 cr\u00e9er les r\u00e9volutions&#8230; (mais sans la CIA, c\u2019est plus dur de les mater)<\/p>\r\n\r\n\r\n\r\n<p>Aujourd\u2019hui \u00e0 Londres (apr\u00e8s les blocages r\u00e9ussis d\u2019Extinction Rebellion) une gigantesque manif anti-Brexit a eu lieu.<\/p>\r\n\r\n\r\n\r\n<p>En Allemagne, il n\u2019est pas anodin que les personnels des compagnies a\u00e9riennes <em>low cost<\/em> de Lufthansa (ce pays si vertueux o\u00f9 l\u2019on discute) se mettent en gr\u00e8ve dimanche ou qu\u2019en France il y ait cette saine r\u00e9action \u00e0 la SNCF. Trop c\u2019est trop !<\/p>\r\n\r\n\r\n\r\n<p>La doxa ultralib\u00e9rale doit faire face \u00e0 ses \u00e9checs constants et catastrophiques : l\u2019Argentine en est le dernier exemple. Il faut noter qu\u2019en Europe deux succ\u00e8s aux \u00e9lections sont apparemment oppos\u00e9s mais peuvent avoir des causes communes : succ\u00e8s d\u2019Antonio Costa (PS) au Portugal et du Pis en Pologne. Dans les deux cas, une politique redistributive a \u00e9t\u00e9 mise en \u0153uvre et les \u00e9lecteurs les plus modestes y trouvent concr\u00e8tement leur int\u00e9r\u00eat. Bien s\u00fbr le PiS est r\u00e9pugnant mais M. Tusk devrait se poser des questions tout comme les dogmatiques de Bruxelles en consid\u00e9rant la politique efficace mise en place au Portugal par l\u2019union des gauches.<\/p>\r\n\r\n\r\n\r\n<p>Un facteur ne doit pas \u00eatre n\u00e9glig\u00e9 : dans le Village mondial gr\u00e2ce \u00e0 Internet, un jeune Libanais ou Guin\u00e9en sait ce qui se passe \u00e0 Lima ou Santiago, en temps r\u00e9el.<br \/>Ah le mauvais exemple ! On comprend mieux la haine contre Greta Thurnberg : car de ce c\u00f4t\u00e9-l\u00e0 aussi, il va falloir s\u2019attendre \u00e0 des mobilisations surprenantes.<\/p>\r\n\r\n\r\n\r\n<p>Le vieux monde craquerait-il enfin ?<\/p>\r\n","protected":false},"excerpt":{"rendered":"<blockquote>\n<p>Ouvert aux commentaires.<\/p>\n<\/blockquote>\n<p>Actuellement il y a de nombreuses r\u00e9voltes urbaines partout dans le monde. Les m\u00e9dias europ\u00e9ens sont \u00e9videmment centr\u00e9s sur nos pays et Barcelone est au premier plan avec des images d\u2019\u00e9meutes inimaginables (pas plus qu\u2019\u00e0 Paris en d\u00e9cembre dernier&#8230;).<br \/>Mais si l\u2019on consid\u00e8re que rien n\u2019est r\u00e9solu ni en Alg\u00e9rie, ni \u00e0 [&hellip;]<\/p>\n","protected":false},"author":1,"featured_media":0,"comment_status":"open","ping_status":"closed","sticky":false,"template":"","format":"standard","meta":{"footnotes":""},"categories":[6195,1603,1362],"tags":[6132,6196,4483],"class_list":["post-114256","post","type-post","status-publish","format-standard","hentry","category-extinction-rebellion","category-grand-tournant","category-indignes","tag-extinction-rebellion","tag-greta-thunberg","tag-indignes"],"_links":{"self":[{"href":"https:\/\/www.pauljorion.com\/blog\/wp-json\/wp\/v2\/posts\/114256","targetHints":{"allow":["GET"]}}],"collection":[{"href":"https:\/\/www.pauljorion.com\/blog\/wp-json\/wp\/v2\/posts"}],"about":[{"href":"https:\/\/www.pauljorion.com\/blog\/wp-json\/wp\/v2\/types\/post"}],"author":[{"embeddable":true,"href":"https:\/\/www.pauljorion.com\/blog\/wp-json\/wp\/v2\/users\/1"}],"replies":[{"embeddable":true,"href":"https:\/\/www.pauljorion.com\/blog\/wp-json\/wp\/v2\/comments?post=114256"}],"version-history":[{"count":3,"href":"https:\/\/www.pauljorion.com\/blog\/wp-json\/wp\/v2\/posts\/114256\/revisions"}],"predecessor-version":[{"id":114263,"href":"https:\/\/www.pauljorion.com\/blog\/wp-json\/wp\/v2\/posts\/114256\/revisions\/114263"}],"wp:attachment":[{"href":"https:\/\/www.pauljorion.com\/blog\/wp-json\/wp\/v2\/media?parent=114256"}],"wp:term":[{"taxonomy":"category","embeddable":true,"href":"https:\/\/www.pauljorion.com\/blog\/wp-json\/wp\/v2\/categories?post=114256"},{"taxonomy":"post_tag","embeddable":true,"href":"https:\/\/www.pauljorion.com\/blog\/wp-json\/wp\/v2\/tags?post=114256"}],"curies":[{"name":"wp","href":"https:\/\/api.w.org\/{rel}","templated":true}]}}