{"id":114529,"date":"2019-10-29T11:24:44","date_gmt":"2019-10-29T10:24:44","guid":{"rendered":"https:\/\/www.pauljorion.com\/blog\/?p=114529"},"modified":"2019-10-31T09:42:29","modified_gmt":"2019-10-31T08:42:29","slug":"projet-de-4e-de-couverture-declarer-letat-durgence-pour-le-genre-humain-jorion-burnand-galpin","status":"publish","type":"post","link":"https:\/\/www.pauljorion.com\/blog\/2019\/10\/29\/projet-de-4e-de-couverture-declarer-letat-durgence-pour-le-genre-humain-jorion-burnand-galpin\/","title":{"rendered":"Projet de 4e de couverture &#8211; <b>D\u00e9clarer l\u2019\u00e9tat d\u2019urgence pour le genre humain<\/b> Jorion &#038; Burnand-Galpin"},"content":{"rendered":"<blockquote>Ouvert aux commentaires.<\/blockquote>\r\n\r\n<h4 style=\"text-align: center;\"><span style=\"color: #993300;\"><strong>D\u00e9clarer l\u2019\u00e9tat d\u2019urgence pour le genre humain<\/strong><\/span><\/h4>\r\n\r\n\r\n\r\n<p style=\"text-align: center;\">Paul Jorion et Vincent Burnand-Galpin<\/p>\r\n\r\n\r\n\r\n<blockquote>\r\n<p>\u00c0 titre individuel, nous n\u2019avons jamais \u00e9t\u00e9 aussi riches et en aussi bonne sant\u00e9. Au m\u00eame moment, la survie de l\u2019esp\u00e8ce humaine dans son ensemble n\u2019a jamais \u00e9t\u00e9 aussi menac\u00e9e. En d\u00e9passant la capacit\u00e9 de charge de notre environnement, nous mettons en cause aujourd\u2019hui notre propre existence.<\/p>\r\n\r\n\r\n\r\n<p>Le constat de notre vuln\u00e9rabilit\u00e9 est maintenant bien partag\u00e9. Mais que faire\u00a0? Les tentations sont nombreuses : celle du repli sur soi du survivalisme, celle de la fuite en avant du transhumanisme, celles aussi h\u00e9las de l\u2019eug\u00e9nisme et de l\u2019exterminisme visant \u00e0 \u00e9liminer une partie de la population jug\u00e9e nuisible ou inutile.<\/p>\r\n\r\n\r\n\r\n<p>Relevons la t\u00eate tant qu\u2019il en est encore temps et r\u00e9alisons qu\u2019un autre avenir est possible : la r\u00e9bellion contre l\u2019extinction est d\u00e9sormais en marche, poursuivons-la, soutenons-la de la r\u00e9flexion programmatique que l\u2019on trouvera ici.<\/p>\r\n\r\n\r\n\r\n<p>R\u00e9quisitionnons toutes les ressources : mettons \u00e0 profit nos connaissances, mobilisons les citoyens du monde, et engageons nos \u00c9tats dans un <em>effort de guerre<\/em> contre l\u2019extinction. Seule une entreprise de cet ordre est \u00e0 m\u00eame de garantir une v\u00e9ritable transition humaniste, sociale et \u00e9cologique vers un monde remis \u00e0 neuf. Cette fois sur une base de p\u00e9rennit\u00e9.<\/p>\r\n<\/blockquote>\r\n\r\n\r\n\r\n<p>\u00c0 para\u00eetre chez Fayard en avril 2020.<\/p>\r\n","protected":false},"excerpt":{"rendered":"<blockquote>\n<p>Ouvert aux commentaires.<\/p>\n<\/blockquote>\n<h4 style=\"text-align: center;\"><span style=\"color: #993300;\"><strong>D\u00e9clarer l\u2019\u00e9tat d\u2019urgence pour le genre humain<\/strong><\/span><\/h4>\n<p style=\"text-align: center;\">Paul Jorion et Vincent Burnand-Galpin<\/p>\n<blockquote>\n<p>\u00c0 titre individuel, nous n\u2019avons jamais \u00e9t\u00e9 aussi riches et en aussi bonne sant\u00e9. Au m\u00eame moment, la survie de l\u2019esp\u00e8ce humaine dans son ensemble n\u2019a jamais \u00e9t\u00e9 aussi menac\u00e9e. En d\u00e9passant la [&hellip;]<\/p>\n<\/blockquote>\n","protected":false},"author":1,"featured_media":0,"comment_status":"open","ping_status":"closed","sticky":false,"template":"","format":"standard","meta":{"footnotes":""},"categories":[6105,5799,6195],"tags":[6106,4209,6132],"class_list":["post-114529","post","type-post","status-publish","format-standard","hentry","category-declarer-letat-durgence-pour-le-genre-humain","category-extinction","category-extinction-rebellion","tag-declarer-letat-durgence-pour-le-genre-humain","tag-extinction-du-genre-humain","tag-extinction-rebellion"],"_links":{"self":[{"href":"https:\/\/www.pauljorion.com\/blog\/wp-json\/wp\/v2\/posts\/114529","targetHints":{"allow":["GET"]}}],"collection":[{"href":"https:\/\/www.pauljorion.com\/blog\/wp-json\/wp\/v2\/posts"}],"about":[{"href":"https:\/\/www.pauljorion.com\/blog\/wp-json\/wp\/v2\/types\/post"}],"author":[{"embeddable":true,"href":"https:\/\/www.pauljorion.com\/blog\/wp-json\/wp\/v2\/users\/1"}],"replies":[{"embeddable":true,"href":"https:\/\/www.pauljorion.com\/blog\/wp-json\/wp\/v2\/comments?post=114529"}],"version-history":[{"count":9,"href":"https:\/\/www.pauljorion.com\/blog\/wp-json\/wp\/v2\/posts\/114529\/revisions"}],"predecessor-version":[{"id":114612,"href":"https:\/\/www.pauljorion.com\/blog\/wp-json\/wp\/v2\/posts\/114529\/revisions\/114612"}],"wp:attachment":[{"href":"https:\/\/www.pauljorion.com\/blog\/wp-json\/wp\/v2\/media?parent=114529"}],"wp:term":[{"taxonomy":"category","embeddable":true,"href":"https:\/\/www.pauljorion.com\/blog\/wp-json\/wp\/v2\/categories?post=114529"},{"taxonomy":"post_tag","embeddable":true,"href":"https:\/\/www.pauljorion.com\/blog\/wp-json\/wp\/v2\/tags?post=114529"}],"curies":[{"name":"wp","href":"https:\/\/api.w.org\/{rel}","templated":true}]}}