{"id":114852,"date":"2019-11-19T10:44:01","date_gmt":"2019-11-19T09:44:01","guid":{"rendered":"https:\/\/www.pauljorion.com\/blog\/?p=114852"},"modified":"2019-11-20T08:50:48","modified_gmt":"2019-11-20T07:50:48","slug":"lille-ecole-psychanalytique-des-hauts-de-france-les-robots-ont-ils-un-inconscient-23-24-novembre-2019","status":"publish","type":"post","link":"https:\/\/www.pauljorion.com\/blog\/2019\/11\/19\/lille-ecole-psychanalytique-des-hauts-de-france-les-robots-ont-ils-un-inconscient-23-24-novembre-2019\/","title":{"rendered":"Lille, <b>\u00c9cole Psychanalytique des Hauts-de-France, Les robots ont-ils un inconscient&nbsp;?<\/b> samedi 23 novembre \u00e0 16h"},"content":{"rendered":"\r\n<h1 class=\"wp-block-heading\" style=\"text-align: center;\">\u00c9cole Psychanalytique des Hauts-de-France<br \/>Les robots ont-ils un inconscient ?<br \/>23-24 novembre 2019<br \/>23 rue Malus, Lille<\/h1>\r\n\r\n\r\n\r\n<p>&nbsp;<\/p>\r\n\r\n\r\n\r\n<p>Mon intervention est le samedi 23 octobre \u00e0 16h :<\/p>\r\n<p><strong>Paul JORION\u00a0:\u00a0<em>Les robots appellent \u2018capteurs\u2019 leur inconscient<\/em><\/strong><\/p>\r\n\r\n\r\n\r\n<p>Les autres interventions au programme :<\/p>\r\n\r\n<p><!--more--><\/p>\r\n\r\n<h1 class=\"wp-block-heading\">Programme journ\u00e9es 2019<\/h1>\r\n\r\n\r\n\r\n<p><strong>Samedi matin<\/strong>\u00a0<\/p>\r\n\r\n\r\n\r\n<p>\u00a0\u00a0\u00a0\u00a0\u00a0\u00a0\u00a0\u00a0\u00a0\u00a0\u00a0\u00a0\u00a0\u00a0\u00a0\u00a0\u00a0\u00a0\u00a0\u00a0\u00a0\u00a0\u00a0\u00a0\u00a0\u00a0\u00a0\u00a0 Pr\u00e9sident : Christian COLBEAUX<\/p>\r\n\r\n\r\n\r\n<p>\u00a0\u00a0\u00a0\u00a0\u00a0\u00a0\u00a0\u00a0\u00a0\u00a0\u00a0\u00a0\u00a0\u00a0\u00a0\u00a0\u00a0\u00a0\u00a0\u00a0\u00a0\u00a0\u00a0\u00a0\u00a0\u00a0\u00a0\u00a0\u00a0\u00a0\u00a0\u00a0\u00a0\u00a0 Discutante\u00a0: Rosa CARON <a href=\"http:\/\/ecole-psy-nord.asso.fr\/programme-journees-2019\/#_ftn1\">[1]<\/a><\/p>\r\n\r\n\r\n\r\n<p>9h 30\u00a0\u00a0\u00a0\u00a0\u00a0\u00a0\u00a0\u00a0\u00a0\u00a0\u00a0\u00a0\u00a0\u00a0 Christian COLBEAUX\u00a0:\u00a0<em>Black Mirror<\/em><\/p>\r\n\r\n\r\n\r\n<p>Marc VINCENT\u00a0:\u00a0<em>L\u2019inconscient des robots ou le sexe des anges\u00a0?<\/em><\/p>\r\n\r\n\r\n\r\n<p>10h 30\u00a0\u00a0\u00a0\u00a0\u00a0\u00a0\u00a0\u00a0\u00a0\u00a0\u00a0\u00a0 Louis SCIARA <a href=\"http:\/\/ecole-psy-nord.asso.fr\/programme-journees-2019\/#_ftn2\">[2]<\/a>\u00a0:\u00a0<em>Les robots n\u2019auront jamais la parole<\/em><\/p>\r\n\r\n\r\n\r\n<p>11h 30\u00a0\u00a0\u00a0\u00a0\u00a0\u00a0\u00a0\u00a0\u00a0\u00a0\u00a0\u00a0 Etienne OLDHENOVE <a href=\"http:\/\/ecole-psy-nord.asso.fr\/programme-journees-2019\/#_ftn3\">[3]<\/a>\u00a0:\u00a0<em>1-a : nombre versus sujet<\/em><\/p>\r\n\r\n\r\n\r\n<p><strong>Samedi apr\u00e8s-midi<\/strong><\/p>\r\n\r\n\r\n\r\n<p>\u00a0\u00a0\u00a0\u00a0\u00a0\u00a0\u00a0\u00a0\u00a0\u00a0\u00a0\u00a0\u00a0\u00a0\u00a0\u00a0\u00a0\u00a0\u00a0\u00a0\u00a0\u00a0\u00a0\u00a0\u00a0\u00a0\u00a0\u00a0\u00a0\u00a0\u00a0\u00a0\u00a0\u00a0 Pr\u00e9sident\u00a0: Marc VINCENT<\/p>\r\n\r\n\r\n\r\n<p>\u00a0\u00a0\u00a0\u00a0\u00a0\u00a0\u00a0\u00a0\u00a0\u00a0\u00a0\u00a0\u00a0\u00a0\u00a0\u00a0\u00a0\u00a0\u00a0\u00a0\u00a0\u00a0\u00a0\u00a0\u00a0\u00a0\u00a0\u00a0\u00a0\u00a0\u00a0\u00a0\u00a0\u00a0 Discutant\u00a0: Elie DOUMIT<\/p>\r\n\r\n\r\n\r\n<p>14h\u00a0\u00a0\u00a0\u00a0\u00a0\u00a0\u00a0\u00a0\u00a0\u00a0\u00a0\u00a0\u00a0\u00a0\u00a0\u00a0\u00a0 Isabelle DEVOS :\u00a0<em>Les objets num\u00e9riques : quels effets ? A quel r\u00e9el avons-nous (a)ffaire ?<\/em><\/p>\r\n\r\n\r\n\r\n<p>Philippe COLLINET\u00a0:\u00a0<em>Adieu au langage<\/em><\/p>\r\n\r\n\r\n\r\n<p>15h\u00a0\u00a0\u00a0\u00a0\u00a0\u00a0\u00a0\u00a0\u00a0\u00a0\u00a0\u00a0\u00a0\u00a0\u00a0\u00a0\u00a0 Fr\u00e9d\u00e9ric TORDO <a href=\"http:\/\/ecole-psy-nord.asso.fr\/programme-journees-2019\/#_ftn4\">[4]<\/a>\u00a0:\u00a0<em>Le patient cyborg et le pr\u00e9sent de l\u2019analyste<\/em><\/p>\r\n\r\n\r\n\r\n<p>16h \u00a0\u00a0\u00a0\u00a0\u00a0\u00a0\u00a0\u00a0\u00a0\u00a0\u00a0\u00a0\u00a0\u00a0\u00a0\u00a0 Paul JORION <a href=\"http:\/\/ecole-psy-nord.asso.fr\/programme-journees-2019\/#_ftn5\">[5]<\/a>\u00a0:\u00a0<em>Les robots appellent \u2018capteurs\u2019 leur inconscient<\/em><\/p>\r\n\r\n\r\n\r\n<p><strong>Dimanche matin<\/strong><\/p>\r\n\r\n\r\n\r\n<p>\u00a0\u00a0\u00a0\u00a0\u00a0\u00a0\u00a0\u00a0\u00a0\u00a0\u00a0 Pr\u00e9sident\u00a0: Philippe COLLINET<\/p>\r\n\r\n\r\n\r\n<p>\u00a0\u00a0\u00a0\u00a0\u00a0\u00a0\u00a0\u00a0\u00a0\u00a0\u00a0\u00a0\u00a0\u00a0\u00a0\u00a0\u00a0\u00a0\u00a0\u00a0\u00a0\u00a0\u00a0\u00a0\u00a0\u00a0\u00a0\u00a0\u00a0\u00a0\u00a0\u00a0\u00a0\u00a0 Discutante\u00a0: Olivia ROOSE BEAUPREZ <a href=\"http:\/\/ecole-psy-nord.asso.fr\/programme-journees-2019\/#_ftn6\">[6]<\/a><\/p>\r\n\r\n\r\n\r\n<p>9h 30\u00a0\u00a0\u00a0\u00a0\u00a0\u00a0\u00a0\u00a0\u00a0\u00a0\u00a0\u00a0\u00a0\u00a0 Brigitte KIRAT-LECLERCQ, Jean-Baptiste BEAUFILS <a href=\"http:\/\/ecole-psy-nord.asso.fr\/programme-journees-2019\/#_ftn7\">[7]<\/a>\u00a0:\u00a0<em>R\u00e9flexions autour de la m\u00e9tapsychologie de l\u2019homme augment\u00e9 \u2013 homo virtus. A l\u2019\u00e8re de l\u2019IA, \u00e9volution ou involution de l\u2019humain\u00a0?<\/em><\/p>\r\n\r\n\r\n\r\n<p>G\u00e9ry CHARLET\u00a0:\u00a0<em>Enigme\u2019a<\/em><\/p>\r\n\r\n\r\n\r\n<p>10h 30\u00a0\u00a0\u00a0\u00a0\u00a0\u00a0\u00a0\u00a0\u00a0\u00a0\u00a0\u00a0 Gilbert DESMOULINS\u00a0:\u00a0<em>Algorithme et\/ou math\u00e8me<\/em><\/p>\r\n\r\n\r\n\r\n<p>\u00a0\u00a0\u00a0\u00a0\u00a0\u00a0\u00a0\u00a0\u00a0\u00a0\u00a0\u00a0\u00a0\u00a0\u00a0\u00a0\u00a0\u00a0\u00a0\u00a0\u00a0\u00a0\u00a0\u00a0 Patrick VANUXEEM : <em>CAPTCHA : avez-vous affaire \u00e0 une machine ? (<a href=\"http:\/\/ecole-psy-nord.asso.fr\/captcha\/\">argument<\/a>)<br \/><\/em><\/p>\r\n\r\n\r\n\r\n<p>11h 30 \u00a0\u00a0\u00a0\u00a0\u00a0\u00a0\u00a0\u00a0\u00a0\u00a0\u00a0\u00a0\u00a0\u00a0\u00a0\u00a0\u00a0\u00a0\u00a0\u00a0\u00a0\u00a0 Jean-Pierre MEAUX\u00a0:\u00a0<em>Qu\u2019en est-il de l\u2019inconscient dans un monde o\u00f9 la pens\u00e9e devient inutile ? (argument)<br \/><\/em><\/p>\r\n\r\n\r\n\r\n<p><a href=\"http:\/\/ecole-psy-nord.asso.fr\/programme-journees-2019\/#_ftnref1\">[1]<\/a>Ma\u00eetre de Conf\u00e9rences-HDR, UFR de Psychologie, Universit\u00e9 de Lille<\/p>\r\n\r\n\r\n\r\n<p><a href=\"http:\/\/ecole-psy-nord.asso.fr\/programme-journees-2019\/#_ftnref2\">[2]<\/a>\u00a0Psychiatre, psychanalyste, Paris<\/p>\r\n\r\n\r\n\r\n<p><a href=\"http:\/\/ecole-psy-nord.asso.fr\/programme-journees-2019\/#_ftnref3\">[3]<\/a>\u00a0Psychiatre, psychanalyste, Bruxelles<\/p>\r\n\r\n\r\n\r\n<p><a href=\"http:\/\/ecole-psy-nord.asso.fr\/programme-journees-2019\/#_ftnref4\">[4]<\/a>\u00a0Psychologue clinicien, psychanalyste, Association Europ\u00e9enne Nicolas Abraham et Maria Torok. Dernier ouvrage paru\u00a0: \u00ab\u00a0Le Moi-Cyborg. Psychanalyse et neurosciences de l\u2019homme connect\u00e9\u00a0\u00bb.<\/p>\r\n\r\n\r\n\r\n<p><a href=\"http:\/\/ecole-psy-nord.asso.fr\/programme-journees-2019\/#_ftnref5\">[5]<\/a>\u00a0Anthropologue, sociologue, Professeur associ\u00e9 \u00e0 L\u2019Universit\u00e9 catholique de Lille<\/p>\r\n\r\n\r\n\r\n<p><a href=\"http:\/\/ecole-psy-nord.asso.fr\/programme-journees-2019\/#_ftnref6\">[6]<\/a>\u00a0Psychologue clinicienne, charg\u00e9e d\u2019enseignement en psychopathologie \u00e0 l\u2019Universit\u00e9 catholique de Lille<\/p>\r\n\r\n\r\n\r\n<p><a href=\"http:\/\/ecole-psy-nord.asso.fr\/programme-journees-2019\/#_ftnref7\">[7]<\/a>\u00a0Psychologue clinicien, psychanalyste, Paris<\/p>\r\n","protected":false},"excerpt":{"rendered":"<h1 class=\"wp-block-heading\" style=\"text-align: center;\">\u00c9cole Psychanalytique des Hauts-de-France<br \/>Les robots ont-ils un inconscient ?<br \/>23-24 novembre 2019<br \/>23 rue Malus, Lille<\/h1>\n<p>&nbsp;<\/p>\n<p>Mon intervention est le samedi 23 octobre \u00e0 16h :<\/p>\n<p><strong>Paul JORION\u00a0:\u00a0<em>Les robots appellent \u2018capteurs\u2019 leur inconscient<\/em><\/strong><\/p>\n<p>Les autres interventions au programme :<\/p>\n","protected":false},"author":1,"featured_media":0,"comment_status":"closed","ping_status":"closed","sticky":false,"template":"","format":"standard","meta":{"footnotes":""},"categories":[13,9],"tags":[940,1805],"class_list":["post-114852","post","type-post","status-publish","format-standard","hentry","category-intelligence-artificielle","category-psychanalyse","tag-intelligence-artificielle-2","tag-psychanalyse-2"],"_links":{"self":[{"href":"https:\/\/www.pauljorion.com\/blog\/wp-json\/wp\/v2\/posts\/114852","targetHints":{"allow":["GET"]}}],"collection":[{"href":"https:\/\/www.pauljorion.com\/blog\/wp-json\/wp\/v2\/posts"}],"about":[{"href":"https:\/\/www.pauljorion.com\/blog\/wp-json\/wp\/v2\/types\/post"}],"author":[{"embeddable":true,"href":"https:\/\/www.pauljorion.com\/blog\/wp-json\/wp\/v2\/users\/1"}],"replies":[{"embeddable":true,"href":"https:\/\/www.pauljorion.com\/blog\/wp-json\/wp\/v2\/comments?post=114852"}],"version-history":[{"count":7,"href":"https:\/\/www.pauljorion.com\/blog\/wp-json\/wp\/v2\/posts\/114852\/revisions"}],"predecessor-version":[{"id":115294,"href":"https:\/\/www.pauljorion.com\/blog\/wp-json\/wp\/v2\/posts\/114852\/revisions\/115294"}],"wp:attachment":[{"href":"https:\/\/www.pauljorion.com\/blog\/wp-json\/wp\/v2\/media?parent=114852"}],"wp:term":[{"taxonomy":"category","embeddable":true,"href":"https:\/\/www.pauljorion.com\/blog\/wp-json\/wp\/v2\/categories?post=114852"},{"taxonomy":"post_tag","embeddable":true,"href":"https:\/\/www.pauljorion.com\/blog\/wp-json\/wp\/v2\/tags?post=114852"}],"curies":[{"name":"wp","href":"https:\/\/api.w.org\/{rel}","templated":true}]}}