{"id":116136,"date":"2019-12-22T10:50:45","date_gmt":"2019-12-22T09:50:45","guid":{"rendered":"https:\/\/www.pauljorion.com\/blog\/?p=116136"},"modified":"2019-12-22T10:50:45","modified_gmt":"2019-12-22T09:50:45","slug":"le-striatum-ne-nous-laisse-malheureusement-aucune-chance","status":"publish","type":"post","link":"https:\/\/www.pauljorion.com\/blog\/2019\/12\/22\/le-striatum-ne-nous-laisse-malheureusement-aucune-chance\/","title":{"rendered":"<b>Le <em>striatum<\/em> ne nous laisse malheureusement aucune chance<\/b>"},"content":{"rendered":"<blockquote><p>Ouvert aux commentaires.<\/p><\/blockquote>\n<p>Le Blog de Paul Jorion est comme vous le savez *Le seul Blog optimiste du monde occidental*. Ce n&rsquo;est pas sur mon blog que vous entendrez prononcer des propos aussi noirs que dans la vid\u00e9o ci-dessous, qui montrent le genre humain comme irr\u00e9m\u00e9diablement condamn\u00e9. Constatez vous-m\u00eames \u00e0 quoi vous \u00e9chappez en venant plut\u00f4t tenir ici des propos positifs !<\/p>\n<p><iframe loading=\"lazy\" src=\"https:\/\/www.youtube.com\/embed\/jrdLIRh3na0\" width=\"700\" height=\"420\" class=\"aligncenter\" frameborder=\"0\" allowfullscreen=\"allowfullscreen\"><\/iframe><\/p>\n","protected":false},"excerpt":{"rendered":"<blockquote>\n<p>Ouvert aux commentaires.<\/p>\n<\/blockquote>\n<p>Le Blog de Paul Jorion est comme vous le savez *Le seul Blog optimiste du monde occidental*. Ce n&rsquo;est pas sur mon blog que vous entendrez prononcer des propos aussi noirs que dans la vid\u00e9o ci-dessous, qui montrent le genre humain comme irr\u00e9m\u00e9diablement condamn\u00e9. Constatez vous-m\u00eames \u00e0 quoi vous \u00e9chappez en venant [&hellip;]<\/p>\n","protected":false},"author":1,"featured_media":0,"comment_status":"open","ping_status":"closed","sticky":false,"template":"","format":"standard","meta":{"footnotes":""},"categories":[2104],"tags":[4485,6951,6950],"class_list":["post-116136","post","type-post","status-publish","format-standard","hentry","category-la-survie-de-lespece","tag-la-survie-de-lespece","tag-sebastien-bohler","tag-striatum"],"_links":{"self":[{"href":"https:\/\/www.pauljorion.com\/blog\/wp-json\/wp\/v2\/posts\/116136","targetHints":{"allow":["GET"]}}],"collection":[{"href":"https:\/\/www.pauljorion.com\/blog\/wp-json\/wp\/v2\/posts"}],"about":[{"href":"https:\/\/www.pauljorion.com\/blog\/wp-json\/wp\/v2\/types\/post"}],"author":[{"embeddable":true,"href":"https:\/\/www.pauljorion.com\/blog\/wp-json\/wp\/v2\/users\/1"}],"replies":[{"embeddable":true,"href":"https:\/\/www.pauljorion.com\/blog\/wp-json\/wp\/v2\/comments?post=116136"}],"version-history":[{"count":4,"href":"https:\/\/www.pauljorion.com\/blog\/wp-json\/wp\/v2\/posts\/116136\/revisions"}],"predecessor-version":[{"id":116141,"href":"https:\/\/www.pauljorion.com\/blog\/wp-json\/wp\/v2\/posts\/116136\/revisions\/116141"}],"wp:attachment":[{"href":"https:\/\/www.pauljorion.com\/blog\/wp-json\/wp\/v2\/media?parent=116136"}],"wp:term":[{"taxonomy":"category","embeddable":true,"href":"https:\/\/www.pauljorion.com\/blog\/wp-json\/wp\/v2\/categories?post=116136"},{"taxonomy":"post_tag","embeddable":true,"href":"https:\/\/www.pauljorion.com\/blog\/wp-json\/wp\/v2\/tags?post=116136"}],"curies":[{"name":"wp","href":"https:\/\/api.w.org\/{rel}","templated":true}]}}