{"id":116546,"date":"2020-01-10T18:56:52","date_gmt":"2020-01-10T17:56:52","guid":{"rendered":"https:\/\/www.pauljorion.com\/blog\/?p=116546"},"modified":"2020-01-10T18:58:55","modified_gmt":"2020-01-10T17:58:55","slug":"sur-la-plage-abandonnee-crepes-picardes-squale-affame-par-samia-hammami","status":"publish","type":"post","link":"https:\/\/www.pauljorion.com\/blog\/2020\/01\/10\/sur-la-plage-abandonnee-crepes-picardes-squale-affame-par-samia-hammami\/","title":{"rendered":"<b>\u00ab Sur la plage abandonn\u00e9e \u00bb, cr\u00eapes picardes, squale affam\u00e9<\/b>, par Samia Hammami"},"content":{"rendered":"<header class=\"entry-header\">\n<h1 class=\"entry-title\"><a href=\"https:\/\/le-carnet-et-les-instants.net\/2019\/08\/01\/jorion-mes-vacances-a-morro-bay\/\" target=\"_blank\" rel=\"noopener noreferrer\">Le Carnet et les Instants<\/a><\/h1>\n<\/header>\n<div class=\"entry-content\">\n<p>Paul<strong>\u00a0JORION<\/strong>,\u00a0<em>Mes vacances \u00e0 Morro Bay<\/em>, Fayard, 2019, 144 p., 16 \u20ac \/\u00a0<a href=\"https:\/\/www.librel.be\/ebook\/9782213714400-mes-vacances-a-morro-bay-paul-jorion\/\" target=\"_blank\" rel=\"noreferrer noopener\" aria-label=\"ePub\u00a0: 10.99 \u20ac (s\u2019ouvre dans un nouvel onglet)\">ePub\u00a0: 10.99 \u20ac<\/a>, ISBN\u00a0: 9782213712659<\/p>\n<p><img loading=\"lazy\" decoding=\"async\" class=\"alignleft wp-image-26157 jetpack-lazy-image jetpack-lazy-image--handled\" src=\"https:\/\/i1.wp.com\/le-carnet-et-les-instants.net\/wp-content\/uploads\/2019\/07\/jorion-mes-vacances-a-morro-bay.jpeg?resize=167%2C265&amp;ssl=1\" sizes=\"auto, (max-width: 167px) 100vw, 167px\" srcset=\"https:\/\/i1.wp.com\/le-carnet-et-les-instants.net\/wp-content\/uploads\/2019\/07\/jorion-mes-vacances-a-morro-bay.jpeg?w=600&amp;ssl=1 600w, https:\/\/i1.wp.com\/le-carnet-et-les-instants.net\/wp-content\/uploads\/2019\/07\/jorion-mes-vacances-a-morro-bay.jpeg?resize=189%2C300&amp;ssl=1 189w\" alt=\"Paul Jorion Mes vacances \u00e0 Morro Bay Fayard roman\" width=\"167\" height=\"265\" data-attachment-id=\"26157\" data-permalink=\"https:\/\/le-carnet-et-les-instants.net\/2019\/08\/01\/jorion-mes-vacances-a-morro-bay\/jorion-mes-vacances-a-morro-bay\/\" data-orig-file=\"https:\/\/i1.wp.com\/le-carnet-et-les-instants.net\/wp-content\/uploads\/2019\/07\/jorion-mes-vacances-a-morro-bay.jpeg?fit=600%2C951&amp;ssl=1\" data-orig-size=\"600,951\" data-comments-opened=\"0\" data-image-meta=\"{&quot;aperture&quot;:&quot;0&quot;,&quot;credit&quot;:&quot;&quot;,&quot;camera&quot;:&quot;&quot;,&quot;caption&quot;:&quot;&quot;,&quot;created_timestamp&quot;:&quot;0&quot;,&quot;copyright&quot;:&quot;&quot;,&quot;focal_length&quot;:&quot;0&quot;,&quot;iso&quot;:&quot;0&quot;,&quot;shutter_speed&quot;:&quot;0&quot;,&quot;title&quot;:&quot;&quot;,&quot;orientation&quot;:&quot;0&quot;}\" data-image-title=\"jorion mes vacances a morro bay\" data-image-description=\"\" data-medium-file=\"https:\/\/i1.wp.com\/le-carnet-et-les-instants.net\/wp-content\/uploads\/2019\/07\/jorion-mes-vacances-a-morro-bay.jpeg?fit=189%2C300&amp;ssl=1\" data-large-file=\"https:\/\/i1.wp.com\/le-carnet-et-les-instants.net\/wp-content\/uploads\/2019\/07\/jorion-mes-vacances-a-morro-bay.jpeg?fit=600%2C951&amp;ssl=1\" data-recalc-dims=\"1\" data-lazy-loaded=\"1\" \/>\u00ab\u00a0[\u2026]\u00a0<em>mes vacances n\u2019ont pas encore r\u00e9ellement d\u00e9but\u00e9 qu\u2019elles s\u2019annoncent d\u00e9j\u00e0 passionnantes. Le lendemain, cela me donne une id\u00e9e\u00a0: je vais raconter mes vacances \u00e0 Morro Bay, en direct, comme un reportage.<\/em>\u00a0\u00bb Cette d\u00e9cision du narrateur provient d\u2019un \u00e9trange concours de circonstances. Quelque peu oblig\u00e9 de prendre des cong\u00e9s pas tout \u00e0 fait programm\u00e9s ni tout \u00e0 fait d\u00e9sir\u00e9s, ce financier jette son d\u00e9volu sur un ancien port de p\u00eache en Californie, dont il a un vague souvenir, six jours en vill\u00e9giature. La survenue d\u2019un incident avant son voyage (un requin a cru bon de se d\u00e9lecter d\u2019une plongeuse s\u2019amusant avec des phoques) lui insuffle cette id\u00e9e saugrenue, d\u00e9marche avalis\u00e9e par les paroles d\u2019un proche\u00a0:<span id=\"more-26156\"><\/span><\/p>\n<blockquote><p><em>Armel m\u2019avait fait la remarque \u00e0 propos des aventures de Stevenson, London, Steinbeck, Mac Orlan et Kerouac (la liste est la sienne)\u00a0; il m\u2019avait \u00e9crit\u00a0: \u201cIls ne les ont pas seulement v\u00e9cues, ils les ont racont\u00e9es. Cela veut dire qu\u2019ils ne les ont pas v\u00e9cues comme n\u2019importe qui d\u2019autre, ils savaient, consciemment ou non, qu\u2019ils les raconteraient.<\/em>\u201d<\/p><\/blockquote>\n<p><!--more-->Sans attente autre que scripturale, l\u2019anthropologue de formation (et ex-professeur \u00e0 Cambridge) part ainsi \u00e0 l\u2019aventure dans cette petite ville du littoral. Tr\u00e8s vite, ses r\u00e9flexions et ses rencontres tournent autour\u2026 des femmes. La grande histoire de sa vie, celle qui lui a d\u2019ailleurs inspir\u00e9 son pr\u00e9c\u00e9dent roman\u00a0<em>Dix-sept portraits de femmes<\/em>\u00a0et qui aurait pu le pousser \u00e0 r\u00e9diger un\u00a0<em>Guide des Californiennes<\/em>, c\u2019est la gent f\u00e9minine. Sur le sujet, l\u2019homme a de nombreuses histoires et pens\u00e9es \u00e0 partager, ce dont il ne se prive pas. Il nous \u00e9voque avec une dose de d\u00e9rision son pouvoir de s\u00e9duction d\u00e9clinant, certaines bribes de romance, des questionnements ainsi que l\u2019image de sa dentiste, une troublante Roumaine dont il a fait la connaissance la veille de son d\u00e9part et \u00e0 qui il envoy\u00e9 une carte postale \u00e0 peine arriv\u00e9\u2026 Lui, tombeur de ces h\u00e9riti\u00e8res plus que de ces serveuses, qui, selon un autre ami, \u00ab\u00a0<em>voudrait[t] \u00eatre aim\u00e9 de mani\u00e8re imm\u00e9diate, sans que cet amour doive \u00eatre introduit par de longs discours\u00a0; qu\u2019une femme [l]e voie et se dise\u00a0: \u201cC\u2019est celui-l\u00e0 que je veux\u201d, avant qu[\u2019 il] n\u2019ai[t] pu ouvrir la bouche<\/em>\u00a0\u00bb aurait-il trouv\u00e9 en cette sp\u00e9cialiste dentaire celle qui apaisera son c\u0153ur\u00a0? Affaire (et soins buccaux) \u00e0 suivre\u2026<\/p>\n<p>Entre r\u00e9trospection et introspection, cet homme vieillissant qui aimerait devenir\u00a0<em>\u00ab\u00a0le saint patron des \u201cvieux qui ne savent pas vieillir\u201d\u00a0<\/em>\u00bb se rem\u00e9more des chansons marquantes, fr\u00e9quente une cr\u00eaperie picarde, ose son premier karaok\u00e9, se baigne frileusement dans l\u2019oc\u00e9an, converse avec un \u00e9minent baudelairien, avale les kilom\u00e8tres dans le comt\u00e9 de San Luis Obispo.\u00a0<em>Mes vacances \u00e0 Morro Bay<\/em>, premier roman auto-fictif de Paul Jorion (plus connu pour ses ouvrages traitant d\u2019\u00e9conomie) est donc une lecture de plage, l\u00e9g\u00e8re, courte et ensoleill\u00e9e. Et si le sable n\u2019est pas au programme de vos orteils, elle vous procurera certainement un bref d\u00e9paysement.<\/p>\n<p><strong>Samia Hammami<\/strong><\/p>\n<\/div>\n","protected":false},"excerpt":{"rendered":"<header class=\"entry-header\">\n<h1 class=\"entry-title\"><a href=\"https:\/\/le-carnet-et-les-instants.net\/2019\/08\/01\/jorion-mes-vacances-a-morro-bay\/\" target=\"_blank\" rel=\"noopener noreferrer\">Le Carnet et les Instants<\/a><\/h1>\n<\/header>\n<div class=\"entry-content\">\n<p>Paul<strong>\u00a0JORION<\/strong>,\u00a0<em>Mes vacances \u00e0 Morro Bay<\/em>, Fayard, 2019, 144 p., 16 \u20ac \/\u00a0<a href=\"https:\/\/www.librel.be\/ebook\/9782213714400-mes-vacances-a-morro-bay-paul-jorion\/\" target=\"_blank\" rel=\"noreferrer noopener\" aria-label=\"ePub\u00a0: 10.99 \u20ac (s\u2019ouvre dans un nouvel onglet)\">ePub\u00a0: 10.99 \u20ac<\/a>, ISBN\u00a0: 9782213712659<\/p>\n<p><img decoding=\"async\" class=\"alignleft wp-image-26157 jetpack-lazy-image jetpack-lazy-image--handled\" src=\"https:\/\/i1.wp.com\/le-carnet-et-les-instants.net\/wp-content\/uploads\/2019\/07\/jorion-mes-vacances-a-morro-bay.jpeg?resize=167%2C265&amp;ssl=1\" sizes=\"(max-width: 167px) 100vw, 167px\" srcset=\"https:\/\/i1.wp.com\/le-carnet-et-les-instants.net\/wp-content\/uploads\/2019\/07\/jorion-mes-vacances-a-morro-bay.jpeg?w=600&amp;ssl=1 600w, [&hellip;]<\/p>\n<\/div>\n","protected":false},"author":1,"featured_media":0,"comment_status":"closed","ping_status":"closed","sticky":false,"template":"","format":"standard","meta":{"footnotes":""},"categories":[6277],"tags":[6250],"class_list":["post-116546","post","type-post","status-publish","format-standard","hentry","category-mes-vacances-a-morro-bay","tag-mes-vacances-a-morro-bay"],"_links":{"self":[{"href":"https:\/\/www.pauljorion.com\/blog\/wp-json\/wp\/v2\/posts\/116546","targetHints":{"allow":["GET"]}}],"collection":[{"href":"https:\/\/www.pauljorion.com\/blog\/wp-json\/wp\/v2\/posts"}],"about":[{"href":"https:\/\/www.pauljorion.com\/blog\/wp-json\/wp\/v2\/types\/post"}],"author":[{"embeddable":true,"href":"https:\/\/www.pauljorion.com\/blog\/wp-json\/wp\/v2\/users\/1"}],"replies":[{"embeddable":true,"href":"https:\/\/www.pauljorion.com\/blog\/wp-json\/wp\/v2\/comments?post=116546"}],"version-history":[{"count":4,"href":"https:\/\/www.pauljorion.com\/blog\/wp-json\/wp\/v2\/posts\/116546\/revisions"}],"predecessor-version":[{"id":116551,"href":"https:\/\/www.pauljorion.com\/blog\/wp-json\/wp\/v2\/posts\/116546\/revisions\/116551"}],"wp:attachment":[{"href":"https:\/\/www.pauljorion.com\/blog\/wp-json\/wp\/v2\/media?parent=116546"}],"wp:term":[{"taxonomy":"category","embeddable":true,"href":"https:\/\/www.pauljorion.com\/blog\/wp-json\/wp\/v2\/categories?post=116546"},{"taxonomy":"post_tag","embeddable":true,"href":"https:\/\/www.pauljorion.com\/blog\/wp-json\/wp\/v2\/tags?post=116546"}],"curies":[{"name":"wp","href":"https:\/\/api.w.org\/{rel}","templated":true}]}}