{"id":117417,"date":"2020-02-26T11:15:04","date_gmt":"2020-02-26T10:15:04","guid":{"rendered":"https:\/\/www.pauljorion.com\/blog\/?p=117417"},"modified":"2020-02-26T11:15:04","modified_gmt":"2020-02-26T10:15:04","slug":"les-plus-hautes-valeurs-le-24-fevrier-2020-retranscription","status":"publish","type":"post","link":"https:\/\/www.pauljorion.com\/blog\/2020\/02\/26\/les-plus-hautes-valeurs-le-24-fevrier-2020-retranscription\/","title":{"rendered":"<b>Les plus hautes valeurs<\/b>, le 24 f\u00e9vrier 2020 &#8211; Retranscription"},"content":{"rendered":"<blockquote><p>Retranscription de <a href=\"https:\/\/www.pauljorion.com\/blog\/2020\/02\/24\/video-les-plus-hautes-valeurs\/\" target=\"_blank\" rel=\"noopener noreferrer\">Les plus hautes valeurs<\/a>, le 24 f\u00e9vrier 2020.<\/p><\/blockquote>\n<p class=\"p1\"><span class=\"s1\">Bonjour, <\/span><span class=\"s1\">nous sommes le lundi 24 f\u00e9vrier 2020 et, aujourd\u2019hui, mon petit expos\u00e9 s\u2019intitulera : \u00ab\u00a0Les plus hautes valeurs\u00a0\u00bb. <\/span><\/p>\n<p class=\"p1\"><span class=\"s1\">Les raisons pour lesquelles il s\u2019intitule comme \u00e7a ne seront peut-\u00eatre pas apparentes d\u00e8s le d\u00e9but mais vous allez voir.<\/span><!--more--><\/p>\n<p class=\"p1\"><span class=\"s1\">En 2012, j\u2019ai \u00e9t\u00e9 abord\u00e9 par le Pr Michel <\/span><span class=\"s2\">Flam\u00e9e<\/span><span class=\"s1\">, de la Vrije Universiteit Brussel, l\u2019universit\u00e9 n\u00e9erlandophone de Bruxelles. Le Pr <\/span><span class=\"s2\">Flam\u00e9e<\/span><span class=\"s1\"> appartenait \u00e0 la facult\u00e9 de Droit mais a pris l\u2019initiative de m\u2019inviter \u00e0 venir parler des probl\u00e8mes de la finance, d\u2019ordre \u00e9thique et technique. Il venait donc d\u2019une facult\u00e9 de Droit. <\/span><\/p>\n<p class=\"p1\"><span class=\"s1\">Quelques ann\u00e9es plus tard, cette m\u00eame universit\u00e9 a d\u00e9cid\u00e9 d\u2019entrer dans le secteur priv\u00e9, au moins partiellement, et a donc lanc\u00e9 un\u2026 s\u2019est donc pr\u00e9sent\u00e9e en bourse et il est apparu que ma pr\u00e9sence n\u2019\u00e9tait plus compatible avec sa nouvelle destin\u00e9e. C\u2019est \u00e0 cette \u00e9poque l\u00e0 que j\u2019ai rencontr\u00e9 Th\u00e9r\u00e8se Lebrun et Pierre Giorgini de l\u2019Universit\u00e9 catholique de Lille, qui m\u2019ont invit\u00e9 \u00e0 poursuivre ma r\u00e9flexion dans le cadre de leur institution, ce que je fais toujours maintenant, 5 ans plus tard. <\/span><\/p>\n<p class=\"p1\"><span class=\"s1\">En 2017, notre d\u00e9partement, notre chaire d\u2019\u00c9thique, technologies et transhumanisme s\u2019est pos\u00e9 la question d\u2019aller \u00e0 Bruxelles, \u00e0 un grand congr\u00e8s international de transhumanistes et nous \u00e9tions un peu\u2026 Quand nous nous sommes inscrits, nous avons pos\u00e9 la question : \u00ab\u00a0Est-ce que vous nous verrez comme des intrus ? Est-ce que vous nous verrez comme des voyeurs ? et nous comprendrions tr\u00e8s bien que vous ne soyez pas enthousiastes \u00e0 l\u2019id\u00e9e de nous recevoir.\u00a0\u00bb Et l\u00e0, j\u2019ai eu la surprise qu\u2019on me r\u00e9ponde, \u00e0 moi personnellement, qu\u2019on me dise : \u00ab \u00c9coutez, M. Jorion, venez faire un expos\u00e9. Venez nous dire ce que vous pensez du transhumanisme \u00bb. On \u00e9tait l\u00e0 en 2017. <\/span><\/p>\n<p class=\"p1\"><span class=\"s1\">En 2019, j\u2019ai eu une autre surprise. On m\u2019a demand\u00e9, en septembre, de faire la s\u00e9ance de rentr\u00e9e de la Facult\u00e9 de th\u00e9ologie Saint Serge, c\u2019est-\u00e0-dire les chr\u00e9tiens orthodoxes. Et j\u2019ai fait ma pr\u00e9sentation, <a href=\"https:\/\/www.pauljorion.com\/blog\/2020\/02\/09\/video-pourquoi-la-richesse-se-concentre-t-elle\/\" target=\"_blank\" rel=\"noopener noreferrer\">vous avez d\u00fb voir \u00e7a<\/a>. C\u2019\u00e9tait essentiellement une discussion de la parabole des talents dans les \u00c9vangiles et de la th\u00e9orie de la formation des prix que l\u2019on trouve chez Aristote. <\/span><\/p>\n<p class=\"p1\"><span class=\"s1\">Et plus r\u00e9cemment, c\u2019est-\u00e0-dire hier et avant-hier, j\u2019ai \u00e9t\u00e9 invit\u00e9 par les collapsologues, le groupe des collapsologues qui se r\u00e9unissait pour la premi\u00e8re fois, si j\u2019ai bien compris, en invitant tous les gens qui se rattachent \u00e0 ce courant. J\u2019ai \u00e9t\u00e9 un peu surpris parce que je les critique parfois avec une certaine virulence mais voil\u00e0, on m\u2019invitait. Et donc, je suis all\u00e9 et j\u2019ai pass\u00e9 deux journ\u00e9es avec eux et j\u2019ai essay\u00e9 de me montrer le plus constructif, le plus positif, d\u2019apporter mon conseil pour la suite.<\/span><\/p>\n<p class=\"p1\"><span class=\"s1\"> Voil\u00e0, donc, j\u2019\u00e9tais tr\u00e8s flatt\u00e9 quand j\u2019ai re\u00e7u l\u2019invitation de Pablo Servigne, surtout qu\u2019il y avait eu d\u2019autres occasions o\u00f9 des gens qui se disaient collapsologue m\u2019avaient manifestement signifi\u00e9 qu\u2019ils me reconnaissaient plut\u00f4t comme un ennemi que comme un ami. Ce n\u2019\u00e9tait donc pas le cas ni de Pablo Servigne, ni de tous les gens que j\u2019ai vus hier et avant-hier. <\/span><\/p>\n<p class=\"p1\"><span class=\"s1\">Je souris parce que je me souviens du moment o\u00f9 j\u2019ai d\u00fb partir un peu avant les autres parce que j\u2019avais un train qui me ramenait vers la Bretagne et qu\u2019au moment o\u00f9 je fais un petit signe \u00e0 l\u2019assembl\u00e9e qui est l\u00e0, en train de discuter, pour signifier que je m\u2019en vais et que je ne peux pas faire autrement, au moment o\u00f9 j\u2019atteins la porte, il y a un grand \u00ab Merci Paul Jorion d\u2019\u00eatre venu ! \u00bb qui s\u2019\u00e9l\u00e8ve de l\u2019assembl\u00e9e, qui s\u2019est interrompue pour me remercier. Alors, je reviens vers eux, je dis : \u00ab Ecoutez, vous avez compris : je file \u00e0 l\u2019anglaise pour ne pas vous d\u00e9ranger mais merci beaucoup de m\u2019avoir invit\u00e9. C\u2019est la SNCF et ses contraintes qui me ram\u00e8nent vers la Bretagne ! \u00bb. <\/span><\/p>\n<figure id=\"attachment_117455\" aria-describedby=\"caption-attachment-117455\" style=\"width: 1920px\" class=\"wp-caption aligncenter\"><a href=\"https:\/\/www.pauljorion.com\/blog\/wp-content\/uploads\/Collapse.png\"><img loading=\"lazy\" decoding=\"async\" class=\"size-full wp-image-117455\" src=\"https:\/\/www.pauljorion.com\/blog\/wp-content\/uploads\/Collapse.png\" alt=\"\" width=\"1920\" height=\"1279\" srcset=\"https:\/\/www.pauljorion.com\/blog\/wp-content\/uploads\/Collapse.png 1920w, https:\/\/www.pauljorion.com\/blog\/wp-content\/uploads\/Collapse-300x200.png 300w, https:\/\/www.pauljorion.com\/blog\/wp-content\/uploads\/Collapse-1024x682.png 1024w, https:\/\/www.pauljorion.com\/blog\/wp-content\/uploads\/Collapse-768x512.png 768w, https:\/\/www.pauljorion.com\/blog\/wp-content\/uploads\/Collapse-1536x1023.png 1536w\" sizes=\"auto, (max-width: 1920px) 100vw, 1920px\" \/><\/a><figcaption id=\"caption-attachment-117455\" class=\"wp-caption-text\">Conf\u00e9rences Collapse<\/figcaption><\/figure>\n<p class=\"p1\"><span class=\"s1\">Beaucoup de discussions tr\u00e8s int\u00e9ressantes. Vous savez ce qui me distingue des collapsologues, c\u2019est que je consid\u00e8re personnellement qu\u2019il est pr\u00e9matur\u00e9 de dire que l\u2019effondrement a eu lieu et qu\u2019on ne s\u2019int\u00e9resse qu\u2019aux choses qui auront lieu apr\u00e8s l\u2019effondrement. J\u2019ai entendu des gens hier qui disaient : \u00ab Pour moi, l\u2019effondrement est absolument in\u00e9luctable et je m\u2019int\u00e9resse uniquement \u00e0 ce qu\u2019il faudra faire une fois que \u00e7a aura eu lieu \u00bb. Et vous savez que la raison principale pour laquelle je consid\u00e8re que cette mani\u00e8re de penser n\u2019est pas la bonne&#8230; &#8211; d\u2019abord, il y a un certain \u00e9go\u00efsme un peu \u00e9litiste dans l\u2019id\u00e9e de : \u00ab Nous ferons partie, nous le petit groupe, de ceux qui survivront. Les bons et les gentils auront surv\u00e9cu et on s\u2019arrangera entre nous \u00bb. Mais surtout, je crois que \u00e7a n\u2019aura jamais lieu. S\u2019il y a effondrement, avec le surarmement nucl\u00e9aire que nous avons, moi, je suis persuad\u00e9 qu\u2019il y aura une ou plusieurs des nations qui poss\u00e8dent des bombes thermonucl\u00e9aires (il y en a 9 aujourd\u2019hui) qui sera tent\u00e9e de les utiliser et provoquera un hiver nucl\u00e9aire. On sera dans un sch\u00e9ma de type <em><a href=\"https:\/\/fr.wikipedia.org\/wiki\/La_Route_(film,_2009)\" target=\"_blank\" rel=\"noopener noreferrer\">La route<\/a><\/em>, c\u2019est-\u00e0-dire que s\u2019il reste des \u00eatres humains, ce seront quelques bandes de plus ou moins pillards survivants qui se battront les uns contre les autres pour essayer de survivre. <\/span><\/p>\n<p class=\"p1\"><span class=\"s1\">Ceci dit, on a vu hier, on nous a pr\u00e9sent\u00e9 un tr\u00e8s tr\u00e8s beau film :\u00a0<em><a href=\"https:\/\/www.okpal.com\/once-you-know-the-film\/?fbclid=IwAR1kvpXAw7Ed1PURZp18fN4gjjuWPx2FnWR_WZGz8ZabdynNkzXsGdKo7nc#\/\" target=\"_blank\" rel=\"noopener noreferrer\">Quand on sait<\/a><\/em>. C\u2019est le parcours un petit peu d\u2019une personne, Emmanuel Cappelin, qui a fait le film, qui explique ses interrogations et puis, il va voir un certain nombre de collapsologues. Il va voir Jean-Marc Jancovici et sa r\u00e9flexion sur l\u2019\u00e9nergie et sur le p\u00e9trole. Il va voir Pablo Servigne, qui \u00e9tait d\u2019ailleurs parmi nous. Il va voir un Am\u00e9ricain que je ne connaissais pas : <a href=\"https:\/\/fr.wikipedia.org\/wiki\/Richard_Heinberg\" target=\"_blank\" rel=\"noopener noreferrer\">Richard Heinberg<\/a>. Il va voir un Bangladais, un professeur bangladais, <a href=\"https:\/\/en.wikipedia.org\/wiki\/Saleemul_Huq\" target=\"_blank\" rel=\"noopener noreferrer\">Saleemul Huq<\/a>, qui tient de tr\u00e8s tr\u00e8s beaux propos et qui nous montre que l\u2019effondrement, ce n\u2019est pas quelque chose qui viendra plus tard pour les gens qui habitent au Bangladesh : c\u2019est en train de se passer donc il attire l\u2019attention sur le fait que, pour les gens en Syrie, c\u2019est d\u00e9j\u00e0 en train de se passer aussi. Et puis une dame dont je ne connaissais pas le nom non plus, une Allemande, <a href=\"http:\/\/www.susannemoser.com\/about.php\" target=\"_blank\" rel=\"noopener noreferrer\">Susanne Moser<\/a>, qui tient des propos\u2026 Gandhi a tenu des propos comme \u00e7a, Martin Luther King et puis cette dame dont je ne connaissais pas le nom. <\/span><\/p>\n<p class=\"p1\"><span class=\"s1\">Le film ne sort pas encore. Il va faire une tourn\u00e9e en France. J\u2019ai d\u2019ailleurs dit que le jour o\u00f9 il passait par Vannes, du c\u00f4t\u00e9 de Vannes, Lorient, etc., je ferais partie des gens qui, tr\u00e8s volontiers, en discuteraient. C\u2019est tr\u00e8s tr\u00e8s beau mais c\u2019est vraiment le message, je dirais, des collapsologues : \u00e7a s\u2019articule surtout non pas sur un pr\u00e9sent mais sur un apr\u00e8s, sur un apr\u00e8s qu\u2019on essayerait de rendre le plus aimable possible et peut-\u00eatre m\u00eame de corriger un certain nombre de choses que nous faisons en ce moment. <\/span><\/p>\n<p class=\"p1\"><span class=\"s1\">Alors, maintenant, j\u2019arrive \u00e0 ma conclusion. \u00c7a me fait tr\u00e8s tr\u00e8s plaisir quand des gens appartenant \u00e0 des groupes auxquels je ne m\u2019identifie pas enti\u00e8rement, voire tr\u00e8s peu, m\u2019invitent. Et alors que moi je ne les mets pas spontan\u00e9ment parmi le groupe du \u00ab nous rapproch\u00e9 \u00bb autour de moi, eux ont cette tr\u00e8s grande gentillesse et tr\u00e8s grande g\u00e9n\u00e9rosit\u00e9 de me mettre moi parmi le \u00ab nous \u00bb tel qu\u2019ils se d\u00e9finissent. Alors, ce matin (je ne vais pas vous cacher, c\u2019\u00e9tait dans ma baignoire), je me dis : \u00ab Comment est-ce qu\u2019on explique \u00e7a ? Comment on explique ce ph\u00e9nom\u00e8ne ? Qu\u2019est-ce qui rassemble des professeurs de Droit de l\u2019universit\u00e9, les th\u00e9ologiens orthodoxes, les transhumanistes, les collapsologues ? Qu\u2019est-ce qui les conduit \u00e0 penser que je suis l\u2019un des leurs ? \u00bb. Et l\u00e0, ma conclusion, elle est tr\u00e8s rassurante. Elle est tr\u00e8s rassurante pour l\u2019avenir, ce qui est rare dans mes cogitations [rires]. C\u2019est que, pour ce qui est des plus hautes valeurs, nous sommes nombreux \u00e0 les partager. <\/span><\/p>\n<p class=\"p1\"><span class=\"s1\">Il y a des effets de surface. Il y a des effets sur les \u00ab\u00a0grands principes\u00a0\u00bb auxquels on s\u2019identifie, qui sont tr\u00e8s diff\u00e9rents les uns des autres. Mais quand on arrive peut-\u00eatre au noyau absolument dur : sur ce qui fait l\u2019humain, qui le distingue de tout le reste &#8211; pas pour qu\u2019il porte n\u00e9cessairement un regard condescendant sur le reste (on a parl\u00e9 beaucoup des animaux hier, des autres animaux, nous y compris) &#8211; il y a quelque chose : il y a cet amour de l\u2019humain en tant que tel et c\u2019est autour de \u00e7a qu\u2019il faut que nous nous rassemblions. <\/span><\/p>\n<p class=\"p1\"><span class=\"s1\">Dans ce livre que Vincent Burnand-Galpin et moi avons \u00e9crit, qui para\u00eet dans quelques semaines, <em>Comment sauver le genre humain<\/em>, nous insistons l\u00e0-dessus : il y a effondrement (le professeur bangladais le dit bien) et il est trop tard pour dire : \u00ab Changeons tous d\u2019une mani\u00e8re ou d\u2019une autre. Changeons nos habitudes. Changeons nos croyances, etc. \u00bb. Pour \u00e7a, il est en tout cas tout \u00e0 fait trop tard. Il faut que nous fassions avec comme nous sommes aujourd\u2019hui, avec la vari\u00e9t\u00e9 des cultures, avec l\u2019exclusion des uns vis-\u00e0-vis des autres qui existe \u00e0 certains endroits. <\/span><\/p>\n<p class=\"p1\"><span class=\"s1\">Il faut faire avec sinon ce sera un grand massacre et il ne restera plus rien, plus personne \u00e0 l\u2019arriv\u00e9e. Mais il reste quelque chose, il y a quelque chose sans doute. Il y a des brutes sadiques, et on vient de trouver &#8211; j\u2019ai lu un article dans <a href=\"https:\/\/futurism.com\/neoscope\/scientists-scanned-bullies-brains\" target=\"_blank\" rel=\"noopener noreferrer\"><em>The Lancet<\/em><\/a> &#8211; que les brutes sadiques du genre de Trump, quand on regarde apr\u00e8s, on s\u2019aper\u00e7oit qu\u2019ils ont le cerveau beaucoup plus petit que les autres. Ce n\u2019est pas une blague, c\u2019est dans une revue r\u00e9put\u00e9e. Il y a des gens irr\u00e9ductibles. Il y a des sociopathes, c\u2019est-\u00e0-dire des gens simplement qui ont trouv\u00e9 qu\u2019on peut surfer sur la g\u00e9n\u00e9rosit\u00e9 g\u00e9n\u00e9rale, sur la solidarit\u00e9 des autres et en tirer un profit personnel. Heureusement, \u00e7a ne repr\u00e9sente pas une majorit\u00e9. \u00c7a ne repr\u00e9sente m\u00eame pas un groupe important. Malheureusement, nous avons un peu trop tendance, ces jours-ci, \u00e0 porter au pouvoir ce genre de personnage d\u00e9viant mais bon, pour le reste, pour nous tous, pour tous ceux que moi j\u2019appelle \u00ab\u00a0nous tous\u00a0\u00bb, nous avons des choses en commun au-del\u00e0 des effets de surface, au-del\u00e0 des petites croyances sur ceci ou \u00e7a. Il y a quelque chose qui r\u00e9unit tous ces gens qui ont l\u2019amabilit\u00e9 de me consid\u00e9rer comme partageant leurs valeurs, de l\u2019Universit\u00e9 catholique de Lille aux th\u00e9ologiens orthodoxes en passant par les collapsologues et les transhumanistes. <\/span><\/p>\n<p class=\"p1\"><span class=\"s1\">Voil\u00e0, comme je vous le disais tout \u00e0 l\u2019heure, ce n\u2019est pas tous les jours que je vous transmets, communique, un message optimiste mais les deux journ\u00e9es que j\u2019ai pass\u00e9es hier avec les collapsologues &#8211; en ne cachant pas mes divergences avec eux, mes d\u00e9saccords \u00e9ventuels &#8211; tout \u00e7a me para\u00eet bien rassurant et nous aurons besoin de cette solidarit\u00e9 qui se trouve l\u00e0, en filigrane, chez <em>presque<\/em> chacun d\u2019entre nous. Voil\u00e0. <\/span><\/p>\n<p class=\"p1\"><span class=\"s1\">Allez, \u00e0 bient\u00f4t\u00a0!<\/span><\/p>\n","protected":false},"excerpt":{"rendered":"<blockquote>\n<p>Retranscription de <a href=\"https:\/\/www.pauljorion.com\/blog\/2020\/02\/24\/video-les-plus-hautes-valeurs\/\" target=\"_blank\" rel=\"noopener noreferrer\">Les plus hautes valeurs<\/a>, le 24 f\u00e9vrier 2020.<\/p>\n<\/blockquote>\n<p class=\"p1\"><span class=\"s1\">Bonjour, <\/span><span class=\"s1\">nous sommes le lundi 24 f\u00e9vrier 2020 et, aujourd\u2019hui, mon petit expos\u00e9 s\u2019intitulera : \u00ab\u00a0Les plus hautes valeurs\u00a0\u00bb. <\/span><\/p>\n<p class=\"p1\"><span class=\"s1\">Les raisons pour lesquelles il s\u2019intitule comme \u00e7a ne seront peut-\u00eatre pas apparentes d\u00e8s le d\u00e9but [&hellip;]<\/span><\/p>\n","protected":false},"author":1,"featured_media":0,"comment_status":"closed","ping_status":"closed","sticky":false,"template":"","format":"standard","meta":{"footnotes":""},"categories":[4390,276,6,5346,5008],"tags":[7057,4380,7059,4362,7058,6565,3817,7060],"class_list":["post-117417","post","type-post","status-publish","format-standard","hentry","category-collapsologie","category-droit","category-questions-essentielles","category-theologie","category-transhumanisme","tag-quand-on-sait","tag-collapsologie","tag-emmanuel-cappelin","tag-pablo-servigne","tag-susanne-moser","tag-theologie","tag-transhumanisme","tag-universite-catholique-de-lille"],"_links":{"self":[{"href":"https:\/\/www.pauljorion.com\/blog\/wp-json\/wp\/v2\/posts\/117417","targetHints":{"allow":["GET"]}}],"collection":[{"href":"https:\/\/www.pauljorion.com\/blog\/wp-json\/wp\/v2\/posts"}],"about":[{"href":"https:\/\/www.pauljorion.com\/blog\/wp-json\/wp\/v2\/types\/post"}],"author":[{"embeddable":true,"href":"https:\/\/www.pauljorion.com\/blog\/wp-json\/wp\/v2\/users\/1"}],"replies":[{"embeddable":true,"href":"https:\/\/www.pauljorion.com\/blog\/wp-json\/wp\/v2\/comments?post=117417"}],"version-history":[{"count":4,"href":"https:\/\/www.pauljorion.com\/blog\/wp-json\/wp\/v2\/posts\/117417\/revisions"}],"predecessor-version":[{"id":117458,"href":"https:\/\/www.pauljorion.com\/blog\/wp-json\/wp\/v2\/posts\/117417\/revisions\/117458"}],"wp:attachment":[{"href":"https:\/\/www.pauljorion.com\/blog\/wp-json\/wp\/v2\/media?parent=117417"}],"wp:term":[{"taxonomy":"category","embeddable":true,"href":"https:\/\/www.pauljorion.com\/blog\/wp-json\/wp\/v2\/categories?post=117417"},{"taxonomy":"post_tag","embeddable":true,"href":"https:\/\/www.pauljorion.com\/blog\/wp-json\/wp\/v2\/tags?post=117417"}],"curies":[{"name":"wp","href":"https:\/\/api.w.org\/{rel}","templated":true}]}}