{"id":117697,"date":"2020-03-04T23:09:12","date_gmt":"2020-03-04T22:09:12","guid":{"rendered":"https:\/\/www.pauljorion.com\/blog\/?p=117697"},"modified":"2020-03-05T11:29:17","modified_gmt":"2020-03-05T10:29:17","slug":"accaparement-quand-on-veut-on-peut-par-jacques-seignan","status":"publish","type":"post","link":"https:\/\/www.pauljorion.com\/blog\/2020\/03\/04\/accaparement-quand-on-veut-on-peut-par-jacques-seignan\/","title":{"rendered":"<b>Accaparement * : Quand on veut, on peut&nbsp;!<\/b>, par Jacques Seignan"},"content":{"rendered":"<blockquote><p>Ouvert aux commentaires.<\/p><\/blockquote>\n<p>Le Huffington Post : <a href=\"https:\/\/www.huffingtonpost.fr\/entry\/les-prix-des-gels-hydroalcooliques-vont-etre-encadres-par-decret_fr_5e5f60ecc5b63aaf8f5f57e1?utm_hp_ref=fr-homepage\" rel=\"noopener noreferrer\" target=\"_blank\">M. Le Maire impose un prix encadr\u00e9 des gels hydroalcooliques pour lutter contre l&rsquo;accaparement<\/a>.<\/p>\n<p>Les prix ob\u00e9issent-ils (simplement) \u00e0 la loi de l\u2019offre et de la demande ? En apparence : forte demande =&gt; hausse du prix. Amen.<\/p>\n<p>Mais si on repense \u00e0 <a href=\"https:\/\/croquant.atheles.org\/dynamiquessocioeconomiques\/leprix\/index.html\" rel=\"noopener noreferrer\" target=\"_blank\">ce que nous a expliqu\u00e9 Paul Jorion<\/a>, d\u2019autres facteurs interviennent : le rapport de force : les riches (d\u00e9j\u00e0 en Premi\u00e8re Classe) doivent logiquement \u00eatre les premiers dans les canots de sauvetage ; et la sp\u00e9culation : par ex. des petits malins revendent \u00e0 prix fort sur des sites de vente en ligne.<\/p>\n<p><!--more--><\/p>\n<p>(Notons qu\u2019on retrouve \u00e0 un niveau plus \u00e9lev\u00e9 ce qui se passe pour <a href=\"https:\/\/www.usinenouvelle.com\/article\/110-cancerologues-interpellent-les-industriels-du-medicament-sur-les-prix-des-traitements-contre-le-cancer.N383912\" rel=\"noopener noreferrer\" target=\"_blank\">les traitements anti-canc\u00e9reux hors de prix<\/a>\u00a0: tu paies, tu es soign\u00e9 sinon enrichis-toi \u00e2\u201d\u20ac si tu en es capable).<\/p>\n<p>Donc ce matin, un ministre a commis une intol\u00e9rable attaque contre deux libert\u00e9s individuelles que tout homo \u0153conomicus doit ch\u00e9rir entre toutes : la libert\u00e9 des prix (halte \u00e0 de telles d\u00e9cisions d\u2019encadrement puisque le march\u00e9 r\u00e8gle tout parfaitement) et la libert\u00e9 de sp\u00e9culer (droit fondamental de s\u2019enrichir en ne faisant strictement rien, tout en \u00e9tant nuisible \u00e0 la soci\u00e9t\u00e9.)<\/p>\n<p>Mais qui s\u2019en soucie de la soci\u00e9t\u00e9 ? Madame Thatcher l\u2019avait formul\u00e9 : \u00ab Et qui est la soci\u00e9t\u00e9 ? Cela n\u2019existe pas ! Il n\u2019y a que des individus, hommes et femmes, et des familles \u00bb. Le Covid-19 pourrait-il finir par \u00e9branler une si belle et pure croyance ? \u00c9pi-d\u00e9mie = sur \/ le peuple. Un moment de v\u00e9rit\u00e9 pour l\u2019individu dans la soci\u00e9t\u00e9 ?<\/p>\n<p>O\u00f9 ira-t-on si un jour on continue dans cette voie : encadrer les prix et interdire la sp\u00e9culation ? Je vous le demande !<\/p>\n<p>============================<\/p>\n<p>* <a href=\"https:\/\/fr.wikipedia.org\/wiki\/Accaparement\" rel=\"noopener noreferrer\" target=\"_blank\">Wikipedia<\/a> :<\/p>\n<blockquote><p>L&rsquo;accaparement est une man\u0153uvre \u00e9conomique r\u00e9alis\u00e9e par un ou plusieurs individus qui vont accumuler un bien pour provoquer sa rar\u00e9faction artificielle et tirer un b\u00e9n\u00e9fice de l&rsquo;augmentation des prix qui en r\u00e9sulte.<\/p>\n<p>L&rsquo;accaparement est une combinaison de sp\u00e9culation et de manipulation de march\u00e9. Il rentre dans la cat\u00e9gorie des abus de march\u00e9.<\/p>\n<p>Lors de p\u00e9riodes de troubles politiques des accapareurs ont tent\u00e9 de s&rsquo;enrichir en rar\u00e9fiant les denr\u00e9es alimentaires. Ces pratiques ont \u00e9t\u00e9 \u00e0 l&rsquo;origine de la <a href=\"https:\/\/fr.wikipedia.org\/wiki\/Loi_sur_l%27accaparement\" rel=\"noopener noreferrer\" target=\"_blank\">loi sur l&rsquo;accaparement<\/a> pendant la R\u00e9volution fran\u00e7aise.<\/p><\/blockquote>\n","protected":false},"excerpt":{"rendered":"<blockquote>\n<p>Ouvert aux commentaires.<\/p>\n<\/blockquote>\n<p>Le Huffington Post : <a href=\"https:\/\/www.huffingtonpost.fr\/entry\/les-prix-des-gels-hydroalcooliques-vont-etre-encadres-par-decret_fr_5e5f60ecc5b63aaf8f5f57e1?utm_hp_ref=fr-homepage\" rel=\"noopener noreferrer\" target=\"_blank\">M. Le Maire impose un prix encadr\u00e9 des gels hydroalcooliques pour lutter contre l&rsquo;accaparement<\/a>.<\/p>\n<p>Les prix ob\u00e9issent-ils (simplement) \u00e0 la loi de l\u2019offre et de la demande ? En apparence : forte demande =&gt; hausse du prix. Amen.<\/p>\n<p>Mais si on repense \u00e0 <a [&hellip;]<\/p>\n","protected":false},"author":1,"featured_media":0,"comment_status":"open","ping_status":"closed","sticky":false,"template":"","format":"standard","meta":{"footnotes":""},"categories":[6301],"tags":[707,5751,7019,42],"class_list":["post-117697","post","type-post","status-publish","format-standard","hentry","category-epidemiologie","tag-accaparement","tag-bruno-le-maire","tag-coronavirus","tag-speculation"],"_links":{"self":[{"href":"https:\/\/www.pauljorion.com\/blog\/wp-json\/wp\/v2\/posts\/117697","targetHints":{"allow":["GET"]}}],"collection":[{"href":"https:\/\/www.pauljorion.com\/blog\/wp-json\/wp\/v2\/posts"}],"about":[{"href":"https:\/\/www.pauljorion.com\/blog\/wp-json\/wp\/v2\/types\/post"}],"author":[{"embeddable":true,"href":"https:\/\/www.pauljorion.com\/blog\/wp-json\/wp\/v2\/users\/1"}],"replies":[{"embeddable":true,"href":"https:\/\/www.pauljorion.com\/blog\/wp-json\/wp\/v2\/comments?post=117697"}],"version-history":[{"count":8,"href":"https:\/\/www.pauljorion.com\/blog\/wp-json\/wp\/v2\/posts\/117697\/revisions"}],"predecessor-version":[{"id":117708,"href":"https:\/\/www.pauljorion.com\/blog\/wp-json\/wp\/v2\/posts\/117697\/revisions\/117708"}],"wp:attachment":[{"href":"https:\/\/www.pauljorion.com\/blog\/wp-json\/wp\/v2\/media?parent=117697"}],"wp:term":[{"taxonomy":"category","embeddable":true,"href":"https:\/\/www.pauljorion.com\/blog\/wp-json\/wp\/v2\/categories?post=117697"},{"taxonomy":"post_tag","embeddable":true,"href":"https:\/\/www.pauljorion.com\/blog\/wp-json\/wp\/v2\/tags?post=117697"}],"curies":[{"name":"wp","href":"https:\/\/api.w.org\/{rel}","templated":true}]}}