{"id":120162,"date":"2020-05-01T18:09:41","date_gmt":"2020-05-01T16:09:41","guid":{"rendered":"https:\/\/www.pauljorion.com\/blog\/?p=120162"},"modified":"2020-05-01T18:09:41","modified_gmt":"2020-05-01T16:09:41","slug":"je-ne-suis-pas-daccord-avec-vous-vii-par-dominique-temple","status":"publish","type":"post","link":"https:\/\/www.pauljorion.com\/blog\/2020\/05\/01\/je-ne-suis-pas-daccord-avec-vous-vii-par-dominique-temple\/","title":{"rendered":"<b>Je ne suis pas d\u2019accord avec vous<\/b> (VII), par Dominique Temple"},"content":{"rendered":"<blockquote><p>Ouvert aux commentaires.<\/p><\/blockquote>\n<p class=\"p1\"><a href=\"https:\/\/www.pauljorion.com\/blog\/2020\/04\/22\/je-ne-suis-pas-daccord-avec-vous-i-par-dominique-temple\/\" target=\"_blank\" rel=\"noopener noreferrer\"><span class=\"s1\"><b>Je ne suis pas d\u2019accord avec vous (I)<\/b><\/span><\/a> ; <a href=\"https:\/\/www.pauljorion.com\/blog\/2020\/04\/24\/je-ne-suis-pas-daccord-avec-vous-ii-par-dominique-temple\/\" target=\"_blank\" rel=\"noopener noreferrer\"><span class=\"s1\"><b>Je ne suis pas d\u2019accord avec vous (II)<\/b><\/span><\/a> ; <span class=\"s1\"><b><a href=\"https:\/\/www.pauljorion.com\/blog\/2020\/04\/26\/je-ne-suis-pas-daccord-avec-vous-iii-par-dominique-temple\/\" target=\"_blank\" rel=\"noopener noreferrer\">Je ne suis pas d\u2019accord avec vous (III) <\/a><\/b><\/span>; <strong><a href=\"https:\/\/www.pauljorion.com\/blog\/2020\/04\/27\/je-ne-suis-pas-daccord-avec-vous-iv-par-dominique-temple\/\" target=\"_blank\" rel=\"noopener noreferrer\">Je ne suis pas d\u2019accord avec vous (IV)<\/a><\/strong> ; <a href=\"https:\/\/www.pauljorion.com\/blog\/2020\/04\/29\/je-ne-suis-pas-daccord-avec-vous-v-par-dominique-temple\/\" target=\"_blank\" rel=\"noopener noreferrer\"><span class=\"s1\"><b>Je ne suis pas d\u2019accord avec vous (V)<\/b><\/span><\/a> ; <span class=\"s1\"><b><a href=\"https:\/\/www.pauljorion.com\/blog\/2020\/04\/30\/je-ne-suis-pas-daccord-avec-vous-vi-par-dominique-temple\/\" target=\"_blank\" rel=\"noopener noreferrer\">Je ne suis pas d\u2019accord avec vous (VI)<\/a><\/b><\/span><\/p>\n<p class=\"p1\"><span class=\"s1\"><b>Je ne suis pas d\u2019accord avec vous (VII) <\/b><\/span><\/p>\n<p class=\"p1\"><span class=\"s1\"><i>Le serment d\u2019Hippocrate<\/i><\/span><\/p>\n<p class=\"p1\"><span class=\"s1\">C\u2019est \u00e0 tr\u00e8s grande vitesse que le capitalisme court \u00e0 l\u2019ab\u00eeme entra\u00eenant avec lui toute la soci\u00e9t\u00e9, \u00e0 commencer par les plus pauvres qui n\u2019ont pas de recours pour se mettre \u00e0 l\u2019abri, mais aussi ses prot\u00e9g\u00e9s y compris les nantis. Mais c\u2019est \u00e0 plus grande vitesse encore que la soci\u00e9t\u00e9 se lib\u00e8re de ses cha\u00eenes par l\u2019information libre et engendre la communaut\u00e9 universelle. Je voudrais devant cette \u00e9ch\u00e9ance \u00e9clairer un point fondamental : face au pouvoir des privil\u00e9gi\u00e9s qui entendent faire perdurer le syst\u00e8me et contr\u00f4ler le pouvoir, la d\u00e9mocratie est justifi\u00e9e de croire que le sentiment de la justice est imm\u00e9diat et bien plus efficace que l\u2019argumentation proc\u00e9durale, bien que jusqu\u2019\u00e0 ce jour la raison ait toujours \u00e9t\u00e9 subordonn\u00e9e au plus fort. Mais c\u2019est de la technologie et du d\u00e9veloppement des forces productives qu\u2019elle re\u00e7oit un appui d\u00e9cisif. C\u2019est un changement de camp de la raison qui donne la victoire au c\u0153ur humain.\u00a0<\/span><!--more--><\/p>\n<p class=\"p1\"><span class=\"s1\">Nous sommes habitu\u00e9s, il est vrai, \u00e0 ce qu\u2019un nombre impressionnant d\u2019analystes disent \u00e0 chaque crise\u00a0: elle va tout changer\u2026, mais \u00e0 ce que les crises s\u2019ajoutent aux crises avec une rapidit\u00e9 qui n\u2019a d\u2019\u00e9gale que la facult\u00e9 d\u2019oubli de la soci\u00e9t\u00e9\u00a0; et ce qui change, c\u2019est seulement la forme de l\u2019\u00e9conomie capitaliste. Lorsqu\u2019une crise a lieu, elle oblige le pouvoir \u00e0 un changement de strat\u00e9gie pendant lequel il est fragilis\u00e9 et s\u2019affole. Cet affolement semble d\u00fb \u00e0 l\u2019effet de seuil provoqu\u00e9 par la crise. L\u2019effet de seuil fait appara\u00eetre deux \u00e9conomies, o\u00f9 le pouvoir pr\u00e9tendait n\u2019en concevoir qu\u2019une. <\/span><\/p>\n<p class=\"p1\"><span class=\"s1\">L\u2019effet de seuil a \u00e9t\u00e9 visible de fa\u00e7on particuli\u00e8re ces temps-ci parce que les instances de pouvoir ont ressenti jusque dans leur chair que si la pand\u00e9mie pouvait toucher tout le monde alors la technologie devait sauver tout le monde. Il est impossible de ne pas faire pour les uns ce que l\u2019on fait pour les autres\u00a0: les propositions indignes d\u2019eug\u00e9nisme (r\u00e9server les appareils respiratoires \u00e0 une cat\u00e9gorie de personnes au d\u00e9triment d\u2019une autre cat\u00e9gorie) n\u2019ont r\u00e9ussi \u00e0 se justifier nulle part. Le Serment d\u2019Hippocrate l\u2019a emport\u00e9 sur la privatisation du pouvoir m\u00e9dical au profit des riches. Il faut dire que la charte de l\u2019ordre des m\u00e9decins dicte elle-m\u00eame les fondements de l\u2019\u00e9conomie politique\u00a0:<i> <\/i>\u00ab\u00a0<\/span><span class=\"s2\"><i>Mon premier souci sera de r\u00e9tablir, de pr\u00e9server ou de promouvoir la sant\u00e9 dans tous ses \u00e9l\u00e9ments, physiques et mentaux, individuels et sociaux. Je respecterai toutes les personnes, leur autonomie et leur volont\u00e9, sans aucune discrimination, selon leur \u00e9tat ou leurs convictions. J\u2019interviendrai pour les prot\u00e9ger si elles sont affaiblies, vuln\u00e9rables ou menac\u00e9es dans leur int\u00e9grit\u00e9 ou leur dignit\u00e9. M\u00eame sous la contrainte, je ne ferai pas usage de mes connaissances contre les lois de l\u2019humanit\u00e9\u00a0<\/i><\/span><span class=\"s1\">\u00bb. Et elle r\u00e9fute ceux de l\u2019\u00e9conomie capitaliste\u00a0: \u00ab\u00a0<\/span><span class=\"s2\"><i>Je donnerai mes soins \u00e0 l\u2019indigent et \u00e0 quiconque me les demandera. Je ne me laisserai pas influencer par la soif du gain ou la recherche de la gloire.\u00a0<\/i><\/span><span class=\"s1\">\u00bb <\/span><\/p>\n<p class=\"p1\"><span class=\"s1\">M\u00eame si le pouvoir, \u00e0 la sortie de cette \u201ccrise\u201d, aura la tentation de r\u00e9compenser les m\u00e9decins de leur g\u00e9n\u00e9rosit\u00e9 et de les assujettir \u00e0 la reconnaissance de son autorit\u00e9 pour reprendre sa marche comme si de rien n\u2019\u00e9tait, la question structurelle demeurera pos\u00e9e avec plus d\u2019ampleur que pr\u00e9c\u00e9demment gr\u00e2ce \u00e0 l\u2019intervention d\u2019un partenaire nouveau sur la place publique\u00a0: la technique. Disposer de masques et \u00e0 plus forte raison d\u2019appareils respiratoires, de vaccins et de chambres d\u2019h\u00f4pital pour tous suppose des investissements massifs, qui ne sont pas rentables dans l\u2019\u00e9conomie capitaliste. Or, ces techniques nouvelles sont n\u00e9cessaires pour l\u2019\u00e9quilibre des relations complexes de la soci\u00e9t\u00e9 moderne. Elles obligent \u00e0 une redistribution des r\u00f4les qui n\u2019ob\u00e9it pas au management capitaliste\u00a0: ces op\u00e9rateurs physiques voire bient\u00f4t biologiques deviennent universels et par suite non privatisables. L\u2019\u00e9conomie sociale requiert de plus en plus imp\u00e9rativement d\u2019\u00eatre technologiquement comp\u00e9tente, et si elle n\u2019est pas encore une \u00e9conomie de r\u00e9ciprocit\u00e9, elle requiert une technologie qui lui impose de plus en plus d\u2019ob\u00e9ir aux imp\u00e9ratifs de celle-ci. Il n\u2019est donc plus possible d\u2019\u00eatre dupe de la dialectique de l\u2019\u00e9conomie capitaliste et de se contenter de la pens\u00e9e unique et de son discours aveugle, c\u2019est-\u00e0-dire de l\u2019usage syst\u00e9matique de substantifs sans compl\u00e9ment o\u00f9 chacun pr\u00eate par transfert son illusion \u00e0 un interlocuteur tout-puissant qui la transforme en valeur d\u2019\u00e9change et en pouvoir mon\u00e9taire. On est oblig\u00e9 de donner un compl\u00e9ment \u00e0 chaque terme du d\u00e9bat \u00e9conomique pour dissocier l\u2019\u00e9conomie capitaliste de l\u2019\u00e9conomie politique. Le <i>progr\u00e8s,<\/i> mais lequel\u00a0? La <i>croissance<\/i>, mais de quoi\u00a0? Le <i>d\u00e9veloppement,<\/i> mais de qui\u00a0? Et l\u2019<i>\u00e9conomie<\/i>\u00a0? du capital ou de la cit\u00e9\u00a0? etc. <\/span><\/p>\n<p class=\"p1\"><span class=\"s1\">Cependant, parvenus au seuil, beaucoup s\u2019interrogent et n\u2019envisagent que la solution imm\u00e9diate qui leur conviendrait dans leur jardin, leur profession, leur passion, leur r\u00eave, leur utilit\u00e9. L\u2019effet de seuil dont je parle d\u00e9montre que les nationalisations sont inad\u00e9quates lorsqu\u2019elles sont estim\u00e9es \u00e0 l\u2019aune de leur rentabilit\u00e9 dans un syst\u00e8me capitaliste mais non o\u00f9 la raison impose de faire pr\u00e9valoir sur le profit la survie des \u00eatres humains, auquel cas l\u2019am\u00e9lioration des conditions d\u2019existence pour tous para\u00eet un motif de l\u2019investissement sup\u00e9rieur \u00e0 celui de la croissance du capital. Le d\u00e9bat d\u00e9mocratique doit reprendre ses droits. Mais quand\u00a0? Eh bien d\u00e8s que le peuple d\u00e9cidera de r\u00e9diger une nouvelle Constitution qui r\u00e9cuse les principes de l\u2019\u00e9conomie capitaliste et d\u2019\u00e9noncer comme irr\u00e9cusables les principes de l\u2019\u00e9conomie politique. <\/span><\/p>\n<p class=\"p1\"><span class=\"s1\">Alors cessez de dire qu\u2019il n\u2019y pas de solutions\u2026\u00a0<\/span><\/p>\n<p style=\"text-align: center;\">FIN<\/p>\n","protected":false},"excerpt":{"rendered":"<blockquote>\n<p>Ouvert aux commentaires.<\/p>\n<\/blockquote>\n<p class=\"p1\"><a href=\"https:\/\/www.pauljorion.com\/blog\/2020\/04\/22\/je-ne-suis-pas-daccord-avec-vous-i-par-dominique-temple\/\" target=\"_blank\" rel=\"noopener noreferrer\"><span class=\"s1\"><b>Je ne suis pas d\u2019accord avec vous (I)<\/b><\/span><\/a> ; <a href=\"https:\/\/www.pauljorion.com\/blog\/2020\/04\/24\/je-ne-suis-pas-daccord-avec-vous-ii-par-dominique-temple\/\" target=\"_blank\" rel=\"noopener noreferrer\"><span class=\"s1\"><b>Je ne suis pas d\u2019accord avec vous (II)<\/b><\/span><\/a> ; <span class=\"s1\"><b><a href=\"https:\/\/www.pauljorion.com\/blog\/2020\/04\/26\/je-ne-suis-pas-daccord-avec-vous-iii-par-dominique-temple\/\" target=\"_blank\" rel=\"noopener noreferrer\">Je ne suis pas d\u2019accord avec vous (III) <\/a><\/b><\/span>; <strong><a href=\"https:\/\/www.pauljorion.com\/blog\/2020\/04\/27\/je-ne-suis-pas-daccord-avec-vous-iv-par-dominique-temple\/\" target=\"_blank\" rel=\"noopener noreferrer\">Je ne suis pas d\u2019accord [&hellip;]<\/a><\/strong><\/p>\n","protected":false},"author":1,"featured_media":0,"comment_status":"open","ping_status":"closed","sticky":false,"template":"","format":"standard","meta":{"footnotes":""},"categories":[5027,19,2597,5497,725],"tags":[26,1334,1388,6076,6958,7102,7229,612],"class_list":["post-120162","post","type-post","status-publish","format-standard","hentry","category-capitalisme","category-constitution-pour-leconomie","category-democratie-2","category-reciprocite","category-technologie-2","tag-capitalisme","tag-constitution-pour-leconomie","tag-economie-politique","tag-eugenisme","tag-nationalisations","tag-pandemie","tag-serment-dhippocrate","tag-technologie"],"_links":{"self":[{"href":"https:\/\/www.pauljorion.com\/blog\/wp-json\/wp\/v2\/posts\/120162","targetHints":{"allow":["GET"]}}],"collection":[{"href":"https:\/\/www.pauljorion.com\/blog\/wp-json\/wp\/v2\/posts"}],"about":[{"href":"https:\/\/www.pauljorion.com\/blog\/wp-json\/wp\/v2\/types\/post"}],"author":[{"embeddable":true,"href":"https:\/\/www.pauljorion.com\/blog\/wp-json\/wp\/v2\/users\/1"}],"replies":[{"embeddable":true,"href":"https:\/\/www.pauljorion.com\/blog\/wp-json\/wp\/v2\/comments?post=120162"}],"version-history":[{"count":1,"href":"https:\/\/www.pauljorion.com\/blog\/wp-json\/wp\/v2\/posts\/120162\/revisions"}],"predecessor-version":[{"id":120164,"href":"https:\/\/www.pauljorion.com\/blog\/wp-json\/wp\/v2\/posts\/120162\/revisions\/120164"}],"wp:attachment":[{"href":"https:\/\/www.pauljorion.com\/blog\/wp-json\/wp\/v2\/media?parent=120162"}],"wp:term":[{"taxonomy":"category","embeddable":true,"href":"https:\/\/www.pauljorion.com\/blog\/wp-json\/wp\/v2\/categories?post=120162"},{"taxonomy":"post_tag","embeddable":true,"href":"https:\/\/www.pauljorion.com\/blog\/wp-json\/wp\/v2\/tags?post=120162"}],"curies":[{"name":"wp","href":"https:\/\/api.w.org\/{rel}","templated":true}]}}