{"id":120950,"date":"2020-05-31T14:27:28","date_gmt":"2020-05-31T12:27:28","guid":{"rendered":"https:\/\/www.pauljorion.com\/blog\/?p=120950"},"modified":"2020-05-31T14:27:28","modified_gmt":"2020-05-31T12:27:28","slug":"les-enfants-insolents-chantal-montellier-et-paul-jorion","status":"publish","type":"post","link":"https:\/\/www.pauljorion.com\/blog\/2020\/05\/31\/les-enfants-insolents-chantal-montellier-et-paul-jorion\/","title":{"rendered":"<b>Les enfants insolents<\/b> : Chantal Montellier et Paul Jorion"},"content":{"rendered":"<blockquote><p>Ouvert aux commentaires.<\/p><\/blockquote>\n<p>Lors de <a href=\"https:\/\/www.pauljorion.com\/blog\/2020\/05\/28\/pj-tv-le-monde-dapres-invitee-chantal-montellier-le-jeudi-28-mai-a-18h\/\" target=\"_blank\" rel=\"noopener noreferrer\">notre entretien jeudi<\/a>, Chantal Montellier avait \u00e9t\u00e9 surprise lorsque j&rsquo;avais sugg\u00e9r\u00e9 que le qualificatif d&rsquo;<span class=\"s1\">\u00ab insolente\u00a0\u00bb lui avait sans doute \u00e9t\u00e9 appliqu\u00e9 au fil des ann\u00e9es. Il en est r\u00e9sult\u00e9 le petit dialogue que voici :<\/span><\/p>\n<p class=\"p1\"><span class=\"s1\"><b>PJ : Comment peut-on dire d\u2019un enfant de six ans, comme l\u2019a fait \u00e0 ma m\u00e8re mon institutrice Mme Ren\u00e9e Dautreppe, que je suis un tr\u00e8s bon \u00e9l\u00e8ve, \u00e0 ceci pr\u00e8s que je le suis \u00ab en dilettante \u00bb ?<\/b><\/span><\/p>\n<p class=\"p1\"><span class=\"s1\"><b>CM : <\/b>\u201cDes possibilit\u00e9s inexploit\u00e9es, travaille en dilettante\u201d&#8230; Et \u00e7a, toute ma scolarit\u00e9 ! \u00c7a devait donc \u00eatre vrai.<\/span><\/p>\n<p><!--more--><\/p>\n<p class=\"p1\"><span class=\"s1\"><b>PJ : Que peut bien vouloir dire ce \u00ab\u00a0en dilettante\u00a0\u00bb\u00a0? Il est \u00e0 rapprocher \u00e0 mon sens de l\u2019accusation qui m&rsquo;est faite \u00e0 la m\u00eame \u00e9poque, d&rsquo;\u00eatre un enfant \u00ab\u00a0insolent\u00a0\u00bb.\u00a0<\/b><\/span><\/p>\n<p class=\"p1\"><span class=\"s1\"><b>CM : <\/b>Des heures de colle pour cette m\u00eame raison. Et aussi parce que je \u201crecopiais des chansons pendant les cours\u201d, alors que j\u2019\u00e9crivais des po\u00e8mes !&#8230;<\/span><\/p>\n<p class=\"p1\"><span class=\"s1\">+ des z\u00e9ros en cascade pour mes r\u00e9dactions, car toujours accus\u00e9e d\u2019avoir pomp\u00e9 !!! (Je lisais \u00e9norm\u00e9ment mais ne pompais pas).<\/span><\/p>\n<p class=\"p1\"><span class=\"s1\">On ne pr\u00eate qu\u2019aux riches, et ma famille \u00e9tait tomb\u00e9e dans la mouise&#8230;.\u00a0 Et puis j\u2019\u00e9tais trop dou\u00e9e pour \u00eatre cr\u00e9dible. (Mais sous-dou\u00e9e en maths, physique, etc.)<\/span><\/p>\n<p class=\"p1\"><span class=\"s1\"><b>PJ : Qu&rsquo;est ce qu&rsquo;un enfant insolent ?<\/b><\/span><\/p>\n<p class=\"p1\"><span class=\"s1\"><b>CM : <\/b> Un enfant orgueilleux\u2026 ?<\/span><\/p>\n<p class=\"p1\"><span class=\"s1\"><b>PJ : La r\u00e9ponse se trouve plus ais\u00e9ment que pour un enfant \u00ab dilettante \u00bb. D&rsquo;abord, l&rsquo;accusation d&rsquo;insolence s&rsquo;exerce toujours de haut en bas : de sup\u00e9rieur \u00e0 subordonn\u00e9, d&rsquo;un adulte vers un enfant, et elle vise dans le chef de celui qui porte son regard du haut vers le bas, ce qui est interpr\u00e9t\u00e9 comme une remise en question implicite de la sup\u00e9riorit\u00e9 de celui ou de celle qui, dans le cadre existant, est d\u00e9fini comme sup\u00e9rieur.\u00a0<\/b><\/span><\/p>\n<p class=\"p1\"><span class=\"s1\"><b>CM : <\/b>Exact !<\/span><\/p>\n<p class=\"p1\"><span class=\"s1\"><b>PJ : L\u2019accusation d&rsquo;insolence, n\u2019est pas tant r\u00e9ponse \u00e0 des mots prononc\u00e9s me semble-t-il qu&rsquo;\u00e0 l&rsquo;expression du visage qui accompagne ceux-ci chez l&rsquo;accus\u00e9. Lequel se montre incapable d&rsquo;accueillir sans un scepticisme visible les contradictions, les incoh\u00e9rences, du sujet suppos\u00e9 savoir en face de lui ou elle.<\/b><\/span><\/p>\n<p class=\"p1\"><span class=\"s1\"><b>CM : <\/b>Preuve d\u2019intelligence (critique).<\/span><\/p>\n<p class=\"p1\"><span class=\"s1\"><b>PJ : Suppos\u00e9 savoir, ceci dit, par des institutions bien en place que sont selon le cas, la hi\u00e9rarchie militaire, la s\u00e9niorit\u00e9, etc.<\/b><\/span><\/p>\n<p class=\"p1\"><span class=\"s1\"><b>CM : <\/b>Il peut y avoir aussi un irrespect structurel&#8230; Pour ma part, J\u2019avais un m\u00e9pris exag\u00e9r\u00e9 pour les adultes quels qu\u2019ils soient, \u00a0\u00e0 quelques exceptions pr\u00e8s&#8230; Je les prenais majoritairement pour des sortes de clowns ridicules et un peu effrayants.<\/span><\/p>\n<p class=\"p1\"><span class=\"s1\">Quand enfant on m\u2019emmenait au cirque, j\u2019avais des crises d\u2019angoisse terribles devant les spectacles (dressages, clowneries, trap\u00e8ze)&#8230; Je n\u2019y voyais qu\u2019humiliation et souffrance alors que les autres gamins exultaient &#8230; Il fallait m\u2019\u00e9vacuer.\u00a0 Idem, pour les trucs sportifs auxquels on a essay\u00e9 de m\u2019emmener&#8230; Du coup, on ne m\u2019emmenait plus nulle part !<\/span><\/p>\n<p class=\"p1\"><span class=\"s1\">Et on me regardait avec une certaine inqui\u00e9tude dans la famille (oncles, tantes, cousins)&#8230; Ma passion et mon don pour le dessin et l\u2019\u00e9criture ne faisait qu\u2019aggraver les choses. \u201cChantal est vraiment bizarre\u201d&#8230;<\/span><\/p>\n<p class=\"p1\"><span class=\"s1\"><b>PJ : L&rsquo;accusateur d&rsquo;insolence a vu remise en cause par des faits dans le r\u00e9el, la sup\u00e9riorit\u00e9 suppos\u00e9e naturelle qui justifie \u00e0 ses yeux la condescendance, le paternalisme, le regard dirig\u00e9 vers le bas comme un ce qui va sans dire.\u00a0<\/b><\/span><\/p>\n<p class=\"p1\"><span class=\"s1\"><b>L&rsquo;enfant perd l&rsquo;habitude de poser des questions \u00e0 l&rsquo;adulte syst\u00e9matiquement d\u00e9sar\u00e7onn\u00e9, plong\u00e9 dans la perplexit\u00e9 par elles, recourant au bluff dans ses r\u00e9ponses, faute de mieux, et qui l&rsquo;accuse en retour d&rsquo;insolence. L&rsquo;enfant insolent prend alors l&rsquo;habitude d&rsquo;enqu\u00eater par ses propres moyens. Il entreprend sa qu\u00eate de la v\u00e9rit\u00e9 \u00e0 l&rsquo;\u00e9cart\u00a0des adultes dont il lui est d\u00e9j\u00e0 clair que sur ce plan l\u00e0 en tout cas, ils ne sont gu\u00e8re fiables.<\/b><\/span><\/p>\n<p class=\"p4\"><span class=\"s1\"><b>CM : <\/b>Oui !<\/span><\/p>\n<p class=\"p4\"><span class=\"s1\">Je m\u2019amusais souvent \u00e0 poser \u2013 tr\u00e8s s\u00e9rieusement &#8211; des questions n\u2019ayant aucun sens, mais tr\u00e8s bien formul\u00e9es \u00e0 mes profs, pour voir ce qu\u2019ils allaient r\u00e9pondre. J\u2019avais une ou deux complices parmi les autres \u00e9l\u00e8ves&#8230; Quand on a explos\u00e9 de rire un peu trop fort toutes en m\u00eame temps, l\u2019une de nos victimes a fini par comprendre&#8230; moralit\u00e9: engueulade carabin\u00e9e plus d\u2019innombrables heures de colle&#8230;<\/span><\/p>\n<p class=\"p4\"><span class=\"s1\">\u00a0Aaaah ! Jeunesse&#8230;<\/span><\/p>\n","protected":false},"excerpt":{"rendered":"<blockquote>\n<p>Ouvert aux commentaires.<\/p>\n<\/blockquote>\n<p>Lors de <a href=\"https:\/\/www.pauljorion.com\/blog\/2020\/05\/28\/pj-tv-le-monde-dapres-invitee-chantal-montellier-le-jeudi-28-mai-a-18h\/\" target=\"_blank\" rel=\"noopener noreferrer\">notre entretien jeudi<\/a>, Chantal Montellier avait \u00e9t\u00e9 surprise lorsque j&rsquo;avais sugg\u00e9r\u00e9 que le qualificatif d&rsquo;<span class=\"s1\">\u00ab insolente\u00a0\u00bb lui avait sans doute \u00e9t\u00e9 appliqu\u00e9 au fil des ann\u00e9es. Il en est r\u00e9sult\u00e9 le petit dialogue que voici :<\/span><\/p>\n<p class=\"p1\"><span class=\"s1\"><b>PJ : Comment peut-on dire d\u2019un enfant [&hellip;]<\/b><\/span><\/p>\n","protected":false},"author":1,"featured_media":0,"comment_status":"open","ping_status":"closed","sticky":false,"template":"","format":"standard","meta":{"footnotes":""},"categories":[7136,6],"tags":[7121,7295],"class_list":["post-120950","post","type-post","status-publish","format-standard","hentry","category-bande-dessinee","category-questions-essentielles","tag-chantal-montellier","tag-insolence"],"_links":{"self":[{"href":"https:\/\/www.pauljorion.com\/blog\/wp-json\/wp\/v2\/posts\/120950","targetHints":{"allow":["GET"]}}],"collection":[{"href":"https:\/\/www.pauljorion.com\/blog\/wp-json\/wp\/v2\/posts"}],"about":[{"href":"https:\/\/www.pauljorion.com\/blog\/wp-json\/wp\/v2\/types\/post"}],"author":[{"embeddable":true,"href":"https:\/\/www.pauljorion.com\/blog\/wp-json\/wp\/v2\/users\/1"}],"replies":[{"embeddable":true,"href":"https:\/\/www.pauljorion.com\/blog\/wp-json\/wp\/v2\/comments?post=120950"}],"version-history":[{"count":3,"href":"https:\/\/www.pauljorion.com\/blog\/wp-json\/wp\/v2\/posts\/120950\/revisions"}],"predecessor-version":[{"id":120982,"href":"https:\/\/www.pauljorion.com\/blog\/wp-json\/wp\/v2\/posts\/120950\/revisions\/120982"}],"wp:attachment":[{"href":"https:\/\/www.pauljorion.com\/blog\/wp-json\/wp\/v2\/media?parent=120950"}],"wp:term":[{"taxonomy":"category","embeddable":true,"href":"https:\/\/www.pauljorion.com\/blog\/wp-json\/wp\/v2\/categories?post=120950"},{"taxonomy":"post_tag","embeddable":true,"href":"https:\/\/www.pauljorion.com\/blog\/wp-json\/wp\/v2\/tags?post=120950"}],"curies":[{"name":"wp","href":"https:\/\/api.w.org\/{rel}","templated":true}]}}