{"id":120974,"date":"2020-05-31T10:35:33","date_gmt":"2020-05-31T08:35:33","guid":{"rendered":"https:\/\/www.pauljorion.com\/blog\/?p=120974"},"modified":"2020-05-31T13:32:50","modified_gmt":"2020-05-31T11:32:50","slug":"video-une-video-que-jaurai-du-mal-a-faire","status":"publish","type":"post","link":"https:\/\/www.pauljorion.com\/blog\/2020\/05\/31\/video-une-video-que-jaurai-du-mal-a-faire\/","title":{"rendered":"Vid\u00e9o &#8211; <b>Une vid\u00e9o que j&rsquo;aurai du mal \u00e0 faire<\/b>"},"content":{"rendered":"<blockquote><p>Ouvert aux commentaires.<\/p><\/blockquote>\n<p><iframe loading=\"lazy\" width=\"700\" height=\"450\" class=\"aligncenter\" src=\"https:\/\/www.youtube.com\/embed\/LsDZ_N0Rx8U\" frameborder=\"0\" allow=\"accelerometer; autoplay; encrypted-media; gyroscope; picture-in-picture\" allowfullscreen><\/iframe><br \/>\nJe dis \u00ab\u00a040%, peut-\u00eatre 45% d&rsquo;Am\u00e9rindiens \u00e0 Los Angeles\u00a0\u00bb. 47,5% selon un recensement local de 2009.<\/p>\n<p><!--more--><\/p>\n<p><iframe loading=\"lazy\" width=\"700\" height=\"450\" class=\"aligncenter\" src=\"https:\/\/www.youtube.com\/embed\/mJsE5u80NWM\" frameborder=\"0\" allow=\"accelerometer; autoplay; encrypted-media; gyroscope; picture-in-picture\" allowfullscreen><\/iframe><\/p>\n<p><iframe loading=\"lazy\" width=\"700\" height=\"450\" class=\"aligncenter\" src=\"https:\/\/www.youtube.com\/embed\/3SKuQp1fUDk\" frameborder=\"0\" allow=\"accelerometer; autoplay; encrypted-media; gyroscope; picture-in-picture\" allowfullscreen><\/iframe><\/p>\n","protected":false},"excerpt":{"rendered":"<blockquote>\n<p>Ouvert aux commentaires.<\/p>\n<\/blockquote>\n<p><iframe loading=\"lazy\" width=\"700\" height=\"450\" class=\"aligncenter\" src=\"https:\/\/www.youtube.com\/embed\/LsDZ_N0Rx8U\" frameborder=\"0\" allow=\"accelerometer; autoplay; encrypted-media; gyroscope; picture-in-picture\" allowfullscreen><\/iframe><br \/> Je dis \u00ab\u00a040%, peut-\u00eatre 45% d&rsquo;Am\u00e9rindiens \u00e0 Los Angeles\u00a0\u00bb. 47,5% selon un recensement local de 2009.<\/p>\n","protected":false},"author":1,"featured_media":0,"comment_status":"open","ping_status":"closed","sticky":false,"template":"","format":"standard","meta":{"footnotes":""},"categories":[72],"tags":[7294,4442,7292,7290],"class_list":["post-120974","post","type-post","status-publish","format-standard","hentry","category-etats-unis","tag-black-lives-matter","tag-donald-trump","tag-emeutes-de-minneapolis","tag-violences-policieres"],"_links":{"self":[{"href":"https:\/\/www.pauljorion.com\/blog\/wp-json\/wp\/v2\/posts\/120974","targetHints":{"allow":["GET"]}}],"collection":[{"href":"https:\/\/www.pauljorion.com\/blog\/wp-json\/wp\/v2\/posts"}],"about":[{"href":"https:\/\/www.pauljorion.com\/blog\/wp-json\/wp\/v2\/types\/post"}],"author":[{"embeddable":true,"href":"https:\/\/www.pauljorion.com\/blog\/wp-json\/wp\/v2\/users\/1"}],"replies":[{"embeddable":true,"href":"https:\/\/www.pauljorion.com\/blog\/wp-json\/wp\/v2\/comments?post=120974"}],"version-history":[{"count":6,"href":"https:\/\/www.pauljorion.com\/blog\/wp-json\/wp\/v2\/posts\/120974\/revisions"}],"predecessor-version":[{"id":120980,"href":"https:\/\/www.pauljorion.com\/blog\/wp-json\/wp\/v2\/posts\/120974\/revisions\/120980"}],"wp:attachment":[{"href":"https:\/\/www.pauljorion.com\/blog\/wp-json\/wp\/v2\/media?parent=120974"}],"wp:term":[{"taxonomy":"category","embeddable":true,"href":"https:\/\/www.pauljorion.com\/blog\/wp-json\/wp\/v2\/categories?post=120974"},{"taxonomy":"post_tag","embeddable":true,"href":"https:\/\/www.pauljorion.com\/blog\/wp-json\/wp\/v2\/tags?post=120974"}],"curies":[{"name":"wp","href":"https:\/\/api.w.org\/{rel}","templated":true}]}}