{"id":121398,"date":"2020-06-14T20:00:19","date_gmt":"2020-06-14T18:00:19","guid":{"rendered":"https:\/\/www.pauljorion.com\/blog\/?p=121398"},"modified":"2020-06-14T20:49:59","modified_gmt":"2020-06-14T18:49:59","slug":"allocution-de-m-macron-president-de-la-republique-francaise","status":"publish","type":"post","link":"https:\/\/www.pauljorion.com\/blog\/2020\/06\/14\/allocution-de-m-macron-president-de-la-republique-francaise\/","title":{"rendered":"<b>4e allocution de M. Macron, Pr\u00e9sident de la R\u00e9publique fran\u00e7aise<\/b>"},"content":{"rendered":"<p><iframe loading=\"lazy\" width=\"700\" height=\"450\" class=\"aligncenter\" src=\"https:\/\/www.youtube.com\/embed\/4yCPynZzna0\" frameborder=\"0\" allow=\"accelerometer; autoplay; encrypted-media; gyroscope; picture-in-picture\" allowfullscreen><\/iframe><\/p>\n","protected":false},"excerpt":{"rendered":"<p><iframe loading=\"lazy\" width=\"700\" height=\"450\" class=\"aligncenter\" src=\"https:\/\/www.youtube.com\/embed\/4yCPynZzna0\" frameborder=\"0\" allow=\"accelerometer; autoplay; encrypted-media; gyroscope; picture-in-picture\" allowfullscreen><\/iframe><\/p>\n","protected":false},"author":1,"featured_media":0,"comment_status":"open","ping_status":"closed","sticky":false,"template":"","format":"standard","meta":{"footnotes":""},"categories":[7308,6301,4454],"tags":[7294,7019,7072,3766,5002,7102],"class_list":["post-121398","post","type-post","status-publish","format-standard","hentry","category-black-lives-matter","category-epidemiologie","category-france","tag-black-lives-matter","tag-coronavirus","tag-covid-19","tag-emmanuel-macron","tag-epidemiologie","tag-pandemie"],"_links":{"self":[{"href":"https:\/\/www.pauljorion.com\/blog\/wp-json\/wp\/v2\/posts\/121398","targetHints":{"allow":["GET"]}}],"collection":[{"href":"https:\/\/www.pauljorion.com\/blog\/wp-json\/wp\/v2\/posts"}],"about":[{"href":"https:\/\/www.pauljorion.com\/blog\/wp-json\/wp\/v2\/types\/post"}],"author":[{"embeddable":true,"href":"https:\/\/www.pauljorion.com\/blog\/wp-json\/wp\/v2\/users\/1"}],"replies":[{"embeddable":true,"href":"https:\/\/www.pauljorion.com\/blog\/wp-json\/wp\/v2\/comments?post=121398"}],"version-history":[{"count":3,"href":"https:\/\/www.pauljorion.com\/blog\/wp-json\/wp\/v2\/posts\/121398\/revisions"}],"predecessor-version":[{"id":121401,"href":"https:\/\/www.pauljorion.com\/blog\/wp-json\/wp\/v2\/posts\/121398\/revisions\/121401"}],"wp:attachment":[{"href":"https:\/\/www.pauljorion.com\/blog\/wp-json\/wp\/v2\/media?parent=121398"}],"wp:term":[{"taxonomy":"category","embeddable":true,"href":"https:\/\/www.pauljorion.com\/blog\/wp-json\/wp\/v2\/categories?post=121398"},{"taxonomy":"post_tag","embeddable":true,"href":"https:\/\/www.pauljorion.com\/blog\/wp-json\/wp\/v2\/tags?post=121398"}],"curies":[{"name":"wp","href":"https:\/\/api.w.org\/{rel}","templated":true}]}}