{"id":122013,"date":"2020-07-10T18:36:44","date_gmt":"2020-07-10T16:36:44","guid":{"rendered":"https:\/\/www.pauljorion.com\/blog\/?p=122013"},"modified":"2020-07-10T18:45:31","modified_gmt":"2020-07-10T16:45:31","slug":"covid-19-y-a-t-il-une-conspiration-des-complotistes","status":"publish","type":"post","link":"https:\/\/www.pauljorion.com\/blog\/2020\/07\/10\/covid-19-y-a-t-il-une-conspiration-des-complotistes\/","title":{"rendered":"Covid-19 &#8211; <b>Y a-t-il une conspiration des complotistes&nbsp;?<\/b>"},"content":{"rendered":"<p>\u00c0 la recherche de la source d&rsquo;une d\u00e9sinformation syst\u00e9matique sur l&rsquo;\u00e9lection pr\u00e9sidentielle de 2016 aux \u00c9tats-Unis, le FBI rep\u00e9ra une agence \u00e0 Saint-P\u00e9tersbourg et inculpa un certain nombre de ses salari\u00e9s.<\/p>\n<p>Il n&rsquo;est \u00e9videmment pas donn\u00e9 \u00e0 tout le monde d&rsquo;avoir les moyens de d\u00e9couvrir la source d&rsquo;une intoxication et &#8230; d&rsquo;inculper ses responsables.<\/p>\n<p>Cela \u00e9tant dit, je suis cependant surpris que ceux qui d\u00e9noncent la production de fausses informations relatives \u00e0 la pand\u00e9mie du Covid-19, apparaissent dans l&rsquo;ensemble superbement indiff\u00e9rents \u00e0 la question : \u00ab\u00a0Qui sont les inventeurs des bobards (avant de les r\u00e9pandre) ?\u00a0\u00bb<\/p>\n<p>Certains sites se sont sp\u00e9cialis\u00e9s dans la d\u00e9mystification et d\u00e9montrent par leur activit\u00e9 que la d\u00e9couverte de l&rsquo;identit\u00e9 de l&rsquo;auteur de <em>fake news<\/em> est loin d&rsquo;\u00eatre irr\u00e9alisable. Et si on trouve bien s\u00fbr souvent \u00e0 l&rsquo;origine de bobards, des individus chez qui se combinent banalement une tr\u00e8s haute disposition \u00e0 l&rsquo;indignation et une capacit\u00e9 tr\u00e8s basse\u00a0 \u00e0 comprendre les faits, la question <em>tr\u00e8s complotiste<\/em> demeure : n&rsquo;y a-t-il vraiment qu&rsquo;eux ?<\/p>\n","protected":false},"excerpt":{"rendered":"<p>\u00c0 la recherche de la source d&rsquo;une d\u00e9sinformation syst\u00e9matique sur l&rsquo;\u00e9lection pr\u00e9sidentielle de 2016 aux \u00c9tats-Unis, le FBI rep\u00e9ra une agence \u00e0 Saint-P\u00e9tersbourg et inculpa un certain nombre de ses salari\u00e9s.<\/p>\n<p>Il n&rsquo;est \u00e9videmment pas donn\u00e9 \u00e0 tout le monde d&rsquo;avoir les moyens de d\u00e9couvrir la source d&rsquo;une intoxication et &#8230; d&rsquo;inculper ses responsables.<\/p>\n<p>Cela [&hellip;]<\/p>\n","protected":false},"author":1,"featured_media":0,"comment_status":"open","ping_status":"closed","sticky":false,"template":"","format":"standard","meta":{"footnotes":""},"categories":[6403,6301],"tags":[3676,6404,7019,7072,7102],"class_list":["post-122013","post","type-post","status-publish","format-standard","hentry","category-complotisme","category-epidemiologie","tag-complotisme","tag-conspirationnisme","tag-coronavirus","tag-covid-19","tag-pandemie"],"_links":{"self":[{"href":"https:\/\/www.pauljorion.com\/blog\/wp-json\/wp\/v2\/posts\/122013","targetHints":{"allow":["GET"]}}],"collection":[{"href":"https:\/\/www.pauljorion.com\/blog\/wp-json\/wp\/v2\/posts"}],"about":[{"href":"https:\/\/www.pauljorion.com\/blog\/wp-json\/wp\/v2\/types\/post"}],"author":[{"embeddable":true,"href":"https:\/\/www.pauljorion.com\/blog\/wp-json\/wp\/v2\/users\/1"}],"replies":[{"embeddable":true,"href":"https:\/\/www.pauljorion.com\/blog\/wp-json\/wp\/v2\/comments?post=122013"}],"version-history":[{"count":8,"href":"https:\/\/www.pauljorion.com\/blog\/wp-json\/wp\/v2\/posts\/122013\/revisions"}],"predecessor-version":[{"id":122021,"href":"https:\/\/www.pauljorion.com\/blog\/wp-json\/wp\/v2\/posts\/122013\/revisions\/122021"}],"wp:attachment":[{"href":"https:\/\/www.pauljorion.com\/blog\/wp-json\/wp\/v2\/media?parent=122013"}],"wp:term":[{"taxonomy":"category","embeddable":true,"href":"https:\/\/www.pauljorion.com\/blog\/wp-json\/wp\/v2\/categories?post=122013"},{"taxonomy":"post_tag","embeddable":true,"href":"https:\/\/www.pauljorion.com\/blog\/wp-json\/wp\/v2\/tags?post=122013"}],"curies":[{"name":"wp","href":"https:\/\/api.w.org\/{rel}","templated":true}]}}