{"id":122355,"date":"2020-07-25T18:33:20","date_gmt":"2020-07-25T16:33:20","guid":{"rendered":"https:\/\/www.pauljorion.com\/blog\/?p=122355"},"modified":"2020-07-25T18:33:20","modified_gmt":"2020-07-25T16:33:20","slug":"lettre-a-un-ami-a-propos-de-la-video-comment-expliquer-le-derapage-macron-par-thomas-saupique","status":"publish","type":"post","link":"https:\/\/www.pauljorion.com\/blog\/2020\/07\/25\/lettre-a-un-ami-a-propos-de-la-video-comment-expliquer-le-derapage-macron-par-thomas-saupique\/","title":{"rendered":"<b>Lettre \u00e0 un ami &#8211; \u00c0 propos de la vid\u00e9o \u00ab\u00a0Comment expliquer le d\u00e9rapage Macron&nbsp;?\u00a0\u00bb<\/b>, par Thomas Saupique"},"content":{"rendered":"<p><iframe loading=\"lazy\" width=\"700\" height=\"450\" class=\"aligncenter\" src=\"https:\/\/www.youtube.com\/embed\/X4tkUpICCwc\" frameborder=\"0\" allow=\"accelerometer; autoplay; encrypted-media; gyroscope; picture-in-picture\" allowfullscreen><\/iframe><\/p>\n<p class=\"p1\">Monsieur Jorion, je commencerai par dire que je per\u00e7ois moi aussi l&rsquo;existence de ces corps interm\u00e9diaires comme probl\u00e9matique. Dans un certain monde de l&rsquo;entreprise, ils sont l&rsquo;un des maillons essentiels de la productivit\u00e9 dans le sens r\u00e9ducteur de la recherche de profits \u00e0 court terme. Il s&rsquo;agit de cette tranche d&rsquo;individus dans la hi\u00e9rarchie \u00e0 qui sont confi\u00e9s des t\u00e2ches dites de <em>Management<\/em>. Leur fonction est de g\u00e9rer pour un salaire un peu plus \u00e9lev\u00e9, les intrants et extrants du processus de production. <!--more-->Toutes les cha\u00eenes d&rsquo;enseignes fonctionnent de la m\u00eame mani\u00e8re comme vous le savez : des t\u00e2ches simplifi\u00e9es \u00e0 l&rsquo;extr\u00eame pour pouvoir \u00eatre confi\u00e9es \u00e0 des personnels type \u00e9tudiants, new migrants, non dipl\u00f4m\u00e9s, ch\u00f4meurs, personnes isol\u00e9es&#8230; Le manager a pour mission parmi tant d&rsquo;autres de veiller \u00e0 \u00e9viter toute constitution de groupement de travailleurs et individualise le m\u00e9rite par des initiatives du type : d\u00e9signation de l&#8217;employ\u00e9 du mois ou sanction des comportements non productifs. Il est l&rsquo;adjudant en contact avec les troupes qui sur le terrain s&rsquo;assure que la rentabilit\u00e9 de l&rsquo;enseigne soit assur\u00e9e, pour que les dividendes soient vers\u00e9s en temps et en heure aux cadres et aux actionnaires. Son r\u00f4le est de surveiller et punir, en service actif sous les ordres et le contr\u00f4le d&rsquo;une hi\u00e9rarchie distante. Le responsabilit\u00e9 de l&rsquo;outil de travail par l&#8217;employ\u00e9 est nul et la qualit\u00e9 du service \u00e0 la hauteur. Ces enseignes ont la f\u00e2cheuse tendance de s&rsquo;installer partout, au d\u00e9pend du commerce de proximit\u00e9, de l&rsquo;entrepreneur local, qui par nature devra composer avec ses employ\u00e9s au fil de la relation.<\/p>\n<p class=\"p1\">Selon la m\u00eame maxime, il semblerait que CEO Macron patron de la compagnie France ait d\u00e9sign\u00e9 son nouveau <em>Chief executive officer<\/em>, you name it, en la personne de Jean Castex. Lui m\u00eame ayant recrut\u00e9 une \u00e9quipe d&rsquo;<em>Executive general managers<\/em>&#8230; Des personnels donc temporaires dont la mission n&rsquo;est pas de r\u00e9fl\u00e9chir et s&rsquo;impliquer corps et \u00e2me pour produire une politique mais d&rsquo;appliquer une d\u00e9cision venue d&rsquo;en haut. En ce sens, G\u00e9n\u00e9ral Macron est \u00e0 la barre, d\u00e9cide du cap et si la direction suivi ne vous semble pas \u00eatre celle dont il parlait pendant le confinement comme vous aimez \u00e0 le rappeler, le G\u00e9n\u00e9ral est dans sa cabine sur le pont sup\u00e9rieur, certains ont d\u00e9j\u00e0 essayer de se faire entendre et voir, avec des gilets jaunes, mais il semble sourd \u00e0 toute vindicte !<\/p>\n<p class=\"p1\">Cependant, j&rsquo;attire votre attention sur un ph\u00e9nom\u00e8ne se produisant parall\u00e8lement depuis plusieurs ann\u00e9es, nourrissant cette personnification du pouvoir : la disparition de certains corps interm\u00e9diaires comme celui des diplomates, point\u00e9e par certains universitaires (Maurice Va\u00efsse). Ainsi les chefs d&rsquo;Etats aiment de plus en plus \u00e0 voyager et \u00e0 se rencontrer intimement lors d&rsquo;\u00e9v\u00e8nements internationaux, seuls ou \u00e0 plusieurs, pour constituer des alliances. Le budget des affaires \u00e9trang\u00e8res \u00e0 largement diminu\u00e9 et ces hauts fonctionnaires qui s&rsquo;impliquaient dans la construction des relations internationales sur le long terme sont d\u00e9sormais marginalis\u00e9s dans les n\u00e9gociations, chaque pr\u00e9sident constituant son r\u00e9seau \u00e0 partir de personnes qui lui seront alors d\u00e9vou\u00e9s. La verticalisation du pouvoir s&rsquo;intensifie, les int\u00e9r\u00eats personnels grandissent, l&rsquo;id\u00e9e de nation se dilue dans des politiques \u00e0 court terme, sur un sch\u00e9ma similaire \u00e0 celui du monde comp\u00e9titif de l&rsquo;entreprise \u00e0 capitaux priv\u00e9s. The Board of Directors ou les actionnaires majoritaires sont les hommes de l&rsquo;ombre qui nouent et d\u00e9nouent les \u00e9lections usant des ficelles que l&rsquo;on connait : soutien financier, m\u00e9diatique, intellectuel et strat\u00e9gique \u00e0 un volontaire pr\u00e9alablement adoub\u00e9.<\/p>\n<p class=\"p1\">Je vois dans l&rsquo;exemple du gouvernement Macron 2 l&rsquo;expression d&rsquo;un autoritarisme hi\u00e9rarchique qui infantilise et cristallise des m\u00e9contentements encore d&rsquo;avantage. Pour rejoindre votre r\u00e9f\u00e9rence r\u00e9volutionnaire, l&rsquo;id\u00e9e de suppression de ces classes manag\u00e9riales qui aspirent toujours \u00e0 des positions plus \u00e9lev\u00e9es dans la hi\u00e9rarchie du pouvoir, semble bien \u00eatre une utopie que dans un \u00e9lan de reforme la Terreur a signifi\u00e9. C&rsquo;est peut-\u00eatre en cherchant d&rsquo;avantage l&rsquo;implication \/ adh\u00e9sion de ces corps interm\u00e9diaires dans le processus de d\u00e9cision que l&rsquo;\u00e9quilibre se trouvera. Ainsi, les questions de rivalit\u00e9 souvent bien masculines devront faire place \u00e0 d&rsquo;avantage de collaboration entre app\u00e9tants politiques pour permettre \u00e0 un int\u00e9r\u00eat collectif et \u00e0 un cap d&rsquo;\u00e9merger coll\u00e9gialement. Pour diff\u00e9rentes raisons, les femmes seront donc plus profil\u00e9es pour devenir les leaders d\u00e9sign\u00e9s de demain, laissant place \u00e0 une sensibilit\u00e9 diff\u00e9rente de l&rsquo;autorit\u00e9 de s&rsquo;exprimer je pense.<\/p>\n<p class=\"p1\">Votre video \u00e9voque aussi votre soudaine curiosit\u00e9 pour la fonction d&rsquo;orateur public. Je la trouve candide et en m\u00eame tant, comme tout bon joueur de carte, candeur \u00e9gale atout. Car vous entretenez une fraicheur d&rsquo;esprit que l&rsquo;on ressent dans votre approche sinc\u00e8re des tourments de l&rsquo;actualit\u00e9, d\u00e9montrant ainsi vos qualit\u00e9s d&rsquo;intellectuel humaniste. Je saisis donc la balle au bond puisque vous la lancez avec cet esprit joueur et je dirais que l&rsquo;exemple choisi de Fran\u00e7ois Ruffin parle de lui m\u00eame. C&rsquo;est la construction d&rsquo;une structure associative tr\u00e8s engag\u00e9e localement autour de son journal Fakir qui a fait na\u00eetre plus tard son documentaire \u00ab\u00a0Merci Patron\u00a0\u00bb. La r\u00e9alisation de ce dernier impliquant encore une fois nombre de b\u00e9n\u00e9voles engag\u00e9s. Ensuite, ces m\u00eames gens furent naturellement la Nuit Debout puis enfin, de la partie de campagne pour l&rsquo;\u00e9lection de Monsieur Ruffin comme repr\u00e9sentant de sa circonscription. Parti de rien ? Non. Parti de loin ? Oui.<\/p>\n<p class=\"p1\">Dans des partis existants, la le\u00e7on est la m\u00eame ; j&rsquo;\u00e9tais moi-m\u00eame journaliste \u00e0 Lyon au moment o\u00f9 la jeune Najat Vallaud-Belcacem ambitionnait de devenir une leader politique. Elle \u00e9tait donc tr\u00e8s active au sein du PS local, son profil de jeune femme intelligente, motiv\u00e9e et repr\u00e9sentante d&rsquo;une forme de diversit\u00e9 a bien entendu s\u00e9duit en interne, elle a donc \u00e9t\u00e9 encourag\u00e9e et pas \u00e0 pas a fait la carri\u00e8re tr\u00e8s classique et rapide qu&rsquo;on lui connait jusqu&rsquo;au minist\u00e8re de l&rsquo;\u00e9ducation nationale. Il y existe donc une fonction rituelle consistant \u00e0 introniser les jeunes pr\u00e9tendants aux fonctions publiques au sein de leur \u00ab\u00a0famille politique\u00a0\u00bb. Par rituel j&rsquo;entends la participation active du pr\u00e9tendant au sein de son groupe pour emporter une forme d&rsquo;adh\u00e9sion li\u00e9e \u00e0 son charisme, ses id\u00e9es, sa d\u00e9termination. M\u00eame si les parachutages d&rsquo;en haut existent bien entendu concomitamment.<\/p>\n<p class=\"p1\">Si j&rsquo;en revient \u00e0 votre br\u00e8ve vid\u00e9o, je trouve votre r\u00e9cit \u00ab\u00a0candide\u00a0\u00bb donc, dans la mesure ou vous d\u00e9crivez votre impulsion politique comme celle que je qualifierais de \u00ab\u00a0l&rsquo;homme providentiel\u00a0\u00bb. Une tendance d\u00e9crite dans le champs de la psychologie par la tro\u00efka des arch\u00e9types du \u00ab\u00a0sauveur, de la victime et du bourreau\u00a0\u00bb. L&rsquo;objectif encourag\u00e9 par le th\u00e9rapeute \u00e9tant de sortir de ce jeu de d\u00e9pendance et de croyance pour revenir \u00e0 des principe de r\u00e9alit\u00e9. Si je me permets de revenir \u00e0 votre histoire du caf\u00e9 de la gare du Nord donc, il y a l&rsquo;\u00e9lan du \u00ab\u00a0sauveur\u00a0\u00bb. De celui qui voudrait aider de son expertise et sa bonne volont\u00e9 pour r\u00e9pondre \u00e0 des probl\u00e9matiques \u00e0 sa port\u00e9e. Ensuite, plus loin dans le r\u00e9cit, il y a l&rsquo;\u00e9lan de la \u00ab\u00a0victime\u00a0\u00bb. Celui qui pense que personne ne l&rsquo;a rappel\u00e9 alors que pourtant sa volont\u00e9 \u00e9tait bien sympathique, n&rsquo;est-ce pas ?<\/p>\n<p class=\"p1\">Le th\u00e9rapeute aime a rappeler qu&rsquo;il y a comme souvent derri\u00e8re cette \u00e9nergie toute enfantine de ce mouvement de l&rsquo;\u00e2me, cette incompr\u00e9hension du jeune enfant qui ne comprend pas pourquoi le monde des adultes est si burlesque, violent et indiff\u00e9rent \u00e0 la fois. Mouvement inconscient bien entendu. Bien s\u00fbr, vous \u00eates un homme sage et malicieux Monsieur Jorion&#8230; je doute en ce sens que vous souhaitiez r\u00e9ellement vous engager sur ce chemin de l&rsquo;\u00e9lu, pr\u00e9f\u00e9rant nourrir le jeu gourmand du d\u00e9bat d&rsquo;id\u00e9es ! En tout cas c&rsquo;est mon ressenti depuis quelques mois que je vous suis. Car si vous regardez plus attentivement comme moi les cernes sous les yeux de Fran\u00e7ois Ruffin depuis ses d\u00e9buts dans sa cuisine o\u00f9 j&rsquo;ai eu le plaisir de faire votre connaissance ! Vous observeriez combien Fran\u00e7ois Ruffin est totalement \u00ab\u00a0exhausted\u00a0\u00bb par la charge \u00e9motionnelle que repr\u00e9sente la confrontation de son id\u00e9alisme exemplaire \u00e0 la r\u00e9alit\u00e9 cynique de l&rsquo;ar\u00e8ne de notre 5e R\u00e9publique qui semble parfois, \u00e0 bout de souffle&#8230; R\u00e9alit\u00e9 donc.<\/p>\n<p class=\"p1\">Permettez moi ici de d\u00e9velopper, je vous devine gourmand et comme j&rsquo;aime \u00e0 vous \u00e9couter, vous devriez aimer ma faconde&#8230;<\/p>\n<p class=\"p1\">Toute tentative de proposition est repouss\u00e9e syst\u00e9matiquement par le parti verticalement contr\u00f4l\u00e9 en la modeste personne d&rsquo;Emmanuel Macron explique Ruffin. Selon moi, le mod\u00e8le patriarcal de notre syt\u00e8me pr\u00e9sidentiel est totalement \u00ab\u00a0has been\u00a0\u00bb en 2020, dans une soci\u00e9t\u00e9 ou la cellule de base de toute soci\u00e9t\u00e9 humaine, \u00e0 savoir le groupe d&rsquo;individus composant la \u00ab\u00a0famille\u00a0\u00bb, est en profonde mutation. En effet, les intrications d&rsquo;\u00e2ges &#8211; Macron en offrant un exemple saisissant &#8211; mais aussi de genres, de nombres, d&rsquo;origines, de dur\u00e9es : l&rsquo;\u00e9cart entre la g\u00e9n\u00e9ration Gaullienne \/ coloniale \/ seconde guerre mondiale \/\u00a0 chr\u00e9tienne de mon grand-p\u00e8re et la mienne, <em>millennial<\/em>, est tout simplement fantastique. Avant m\u00eame d&rsquo;\u00eatre \u00e9conomique, contrairement au diagnostic de Mister Macron, je dirais que la crise &#8211; ou le d\u00e9fi &#8211; du XXI\u00e8me si\u00e8cle, est avant tout \u00ab\u00a0spirituel\u00a0\u00bb pour reprendre ce que l&rsquo;on attribue \u00e0 Malraux. Je m&rsquo;explique. Les \u00e9glises dans un mouvement post 68 se sont vid\u00e9es, hormis pour la sainte trinit\u00e9 No\u00ebl &#8211; mariage &#8211; enterrement, voir pour les plus aguerris seulement, la messe de P\u00e2ques ou de la Toussaint. Dans les pages fait-divers sont apparues des histoires glauques de pr\u00eatres ou d&rsquo;\u00e9v\u00eaques et naturellement les vocations se sont ass\u00e9ch\u00e9es, par absence de r\u00e9forme d&rsquo;un ordre bien \u00ab\u00a0poussi\u00e9reux\u00a0\u00bb&#8230; Pendant ce m\u00eame mouvement, les \u00e9crans publicitaires se sont mis \u00e0 scintiller, la litt\u00e9rature de gare, la presse magazine, les films de divertissement florissant sur des \u00e9crans, partout pr\u00e9sents. Ainsi dans les medias de la sph\u00e8re analogique ou digitale, cette imagerie du \u00ab\u00a0vivre pour soi\u00a0\u00bb a envahi un imaginaire (Ruffin) jusque l\u00e0 tr\u00e8s influenc\u00e9 par divers principes religieux du vivre \u00ab\u00a0ensemble\u00a0\u00bb. Une tendance dans les pays les plus avanc\u00e9s technologiquement, bien entendu. La population mondiale ayant elle aussi doubl\u00e9e, l&#8217;empreintes des religions traditionnelles reste je crois pr\u00e9dominant dans les pays ou les diff\u00e9rents medias sus cit\u00e9s n&rsquo;ont pas encore envahi la sph\u00e8re priv\u00e9e totalement.<\/p>\n<p class=\"p1\">Si donc la figure de patriarche de mon grand-p\u00e8re ou du G\u00e9n\u00e9ral fut \u00ab\u00a0successful\u00a0\u00bb en son temps &#8211; \u00e0 l&rsquo;image du sermon d&rsquo;un cur\u00e9 de campagne encourageant fraternit\u00e9 et pi\u00e9t\u00e9, souvenir des ann\u00e9es de disette et de r\u00e9sistance &#8211; elle est bien entendu d\u00e9sormais d\u00e9pass\u00e9e. Dans un contexte d&rsquo;abondance voir d&rsquo;exc\u00e8s, Emmanuel Macron interpr\u00e8te encore des discours aux accents paternalistes qui se veulent rassurant, sur le mode \u00ab\u00a0je vous ai compris\u00a0\u00bb ! Mais ne pose malheureusement aucun diagnostique visionnaire des sympt\u00f4mes pourtant fi\u00e9vreux d&rsquo;\u00e2mes citoyennes \u00e0 la peine. Un style qui sonne d&rsquo;ailleurs creux par rapport \u00e0 la promesse m\u00eame du produit : celle de faire grimper le chiffre d&rsquo;affaire de la boutique France. Sur ce plan Macron que l&rsquo;on disait tycoon et prodige n&rsquo;a pas la carrure d&rsquo;Elon Musk&#8230; Enfant t\u00eatu et capricieux ?<\/p>\n<p class=\"p1\">Vous me r\u00e9torquerez peut-\u00eatre : mais si la qu\u00eate de \u00ab\u00a0valeurs\u00a0\u00bb d&rsquo;une g\u00e9n\u00e9ration ne trouve plus r\u00e9ponse dans le discours de l&rsquo;\u00e9glise ou sa nouvelle alternative m\u00e9diatique, que reste-il de celles grav\u00e9es sur les frontons de nos \u00e9coles ? Libert\u00e9, Egalit\u00e9, Fraternit\u00e9 peut-on lire partout, n&rsquo;est-ce pas ? Certes, les rep\u00e8res conceptualis\u00e9s par les penseurs du Si\u00e8cles des Lumi\u00e8res dont nos anc\u00eatres r\u00e9volutionnaires sont les h\u00e9ritiers, sont toujours enseign\u00e9s au lyc\u00e9e. N\u00e9anmoins, comme le rappel Naomi Klein, l&rsquo;injonction paradoxale actuelle rend la jeune g\u00e9n\u00e9ration confuse : il faut ainsi consommer pour cr\u00e9er de l&#8217;emploi, tout en niant les \u00e9carts de richesse stigmates d&rsquo;iniquit\u00e9 et que le vaisseau spatial sur lequel nous convoyons joyeusement autour du soleil prend l&rsquo;eau&#8230; Ainsi, notre jeune fougueux pr\u00e9sident aime \u00e0 citer Paul Ricoeur, mais l&rsquo;exp\u00e9rience de son exercice autoritaire du pouvoir me permet de douter de sa maturit\u00e9 philosophique : il \u00e9choue selon moi en tant que leader de la Nation \u00e0 poser cette \u00e9quation existentielle, chose qui pourtant ravirait le monde que de voir la France assumer cette propension \u00e0 un humanisme intellectuel dont vous incarnez parfaitement le pedigree ! Emmanuel Macron lui qui est n\u00e9 la m\u00eame ann\u00e9e que moi, incarne parfaitement le probl\u00e8me de d\u00e9ni de r\u00e9alit\u00e9 que j&rsquo;\u00e9voquais pr\u00e9c\u00e9demment. Il est enferm\u00e9 dans une impasse dite de l&rsquo;Ego. A savoir qu&rsquo;il porte une attention concentr\u00e9e sur sa carri\u00e8re, son plaisir, son pouvoir, en dangereuse disproportion avec la fonction qu&rsquo;il devrait assumer. Une immaturit\u00e9 certes encourag\u00e9e par le star system qui aime les projecteurs, voir m\u00eame la religion lorsqu&rsquo;elle dogmatise ses pratiques spirituelles, ou la science \u00ab\u00a0hi\u00e9rarchisant\u00a0\u00bb le vivant au lieu d&rsquo;y d\u00e9cerner les fructueuses \u00ab\u00a0collaborations\u00a0\u00bb (Pablo Servigne). Emmanuel Macron confond comme bien d&rsquo;autres avant lui, la r\u00e9alisation de ses r\u00eaves tenaces d&rsquo;enfant \u00e0 savoir devenir pr\u00e9sident de la R\u00e9publique et \u00e9pouser sa professeur d&rsquo;expression th\u00e9\u00e2trale comme une fin. Alors qu&rsquo;il ne s&rsquo;agit que du d\u00e9but d&rsquo;un chemin ardu, impliquant de lui des actes tangibles de d\u00e9fense des valeurs de libert\u00e9, d&rsquo;\u00e9galit\u00e9 et de fraternit\u00e9.<\/p>\n<p class=\"p1\">Dans un monde contemporain complexe, il va de soi que les d\u00e9cisions prises par les corps l\u00e9gislatif, judiciaire et ex\u00e9cutif n\u00e9cessiteront l&rsquo;intense usage du d\u00e9bat parlementaire et des m\u00e9dias pour grandir. Dernier exemple en date de l&rsquo;\u00e9chec du jeune pr\u00e9sident \u00e0 avoir int\u00e9gr\u00e9 ce mode relation d&rsquo;adulte \u00e0 adulte : sa mani\u00e8re de traiter m\u00e9diatiquement la crise du Covid19. Lorsque m\u00eame Donald Trump pourtant exemplaire dans son \u00e9gocentrisme infantile assurait des conf\u00e9rences tr\u00e8s houleuses plusieurs fois par semaine \u00e0 la Maison-Blanche, le 1er ministre canadien r\u00e9pondait aux questions de la presse tous les jours devant sa demeure tandis que son homologue f\u00e9minin n\u00e9o-z\u00e9landais de s&rsquo;adresser \u00e9ventuellement \u00e0 ses concitoyens via son t\u00e9l\u00e9phone portale, confin\u00e9e sur le canap\u00e9 de son living-room ! Emmanuel Macron lui opta pour la prise de parole t\u00e9l\u00e9visuelle paternaliste et infantilisante, sans confrontation de point de vue. Ou plus r\u00e9cemment par le truchement d&rsquo;un choix ultra control\u00e9 de journalistes. Immaturit\u00e9 donc, \u00e0 concevoir que la fonction politique est une fonction de leader qui appelle \u00e0 se transcender. \u00ab\u00a0Meaning\u00a0\u00bb \u00e0 pouvoir d\u00e9passer ses d\u00e9sirs \u00e9gocentr\u00e9s pour faire Nation, garantir un sens de l&rsquo;\u00e9quit\u00e9, une libert\u00e9 d&rsquo;opinions, un cadre confraternel. Sa vision de la France semble se limiter \u00e0 un horizon dont son ambition dessine les contours et ses choix \u00e0 assouvir son addiction pour le cocktail \u00e9motionnel \u00e0 la mode : succ\u00e8s \/ notori\u00e9t\u00e9 \/ pouvoir. Dans le m\u00eame sens, comme le rappelle l&rsquo;infatigable Noam Chomsky, le probl\u00e8me n&rsquo;est pas tant constitutionnel mais d&rsquo;avantage syst\u00e9mique. Une soci\u00e9t\u00e9 marchandis\u00e9e (<em>commoditization<\/em>) qui propulse des personnalit\u00e9s impropres \u00e0 des postes complexes, port\u00e9es souvent par une jouissance de pouvoirs en lieu est place d&rsquo;un d\u00e9vouement plus modeste.<\/p>\n<p class=\"p1\">Alors oui, Monsieur Jorion, au-del\u00e0 de votre pr\u00e9sence inspirante dans les m\u00e9dias vous pourriez bien s\u00fbr vous engager en politique. Mais je crains que pour incarner l&rsquo;homme providentiel d&rsquo;aucun ne peut se priver du parcours initiatique que tout leader doit entreprendre ; Ruffin est pass\u00e9 de l&rsquo;enqu\u00eate journalistique \u00e0 l&rsquo;enqu\u00eate parlementaire, pourquoi pas Jorion passant de l&rsquo;analyse sociologique conceptuelle \u00e0 l&rsquo;action sociologique de terrain : j&rsquo;aime \u00e0 penser comme Pierre Bourdieu que \u00ab\u00a0la sociologie est un sport de combat\u00a0\u00bb n&rsquo;est-ce pas ? Vous pourriez pour cela vous associer \u00e0 un mouvement existant, tel celui de Ruffin ou emporter les bataillons de lecteurs qui aiment \u00e0 vous lire. Mais Ruffin a ceci de particulier qu&rsquo;il a b\u00e2ti son journal d\u00e8s le d\u00e9part comme une association, une forme d&rsquo;oeuvre collective dont il serait le facteur Cheval, infatigable \u00e0 la t\u00e2che. Et finalement heureusement car c&rsquo;est d&rsquo;une intelligence collective bas\u00e9e sur une confiance \u00e0 toute \u00e9preuve que j&rsquo;envisionne pour ma part un avenir pour nos d\u00e9mocraties, fatigu\u00e9es des coups de boutoirs de la promotion consum\u00e9riste, pr\u00e9sentant le \u00ab\u00a0succ\u00e8s\u00a0\u00bb comme unique \u00ab\u00a0achievement\u00a0\u00bb de l&rsquo;\u00e2me humaine. Aux enjeux si vari\u00e9s de notre \u00e9poque ne peut r\u00e9pondre qu&rsquo;un large groupe d&rsquo;individus interconnect\u00e9s par une forme de conscience, dont la voix serait commune et non \u00ab\u00a0port\u00e9e\u00a0\u00bb par un leader. Finie la figure du p\u00e8re qui d\u00e9tiendrait la solution et les citoyens, dociles qui s&rsquo;ex\u00e9cuteraient. L&rsquo;avenir est \u00e0 l&rsquo;autonomie, l&rsquo;ind\u00e9pendance d&rsquo;esprit, le travail en r\u00e9seau, \u00e0 l&rsquo;intelligence collective. En ceci je ne crois pas au guide sup\u00e9rieur, \u00e0 l&rsquo;\u00e9lu, je crois \u00e0 Fran\u00e7ois Ruffin seulement s&rsquo;il continue d&rsquo;\u00eatre le trait d&rsquo;union des petites gens qu&rsquo;il c\u00f4toie assid\u00fbment. Je crois au r\u00f4le singulier de celles et ceux qui sont \u00e0 ses c\u00f4t\u00e9s, dans une forme d&rsquo;action en totale opposition avec celle de l&rsquo;attach\u00e9 parlementaire quelconque ou le fonctionnaire de parti politique de base qui vient chercher salaire, position et carri\u00e8re et non apporter conviction, adh\u00e9sion, d\u00e9vouement \u00e0 son mandataire. Mais plus encore, je crois \u00e0 l&rsquo;horizontalit\u00e9 du pouvoir coll\u00e9gial, d\u00e9mocratique, collaboratif \u00e0 opposer \u00e0 un rapport vertical \u00e0 l&rsquo;autorit\u00e9, de trop patriarcal, hi\u00e9rarchique, clivant. Selon moi l&rsquo;avenir sera horizontal et davantage f\u00e9minin, la masculinit\u00e9 s&rsquo;attendrit, viendra l&rsquo;union, un jour, peut-\u00eatre. Ainsi soit-il&#8230;!<\/p>\n<p class=\"p1\">Il est pass\u00e9 le temps o\u00f9 le G\u00e9n\u00e9ral de Gaulle recevait l&rsquo;un apr\u00e8s l&rsquo;autre dans son bureau les prestigieux ing\u00e9nieurs fran\u00e7ais, pour d\u00e9cider de la planification industrielle des 20 prochaines ann\u00e9es, discourir de l&rsquo;ind\u00e9pendance de la France vis-\u00e0-vis de l&rsquo;OTAN, transiger sur la loi sur l&rsquo;avortement, ou encore refuser \u00e0 sa femme de changer les rideaux de l&rsquo;Elys\u00e9e, pourtant us\u00e9s&#8230; Je vous le dis comme je le dirais \u00e0 Emmanuel Macron interpr\u00e9tant maladroitement le r\u00f4le du vieux patriarche, au prix de sonner \u00ab\u00a0d\u00e9suet\u00a0\u00bb pour ne pas dire \u00ab\u00a0ringard\u00a0\u00bb: c&rsquo;est en assumant la fonction d&rsquo;un chef d&rsquo;orchestre dirigeant un concert parlementaire d&rsquo;id\u00e9es que je vois le r\u00f4le du pr\u00e9sident briller ! Il pourrait user de son autorit\u00e9 pour rendre \u00e0 nos s\u00e9nateurs et d\u00e9put\u00e9s l&rsquo;honneur d&rsquo;incarner r\u00e9ellement leurs mandants ! Des musiciens qualifi\u00e9s pour faire fleurir les graines de l&rsquo;innovation dont il se veut le garant. Je ne lui conseillerais certainement pas de s&rsquo;enfermer dans son bureau \u00e0 double tour. Qui trouverait tout seul une quelconque r\u00e9ponse \u00e0 des enjeux qui nous d\u00e9passent, modeste petites fourmis que nous sommes sur ce cailloux qui tourne \u00e0 l&rsquo;infini ? Je conclurais en citant ce vieux sage de Chomsky : \u00ab\u00a0ce n&rsquo;est pas si compliqu\u00e9, si on prend le temps d&rsquo;y penser&#8230;\u00a0\u00bb Une assembl\u00e9e c&rsquo;est fait pour d\u00e9battre et pour voter des compromis, n&rsquo;est-ce pas ? Certainement pas pour enregistrer les d\u00e9cisions d&rsquo;un d&rsquo;enfant capricieux. Mais comme Guignol, Macron aime user du b\u00e2ton. Pan pan sur le derri\u00e8re et l&rsquo;humanit\u00e9 va encore continuer de saigner, quelques si\u00e8cles ou ann\u00e9es !<\/p>\n<p class=\"p1\">Bien cordialement \u00e0 vous, cher Paul Jorion.<\/p>\n<p class=\"p1\">Au plaisir de vous lire !<\/p>\n<p class=\"p1\">Thomas Saupique<\/p>\n<p class=\"p1\">Vancouver, Canada<\/p>\n","protected":false},"excerpt":{"rendered":"<p><iframe loading=\"lazy\" width=\"700\" height=\"450\" class=\"aligncenter\" src=\"https:\/\/www.youtube.com\/embed\/X4tkUpICCwc\" frameborder=\"0\" allow=\"accelerometer; autoplay; encrypted-media; gyroscope; picture-in-picture\" allowfullscreen><\/iframe><\/p>\n<p class=\"p1\">Monsieur Jorion, je commencerai par dire que je per\u00e7ois moi aussi l&rsquo;existence de ces corps interm\u00e9diaires comme probl\u00e9matique. Dans un certain monde de l&rsquo;entreprise, ils sont l&rsquo;un des maillons essentiels de la productivit\u00e9 dans le sens r\u00e9ducteur de la recherche de profits [&hellip;]<\/p>\n","protected":false},"author":1,"featured_media":0,"comment_status":"open","ping_status":"closed","sticky":false,"template":"","format":"standard","meta":{"footnotes":""},"categories":[90,4454,7442],"tags":[3766,311,7443],"class_list":["post-122355","post","type-post","status-publish","format-standard","hentry","category-entreprise","category-france","category-gestion","tag-emmanuel-macron","tag-france","tag-gestion"],"_links":{"self":[{"href":"https:\/\/www.pauljorion.com\/blog\/wp-json\/wp\/v2\/posts\/122355","targetHints":{"allow":["GET"]}}],"collection":[{"href":"https:\/\/www.pauljorion.com\/blog\/wp-json\/wp\/v2\/posts"}],"about":[{"href":"https:\/\/www.pauljorion.com\/blog\/wp-json\/wp\/v2\/types\/post"}],"author":[{"embeddable":true,"href":"https:\/\/www.pauljorion.com\/blog\/wp-json\/wp\/v2\/users\/1"}],"replies":[{"embeddable":true,"href":"https:\/\/www.pauljorion.com\/blog\/wp-json\/wp\/v2\/comments?post=122355"}],"version-history":[{"count":2,"href":"https:\/\/www.pauljorion.com\/blog\/wp-json\/wp\/v2\/posts\/122355\/revisions"}],"predecessor-version":[{"id":122357,"href":"https:\/\/www.pauljorion.com\/blog\/wp-json\/wp\/v2\/posts\/122355\/revisions\/122357"}],"wp:attachment":[{"href":"https:\/\/www.pauljorion.com\/blog\/wp-json\/wp\/v2\/media?parent=122355"}],"wp:term":[{"taxonomy":"category","embeddable":true,"href":"https:\/\/www.pauljorion.com\/blog\/wp-json\/wp\/v2\/categories?post=122355"},{"taxonomy":"post_tag","embeddable":true,"href":"https:\/\/www.pauljorion.com\/blog\/wp-json\/wp\/v2\/tags?post=122355"}],"curies":[{"name":"wp","href":"https:\/\/api.w.org\/{rel}","templated":true}]}}