{"id":122402,"date":"2020-07-28T09:28:59","date_gmt":"2020-07-28T07:28:59","guid":{"rendered":"https:\/\/www.pauljorion.com\/blog\/?p=122402"},"modified":"2020-07-28T09:28:59","modified_gmt":"2020-07-28T07:28:59","slug":"levi-strauss-sur-les-epidemies","status":"publish","type":"post","link":"https:\/\/www.pauljorion.com\/blog\/2020\/07\/28\/levi-strauss-sur-les-epidemies\/","title":{"rendered":"<b>L\u00e9vi-Strauss sur les \u00e9pid\u00e9mies<\/b>"},"content":{"rendered":"<p>Une remarque de Claude L\u00e9vi-Strauss sur les \u00e9pid\u00e9mies, que je soumets \u00e0 votre r\u00e9flexion.<\/p>\n<blockquote><p>Avec le n\u00e9olithique, l&rsquo;homme s&rsquo;est mis \u00e0 l&rsquo;abri du froid et de la faim ; il a conquis le loisir de penser ; sans doute lutte-t-il mal contre la maladie, mais il n&rsquo;est pas certain que les progr\u00e8s de l&rsquo;hygi\u00e8ne n&rsquo;aient fait plus que rejeter sur d&rsquo;autres m\u00e9canismes : grandes famines et guerres d&rsquo;extermination, la charge de maintenir une mesure d\u00e9mographique, \u00e0 quoi les \u00e9pid\u00e9mies contribuaient d&rsquo;une fa\u00e7on qui n&rsquo;\u00e9tait pas plus effroyable que les autres.<\/p><\/blockquote>\n<p>C&rsquo;est \u00e0 la page 452 de <em>Tristes Tropiques<\/em>, un texte dat\u00e9 12 octobre 1954 &#8211; 5 mars 1955<\/p>\n","protected":false},"excerpt":{"rendered":"<p>Une remarque de Claude L\u00e9vi-Strauss sur les \u00e9pid\u00e9mies, que je soumets \u00e0 votre r\u00e9flexion.<\/p>\n<blockquote>\n<p>Avec le n\u00e9olithique, l&rsquo;homme s&rsquo;est mis \u00e0 l&rsquo;abri du froid et de la faim ; il a conquis le loisir de penser ; sans doute lutte-t-il mal contre la maladie, mais il n&rsquo;est pas certain que les progr\u00e8s de l&rsquo;hygi\u00e8ne n&rsquo;aient [&hellip;]<\/p>\n<\/blockquote>\n","protected":false},"author":1,"featured_media":0,"comment_status":"open","ping_status":"closed","sticky":false,"template":"","format":"standard","meta":{"footnotes":""},"categories":[6301],"tags":[97,7019,7072,7102],"class_list":["post-122402","post","type-post","status-publish","format-standard","hentry","category-epidemiologie","tag-claude-levi-strauss","tag-coronavirus","tag-covid-19","tag-pandemie"],"_links":{"self":[{"href":"https:\/\/www.pauljorion.com\/blog\/wp-json\/wp\/v2\/posts\/122402","targetHints":{"allow":["GET"]}}],"collection":[{"href":"https:\/\/www.pauljorion.com\/blog\/wp-json\/wp\/v2\/posts"}],"about":[{"href":"https:\/\/www.pauljorion.com\/blog\/wp-json\/wp\/v2\/types\/post"}],"author":[{"embeddable":true,"href":"https:\/\/www.pauljorion.com\/blog\/wp-json\/wp\/v2\/users\/1"}],"replies":[{"embeddable":true,"href":"https:\/\/www.pauljorion.com\/blog\/wp-json\/wp\/v2\/comments?post=122402"}],"version-history":[{"count":3,"href":"https:\/\/www.pauljorion.com\/blog\/wp-json\/wp\/v2\/posts\/122402\/revisions"}],"predecessor-version":[{"id":122405,"href":"https:\/\/www.pauljorion.com\/blog\/wp-json\/wp\/v2\/posts\/122402\/revisions\/122405"}],"wp:attachment":[{"href":"https:\/\/www.pauljorion.com\/blog\/wp-json\/wp\/v2\/media?parent=122402"}],"wp:term":[{"taxonomy":"category","embeddable":true,"href":"https:\/\/www.pauljorion.com\/blog\/wp-json\/wp\/v2\/categories?post=122402"},{"taxonomy":"post_tag","embeddable":true,"href":"https:\/\/www.pauljorion.com\/blog\/wp-json\/wp\/v2\/tags?post=122402"}],"curies":[{"name":"wp","href":"https:\/\/api.w.org\/{rel}","templated":true}]}}