{"id":122802,"date":"2020-08-13T17:41:19","date_gmt":"2020-08-13T15:41:19","guid":{"rendered":"https:\/\/www.pauljorion.com\/blog\/?p=122802"},"modified":"2020-08-13T17:44:29","modified_gmt":"2020-08-13T15:44:29","slug":"comment-eviter-une-guerre-civile-entre-les-jeunes-et-les-vieux-durant-le-xxie-siecle-par-cedric-chevalier","status":"publish","type":"post","link":"https:\/\/www.pauljorion.com\/blog\/2020\/08\/13\/comment-eviter-une-guerre-civile-entre-les-jeunes-et-les-vieux-durant-le-xxie-siecle-par-cedric-chevalier\/","title":{"rendered":"<b>Comment \u00e9viter une \u00ab\u00a0guerre civile\u00a0\u00bb entre les jeunes et les vieux durant le XXIe si\u00e8cle ?<\/b>, par C\u00e9dric Chevalier"},"content":{"rendered":"<p><img loading=\"lazy\" decoding=\"async\" src=\"https:\/\/www.pauljorion.com\/blog\/wp-content\/uploads\/Charlier-De-Wever-1024x576.jpg\" alt=\"\" width=\"474\" height=\"267\" class=\"aligncenter size-large wp-image-122807\" srcset=\"https:\/\/www.pauljorion.com\/blog\/wp-content\/uploads\/Charlier-De-Wever-1024x576.jpg 1024w, https:\/\/www.pauljorion.com\/blog\/wp-content\/uploads\/Charlier-De-Wever-300x169.jpg 300w, https:\/\/www.pauljorion.com\/blog\/wp-content\/uploads\/Charlier-De-Wever-768x432.jpg 768w, https:\/\/www.pauljorion.com\/blog\/wp-content\/uploads\/Charlier-De-Wever.jpg 1189w\" sizes=\"auto, (max-width: 474px) 100vw, 474px\" \/>La trajectoire de l&rsquo;\u00e9conomie mondialis\u00e9e d\u00e9truit les conditions de vie sur Terre pour les jeunes vivants aujourd&rsquo;hui, et ceux qui na\u00eetront durant ce si\u00e8cle. Le confinement pand\u00e9mique a impos\u00e9 aux jeunes, aux enfants (qui sont l\u00e9galement soumis \u00e0 l&rsquo;autorit\u00e9 de leurs parents et n&rsquo;ont aucun droit de vote) des sacrifices pour sauver la vie des vieux. On a impact\u00e9 la sant\u00e9 mentale et physique des jeunes sans suffisamment de soucis pour eux.  <!--more--><\/p>\n<p>Dans un r\u00e9cent rapport de l&rsquo;Organisation Internationale du Travail, on d\u00e9couvre maintenant que la crise socio-\u00e9conomique en gestation risque d&rsquo;hypoth\u00e9quer structurellement leur travail, leur carri\u00e8re, et leur qualit\u00e9 de vie. Le tragique de la dynamique se refl\u00e8te dans le fait que ce sont les vieux (des pays riches) qui, en poursuivant collectivement la croissance \u00e9conomique malgr\u00e9 les alertes, ont d\u00e9truit les \u00e9cosyst\u00e8mes et favoris\u00e9 les pand\u00e9mies partout dans le monde. <\/p>\n<p>On peut \u00e9videmment se demander \u00ab\u00a0\u00e0 quelle g\u00e9n\u00e9ration faire remonter la culpabilit\u00e9 ?\u00a0\u00bb et si \u00ab\u00a0les jeunes (des pays riches et \u00e9mergents) ne reproduisent pas aujourd&rsquo;hui sans critique le mode de vie insoutenable de leurs a\u00een\u00e9s\u00a0\u00bb. On ne peut pas se cliver totalement car tout jeune sera un jour un vieux. Mais on trouve maintenant de facto le germe d&rsquo;une ligne de partage politique qui va s\u00e9parer de plus en plus les vieux riches socio-\u00e9cologiquement inertes qui votent \u00e0 droite ou \u00e0 l&rsquo;extr\u00eame-droite (qui vivent dans des banlieues 4-fa\u00e7ades bien isol\u00e9es, avec un travail ou une pension, et qui ont acc\u00e8s \u00e0 la nature) et les jeunes pauvres qui exigent le changement et votent \u00e0 gauche, extr\u00eame gauche ou extr\u00eame droite (et qui vivent dans des petits appartements en pleine ville, mal isol\u00e9s, sans travail et sans nature). <\/p>\n<p>Autrement dit : la question va se poser aux jeunes de savoir s&rsquo;ils ne doivent pas prendre le pouvoir aux vieux s&rsquo;ils veulent vivre une vie digne&#8230; Vont-ils encore avoir longtemps le choix ? Des associations comme Extinction Rebellion et les marches des jeunes pour le climat sont-elles un exemple de cet \u00e9lan ? De jeunes leaders \u00e9co-socialement \u00e9clair\u00e9es et d\u00e9mocrates comme Alexandria Ocasio-Cortez, Ad\u00e9la\u00efde Charlier, Anuna De Wever, Kyra Gantois ou Gretha Thunberg pourraient-elles formuler une proposition politique qui \u00e9vite \u00e0 tous cette \u00ab\u00a0guerre civile entre les g\u00e9n\u00e9rations\u00a0\u00bb durant le XXIe si\u00e8cle ? Les vieux pourraient-ils laissent les jeunes cr\u00e9er le nouveau monde auquel ils aspirent, pour une fois dans l&rsquo;histoire ?<\/p>\n<p>La Libre : <a href=\"https:\/\/www.lalibre.be\/economie\/conjoncture\/l-organisation-internationale-du-travail-s-alarme-de-l-impact-de-la-crise-du-covid-19-sur-les-jeunes-5f32e2fa9978e2322f0bd1f8\" target=\"_blank\" rel=\"noopener noreferrer\" data-saferedirecturl=\"https:\/\/www.google.com\/url?q=https:\/\/www.lalibre.be\/economie\/conjoncture\/l-organisation-internationale-du-travail-s-alarme-de-l-impact-de-la-crise-du-covid-19-sur-les-jeunes-5f32e2fa9978e2322f0bd1f8&amp;source=gmail&amp;ust=1597313217240000&amp;usg=AFQjCNE6_084817AlZkJtv0hGRngPxYflw\">L&rsquo;Organisation internationale du travail s&rsquo;alarme de l&rsquo;impact de la crise du Covid-19 sur les jeunes<\/a>, le 11 ao\u00fbt 2020<\/p>\n","protected":false},"excerpt":{"rendered":"<p><img loading=\"lazy\" decoding=\"async\" src=\"https:\/\/www.pauljorion.com\/blog\/wp-content\/uploads\/Charlier-De-Wever-1024x576.jpg\" alt=\"\" width=\"474\" height=\"267\" class=\"aligncenter size-large wp-image-122807\" srcset=\"https:\/\/www.pauljorion.com\/blog\/wp-content\/uploads\/Charlier-De-Wever-1024x576.jpg 1024w, https:\/\/www.pauljorion.com\/blog\/wp-content\/uploads\/Charlier-De-Wever-300x169.jpg 300w, https:\/\/www.pauljorion.com\/blog\/wp-content\/uploads\/Charlier-De-Wever-768x432.jpg 768w, https:\/\/www.pauljorion.com\/blog\/wp-content\/uploads\/Charlier-De-Wever.jpg 1189w\" sizes=\"auto, (max-width: 474px) 100vw, 474px\" \/>La trajectoire de l&rsquo;\u00e9conomie mondialis\u00e9e d\u00e9truit les conditions de vie sur Terre pour les jeunes vivants aujourd&rsquo;hui, et ceux qui na\u00eetront durant ce si\u00e8cle. Le confinement pand\u00e9mique a impos\u00e9 aux jeunes, aux enfants (qui sont l\u00e9galement soumis \u00e0 l&rsquo;autorit\u00e9 de leurs parents et n&rsquo;ont aucun droit de [&hellip;]<\/p>\n","protected":false},"author":1,"featured_media":0,"comment_status":"open","ping_status":"closed","sticky":false,"template":"","format":"standard","meta":{"footnotes":""},"categories":[6686,4390,4494,5799,6195],"tags":[7488,5972,7489,7492,4209,6132,7491,7490],"class_list":["post-122802","post","type-post","status-publish","format-standard","hentry","category-climat","category-collapsologie","category-environnement","category-extinction","category-extinction-rebellion","tag-adelaide-charlier","tag-alexandria-ocasio-cortez","tag-anuna-de-wever","tag-conflit-des-generations","tag-extinction-du-genre-humain","tag-extinction-rebellion","tag-gretha-thunberg","tag-kyra-gantois"],"_links":{"self":[{"href":"https:\/\/www.pauljorion.com\/blog\/wp-json\/wp\/v2\/posts\/122802","targetHints":{"allow":["GET"]}}],"collection":[{"href":"https:\/\/www.pauljorion.com\/blog\/wp-json\/wp\/v2\/posts"}],"about":[{"href":"https:\/\/www.pauljorion.com\/blog\/wp-json\/wp\/v2\/types\/post"}],"author":[{"embeddable":true,"href":"https:\/\/www.pauljorion.com\/blog\/wp-json\/wp\/v2\/users\/1"}],"replies":[{"embeddable":true,"href":"https:\/\/www.pauljorion.com\/blog\/wp-json\/wp\/v2\/comments?post=122802"}],"version-history":[{"count":5,"href":"https:\/\/www.pauljorion.com\/blog\/wp-json\/wp\/v2\/posts\/122802\/revisions"}],"predecessor-version":[{"id":122808,"href":"https:\/\/www.pauljorion.com\/blog\/wp-json\/wp\/v2\/posts\/122802\/revisions\/122808"}],"wp:attachment":[{"href":"https:\/\/www.pauljorion.com\/blog\/wp-json\/wp\/v2\/media?parent=122802"}],"wp:term":[{"taxonomy":"category","embeddable":true,"href":"https:\/\/www.pauljorion.com\/blog\/wp-json\/wp\/v2\/categories?post=122802"},{"taxonomy":"post_tag","embeddable":true,"href":"https:\/\/www.pauljorion.com\/blog\/wp-json\/wp\/v2\/tags?post=122802"}],"curies":[{"name":"wp","href":"https:\/\/api.w.org\/{rel}","templated":true}]}}