{"id":122939,"date":"2020-08-18T17:20:51","date_gmt":"2020-08-18T15:20:51","guid":{"rendered":"https:\/\/www.pauljorion.com\/blog\/?p=122939"},"modified":"2020-08-18T17:20:51","modified_gmt":"2020-08-18T15:20:51","slug":"mort-de-george-floyd-les-enregistrements-de-la-police","status":"publish","type":"post","link":"https:\/\/www.pauljorion.com\/blog\/2020\/08\/18\/mort-de-george-floyd-les-enregistrements-de-la-police\/","title":{"rendered":"<b>Mort de George Floyd : les enregistrements de la police<\/b>"},"content":{"rendered":"<p><iframe loading=\"lazy\" allowfullscreen=\"true\" webkitallowfullscreen=\"true\" mozallowfullscreen=\"true\" frameborder=\"0\" scrolling=\"no\" marginheight=\"0\" marginwidth=\"0\" width=\"700\" height=\"394\" src=\"https:\/\/video-api.wsj.com\/api-video\/player\/v3\/iframe.html?guid=18E43BDB-F4B9-4396-821C-0E72F7251B60\"><\/iframe><\/p>\n<p>Nous disposons depuis aujourd&rsquo;hui des enregistrements de la police. On a parl\u00e9, vous le savez, pour la mort de George Floyd le 25 mai \u00e0 Minneapolis d&rsquo;<em>ex\u00e9cution<\/em>, j&rsquo;ai moi-m\u00eame utilis\u00e9 le terme <em>assassinat<\/em>. Je m&rsquo;adresse aux citoyens ordinaires, je m&rsquo;adresse aux policiers, que penser \u00e0 partir de ce que l&rsquo;on peut voir ici&nbsp;?<\/p>\n","protected":false},"excerpt":{"rendered":"<p><iframe loading=\"lazy\" allowfullscreen=\"true\" webkitallowfullscreen=\"true\" mozallowfullscreen=\"true\" frameborder=\"0\" scrolling=\"no\" marginheight=\"0\" marginwidth=\"0\" width=\"700\" height=\"394\" src=\"https:\/\/video-api.wsj.com\/api-video\/player\/v3\/iframe.html?guid=18E43BDB-F4B9-4396-821C-0E72F7251B60\"><\/iframe><\/p>\n<p>Nous disposons depuis aujourd&rsquo;hui des enregistrements de la police. On a parl\u00e9, vous le savez, pour la mort de George Floyd le 25 mai \u00e0 Minneapolis d&rsquo;<em>ex\u00e9cution<\/em>, j&rsquo;ai moi-m\u00eame utilis\u00e9 le terme <em>assassinat<\/em>. Je m&rsquo;adresse aux citoyens ordinaires, je m&rsquo;adresse aux policiers, que penser [&hellip;]<\/p>\n","protected":false},"author":1,"featured_media":0,"comment_status":"open","ping_status":"closed","sticky":false,"template":"","format":"standard","meta":{"footnotes":""},"categories":[7308,72],"tags":[7294,7292,7303,7290],"class_list":["post-122939","post","type-post","status-publish","format-standard","hentry","category-black-lives-matter","category-etats-unis","tag-black-lives-matter","tag-emeutes-de-minneapolis","tag-george-floyd","tag-violences-policieres"],"_links":{"self":[{"href":"https:\/\/www.pauljorion.com\/blog\/wp-json\/wp\/v2\/posts\/122939","targetHints":{"allow":["GET"]}}],"collection":[{"href":"https:\/\/www.pauljorion.com\/blog\/wp-json\/wp\/v2\/posts"}],"about":[{"href":"https:\/\/www.pauljorion.com\/blog\/wp-json\/wp\/v2\/types\/post"}],"author":[{"embeddable":true,"href":"https:\/\/www.pauljorion.com\/blog\/wp-json\/wp\/v2\/users\/1"}],"replies":[{"embeddable":true,"href":"https:\/\/www.pauljorion.com\/blog\/wp-json\/wp\/v2\/comments?post=122939"}],"version-history":[{"count":1,"href":"https:\/\/www.pauljorion.com\/blog\/wp-json\/wp\/v2\/posts\/122939\/revisions"}],"predecessor-version":[{"id":122940,"href":"https:\/\/www.pauljorion.com\/blog\/wp-json\/wp\/v2\/posts\/122939\/revisions\/122940"}],"wp:attachment":[{"href":"https:\/\/www.pauljorion.com\/blog\/wp-json\/wp\/v2\/media?parent=122939"}],"wp:term":[{"taxonomy":"category","embeddable":true,"href":"https:\/\/www.pauljorion.com\/blog\/wp-json\/wp\/v2\/categories?post=122939"},{"taxonomy":"post_tag","embeddable":true,"href":"https:\/\/www.pauljorion.com\/blog\/wp-json\/wp\/v2\/tags?post=122939"}],"curies":[{"name":"wp","href":"https:\/\/api.w.org\/{rel}","templated":true}]}}