{"id":122988,"date":"2020-08-20T16:38:44","date_gmt":"2020-08-20T14:38:44","guid":{"rendered":"https:\/\/www.pauljorion.com\/blog\/?p=122988"},"modified":"2020-08-20T17:20:01","modified_gmt":"2020-08-20T15:20:01","slug":"lamerique-se-reveille-steve-bannon-arrete-pour-fraude","status":"publish","type":"post","link":"https:\/\/www.pauljorion.com\/blog\/2020\/08\/20\/lamerique-se-reveille-steve-bannon-arrete-pour-fraude\/","title":{"rendered":"<b>L&rsquo;Am\u00e9rique se r\u00e9veille : Steve Bannon arr\u00eat\u00e9 pour fraude<\/b>"},"content":{"rendered":"<p><img loading=\"lazy\" decoding=\"async\" class=\"alignleft size-medium wp-image-122859\" src=\"https:\/\/www.pauljorion.com\/blog\/wp-content\/uploads\/couv-2-196x300.png\" alt=\"\" width=\"196\" height=\"300\" srcset=\"https:\/\/www.pauljorion.com\/blog\/wp-content\/uploads\/couv-2-196x300.png 196w, https:\/\/www.pauljorion.com\/blog\/wp-content\/uploads\/couv-2.png 629w\" sizes=\"auto, (max-width: 196px) 100vw, 196px\" \/>Steve Bannon et trois autres personnes, arr\u00eat\u00e9es pour s&rsquo;\u00eatre appropri\u00e9s 25 millions de dollars de <em>crowdfunding<\/em> en vue de la construction d&rsquo;un mur \u00e0 la fronti\u00e8re des \u00c9tats-Unis et du Mexique.<\/p>\n<p>Cette nouvelle de l&rsquo;arrestation d&rsquo;un escroc \u00e0 la petite semaine a davantage d&rsquo;implications qu&rsquo;il pourrait sembler. Ancien conseiller \u00e0 la Maison-Blanche, licenci\u00e9 pour avoir \u00e9t\u00e9 le \u00ab\u00a0penseur\u00a0\u00bb du soutien du Pr\u00e9sident aux n\u00e9o-Nazis d\u00e9filant \u00e0 Charlottesville en ao\u00fbt 2017, il demeurait conseiller de l&rsquo;ombre. Th\u00e9oricien du supr\u00e9macisme blanc, Bannon a consacr\u00e9 une part consid\u00e9rable de son \u00e9nergie ces ann\u00e9es r\u00e9centes \u00e0 coordonner les extr\u00eames-droites \u00e0 l&rsquo;\u00e9chelon international, tout particuli\u00e8rement en Europe.<\/p>\n<p>Si vous me lisez r\u00e9guli\u00e8rement, vous m&rsquo;aurez vu r\u00e9cemment le soup\u00e7onner d&rsquo;avoir \u00e9t\u00e9 le penseur de l&rsquo;affaiblissement du service postal depuis le d\u00e9but de la pr\u00e9sidence de Trump, comme moyen de miner le vote par correspondance auquel recourent plus volontiers les habitants des grandes villes, plus dispos\u00e9s \u00e0 voter D\u00e9mocrate. Vous m&rsquo;aurez vu dire aussi qu&rsquo;il serait le chef de la s\u00e9dition si Trump d\u00e9cidait de contester le r\u00e9sultat de la pr\u00e9sidentielle en mobilisant les milices arm\u00e9es de ses partisans.<\/p>\n<p>En arr\u00eatant Bannon pour malversations, la cour du district sud de New York (Manhattan), lui met du plomb dans l&rsquo;aile \u00e0 deux mois et demi de l&rsquo;\u00e9lection pr\u00e9sidentielle.<\/p>\n<p>Cette d\u00e9cision va dans le m\u00eame sens que le rapport bipartite du S\u00e9nat avant-hier : rendre le Pr\u00e9sident et ses affid\u00e9s bien visibles sur l&rsquo;\u00e9cran radar du syst\u00e8me judiciaire.<\/p>\n","protected":false},"excerpt":{"rendered":"<p><img loading=\"lazy\" decoding=\"async\" class=\"alignleft size-medium wp-image-122859\" src=\"https:\/\/www.pauljorion.com\/blog\/wp-content\/uploads\/couv-2-196x300.png\" alt=\"\" width=\"196\" height=\"300\" srcset=\"https:\/\/www.pauljorion.com\/blog\/wp-content\/uploads\/couv-2-196x300.png 196w, https:\/\/www.pauljorion.com\/blog\/wp-content\/uploads\/couv-2.png 629w\" sizes=\"auto, (max-width: 196px) 100vw, 196px\" \/>Steve Bannon et trois autres personnes, arr\u00eat\u00e9es pour s&rsquo;\u00eatre appropri\u00e9s 25 millions de dollars de <em>crowdfunding<\/em> en vue de la construction d&rsquo;un mur \u00e0 la fronti\u00e8re des \u00c9tats-Unis et du Mexique.<\/p>\n<p>Cette nouvelle de l&rsquo;arrestation d&rsquo;un escroc \u00e0 la petite semaine a davantage d&rsquo;implications qu&rsquo;il pourrait sembler. [&hellip;]<\/p>\n","protected":false},"author":1,"featured_media":0,"comment_status":"open","ping_status":"closed","sticky":false,"template":"","format":"standard","meta":{"footnotes":""},"categories":[72],"tags":[4442,5239,5501,6382],"class_list":["post-122988","post","type-post","status-publish","format-standard","hentry","category-etats-unis","tag-donald-trump","tag-sedition","tag-steve-bannon","tag-supremacisme-blanc"],"_links":{"self":[{"href":"https:\/\/www.pauljorion.com\/blog\/wp-json\/wp\/v2\/posts\/122988","targetHints":{"allow":["GET"]}}],"collection":[{"href":"https:\/\/www.pauljorion.com\/blog\/wp-json\/wp\/v2\/posts"}],"about":[{"href":"https:\/\/www.pauljorion.com\/blog\/wp-json\/wp\/v2\/types\/post"}],"author":[{"embeddable":true,"href":"https:\/\/www.pauljorion.com\/blog\/wp-json\/wp\/v2\/users\/1"}],"replies":[{"embeddable":true,"href":"https:\/\/www.pauljorion.com\/blog\/wp-json\/wp\/v2\/comments?post=122988"}],"version-history":[{"count":7,"href":"https:\/\/www.pauljorion.com\/blog\/wp-json\/wp\/v2\/posts\/122988\/revisions"}],"predecessor-version":[{"id":122995,"href":"https:\/\/www.pauljorion.com\/blog\/wp-json\/wp\/v2\/posts\/122988\/revisions\/122995"}],"wp:attachment":[{"href":"https:\/\/www.pauljorion.com\/blog\/wp-json\/wp\/v2\/media?parent=122988"}],"wp:term":[{"taxonomy":"category","embeddable":true,"href":"https:\/\/www.pauljorion.com\/blog\/wp-json\/wp\/v2\/categories?post=122988"},{"taxonomy":"post_tag","embeddable":true,"href":"https:\/\/www.pauljorion.com\/blog\/wp-json\/wp\/v2\/tags?post=122988"}],"curies":[{"name":"wp","href":"https:\/\/api.w.org\/{rel}","templated":true}]}}