{"id":123015,"date":"2020-08-21T16:57:11","date_gmt":"2020-08-21T14:57:11","guid":{"rendered":"https:\/\/www.pauljorion.com\/blog\/?p=123015"},"modified":"2020-08-21T16:58:05","modified_gmt":"2020-08-21T14:58:05","slug":"courrier-recu-le-pole-nord-libre-de-glaces-avec-15-ans-davance","status":"publish","type":"post","link":"https:\/\/www.pauljorion.com\/blog\/2020\/08\/21\/courrier-recu-le-pole-nord-libre-de-glaces-avec-15-ans-davance\/","title":{"rendered":"Courrier re\u00e7u : <b>Le p\u00f4le Nord libre de glaces&#8230; avec 15 ans d&rsquo;avance<\/b>"},"content":{"rendered":"<p><img loading=\"lazy\" decoding=\"async\" class=\"alignleft size-medium wp-image-123016\" src=\"https:\/\/www.pauljorion.com\/blog\/wp-content\/uploads\/Polarstern-NorthPole-19aout2020_mosaic_steffen_graupner-ice_north_pole-300x245.jpg\" alt=\"\" width=\"300\" height=\"245\" srcset=\"https:\/\/www.pauljorion.com\/blog\/wp-content\/uploads\/Polarstern-NorthPole-19aout2020_mosaic_steffen_graupner-ice_north_pole-300x245.jpg 300w, https:\/\/www.pauljorion.com\/blog\/wp-content\/uploads\/Polarstern-NorthPole-19aout2020_mosaic_steffen_graupner-ice_north_pole-768x628.jpg 768w, https:\/\/www.pauljorion.com\/blog\/wp-content\/uploads\/Polarstern-NorthPole-19aout2020_mosaic_steffen_graupner-ice_north_pole.jpg 1000w\" sizes=\"auto, (max-width: 300px) 100vw, 300px\" \/>Bonjour, en avant-premi\u00e8re, une photo historique prise par un drone embarqu\u00e9 sur le navire oc\u00e9anographique Polarstern (Allemagne): le P\u00f4le Nord tr\u00e8s exactement avant-hier 19 ao\u00fbt 2020. La grande couverture de glace a disparu !<\/p>\n<p>Donc les pr\u00e9visions que le \u00ab\u00a0P\u00f4le Nord serait libre de glaces vers 2035\u00a0\u00bb sont h\u00e9las largement d\u00e9pass\u00e9es (car la fonte en ce lieu va durer jusqu&rsquo;\u00e0 fin-septembre au minimum &#8230;).<\/p>\n<p>Heureux weekend quand m\u00eame !<\/p>\n","protected":false},"excerpt":{"rendered":"<p><img loading=\"lazy\" decoding=\"async\" class=\"alignleft size-medium wp-image-123016\" src=\"https:\/\/www.pauljorion.com\/blog\/wp-content\/uploads\/Polarstern-NorthPole-19aout2020_mosaic_steffen_graupner-ice_north_pole-300x245.jpg\" alt=\"\" width=\"300\" height=\"245\" srcset=\"https:\/\/www.pauljorion.com\/blog\/wp-content\/uploads\/Polarstern-NorthPole-19aout2020_mosaic_steffen_graupner-ice_north_pole-300x245.jpg 300w, https:\/\/www.pauljorion.com\/blog\/wp-content\/uploads\/Polarstern-NorthPole-19aout2020_mosaic_steffen_graupner-ice_north_pole-768x628.jpg 768w, https:\/\/www.pauljorion.com\/blog\/wp-content\/uploads\/Polarstern-NorthPole-19aout2020_mosaic_steffen_graupner-ice_north_pole.jpg 1000w\" sizes=\"auto, (max-width: 300px) 100vw, 300px\" \/>Bonjour, en avant-premi\u00e8re, une photo historique prise par un drone embarqu\u00e9 sur le navire oc\u00e9anographique Polarstern (Allemagne): le P\u00f4le Nord tr\u00e8s exactement avant-hier 19 ao\u00fbt 2020. La grande couverture de glace a disparu !<\/p>\n<p>Donc les pr\u00e9visions que le \u00ab\u00a0P\u00f4le Nord serait libre de glaces vers 2035\u00a0\u00bb [&hellip;]<\/p>\n","protected":false},"author":1,"featured_media":0,"comment_status":"open","ping_status":"closed","sticky":false,"template":"","format":"standard","meta":{"footnotes":""},"categories":[6686,4390,7332],"tags":[7509,4608,7508,172],"class_list":["post-123015","post","type-post","status-publish","format-standard","hentry","category-climat","category-collapsologie","category-greenpeace","tag-arctique","tag-greenpeace","tag-pole-nord","tag-rechauffement-climatique"],"_links":{"self":[{"href":"https:\/\/www.pauljorion.com\/blog\/wp-json\/wp\/v2\/posts\/123015","targetHints":{"allow":["GET"]}}],"collection":[{"href":"https:\/\/www.pauljorion.com\/blog\/wp-json\/wp\/v2\/posts"}],"about":[{"href":"https:\/\/www.pauljorion.com\/blog\/wp-json\/wp\/v2\/types\/post"}],"author":[{"embeddable":true,"href":"https:\/\/www.pauljorion.com\/blog\/wp-json\/wp\/v2\/users\/1"}],"replies":[{"embeddable":true,"href":"https:\/\/www.pauljorion.com\/blog\/wp-json\/wp\/v2\/comments?post=123015"}],"version-history":[{"count":3,"href":"https:\/\/www.pauljorion.com\/blog\/wp-json\/wp\/v2\/posts\/123015\/revisions"}],"predecessor-version":[{"id":123019,"href":"https:\/\/www.pauljorion.com\/blog\/wp-json\/wp\/v2\/posts\/123015\/revisions\/123019"}],"wp:attachment":[{"href":"https:\/\/www.pauljorion.com\/blog\/wp-json\/wp\/v2\/media?parent=123015"}],"wp:term":[{"taxonomy":"category","embeddable":true,"href":"https:\/\/www.pauljorion.com\/blog\/wp-json\/wp\/v2\/categories?post=123015"},{"taxonomy":"post_tag","embeddable":true,"href":"https:\/\/www.pauljorion.com\/blog\/wp-json\/wp\/v2\/tags?post=123015"}],"curies":[{"name":"wp","href":"https:\/\/api.w.org\/{rel}","templated":true}]}}