{"id":123239,"date":"2020-09-06T12:50:03","date_gmt":"2020-09-06T10:50:03","guid":{"rendered":"https:\/\/www.pauljorion.com\/blog\/?p=123239"},"modified":"2020-09-06T12:50:21","modified_gmt":"2020-09-06T10:50:21","slug":"passe-lautomne-vienne-lhiver-le-1er-septembre-retranscription","status":"publish","type":"post","link":"https:\/\/www.pauljorion.com\/blog\/2020\/09\/06\/passe-lautomne-vienne-lhiver-le-1er-septembre-retranscription\/","title":{"rendered":"<b>Passe l&rsquo;automne, vienne l&rsquo;hiver<\/b>, le 1er septembre 2020<\/b> &#8211; Retranscription"},"content":{"rendered":"<blockquote><p><img loading=\"lazy\" decoding=\"async\" class=\"alignleft size-thumbnail wp-image-123156\" src=\"https:\/\/www.pauljorion.com\/blog\/wp-content\/uploads\/20200829_121858-150x150.jpg\" alt=\"\" width=\"150\" height=\"150\" \/>Retranscription de <a href=\"https:\/\/www.pauljorion.com\/blog\/2020\/09\/01\/video-passe-lautomne-vienne-lhiver\/\" target=\"_blank\" rel=\"noopener noreferrer\">Passe l&rsquo;automne, vienne l&rsquo;hiver<\/a>.<\/p><\/blockquote>\n<p class=\"p1\">Bonjour, nous sommes le 1<span class=\"s1\"><sup>er<\/sup><\/span> septembre 2020 et c\u2019est la premi\u00e8re fois que je fais une vid\u00e9o v\u00e9ritablement dans la nature. J\u2019aurais pu la faire pr\u00e8s de la maison mais mon cousin est en train de passer ce qu\u2019il appelle sa tondeuse. En fait, c\u2019est un tracteur parce que, quand je dis \u00ab\u00a0la maison\u00a0\u00bb, il faudrait appeler \u00e7a autrement : on appelle \u00e7a \u00ab\u00a0une propri\u00e9t\u00e9\u00a0\u00bb quand \u00e7a fait une surface pareille.<\/p>\n<p><!--more--><\/p>\n<p class=\"p1\">C\u2019est une histoire que j\u2019ai racont\u00e9e \u00e0 un journaliste, \u00e0 un journaliste du Monde, quelqu\u2019un qui me, comment dire ? [me houspillait] qui m\u2019interrogeait souvent sur mes opinions politiques qui lui semblaient extr\u00eames, exag\u00e9r\u00e9es, et je lui ai racont\u00e9 une anecdote. Et alors, il a dit\u00a0: \u00ab\u00a0Ah\u00a0!\u00a0\u00bb, il avait compris.<\/p>\n<p>Il avait compris : il \u00e9tait convaincu que je faisais partie de ces gens qui \u00e9taient de gauche ou d\u2019extr\u00eame-gauche par ressentiment et puis, il a compris que non, ce n\u2019\u00e9tait pas \u00e7a. Je ne sais plus l\u2019expression qu\u2019il a utilis\u00e9e mais enfin, \u00e7a voulait dire tra\u00eetre \u00e0 sa classe, voil\u00e0 : \u00ab\u00a0tra\u00eetre \u00e0 sa classe\u00a0\u00bb.<\/p>\n<p class=\"p1\">On s\u2019identifie \u00e0 des id\u00e9es de gauche pour des raisons diverses. Dans mon cas, tiens, je vais un peu expliquer \u00e7a. Je suis n\u00e9 dans un milieu qui est un milieu cossu mais o\u00f9 \u00e9taient repr\u00e9sent\u00e9es des id\u00e9es qui allaient, je dirais, vraiment de l\u2019extr\u00eame-gauche \u00e0 l\u2019extr\u00eame-droite \u00ab\u00a0civilis\u00e9s\u00a0\u00bb comme on dit : il n\u2019y avait pas de n\u00e9o-Nazis, il n\u2019y avait pas de Staliniens partisans du goulag. Mais on avait l\u2019\u00e9ventail entre des id\u00e9es d\u2019extr\u00eame-gauche et d\u2019extr\u00eame-droite qui \u00e9taient fort li\u00e9es \u00e0 la fortune, d\u2019ailleurs, de chacun des participants, mais pas par ressentiment justement, mais par choix, choix de vie. Et donc, \u00e7a m\u2019a sans doute, je dirais, model\u00e9 d\u2019une certaine mani\u00e8re. J\u2019ai grandi dans un milieu o\u00f9 d\u00e8s l\u2019enfance, j\u2019entendais autour de moi des discussions quand m\u00eame assez passionn\u00e9es sur les repr\u00e9sentations du monde, sur ce qui \u00e9tait important dans la vie : des valeurs ou bien de l\u2019argent.<\/p>\n<p class=\"p1\">Donc un environnement qui vous conduit \u00e0 vous poser des questions d\u00e8s l\u2019enfance parce que vous entendez des discussions passionn\u00e9es et vous finissez par prendre parti. \u00c7a peut m\u00eame aller assez vite dans un cas comme celui-l\u00e0.<\/p>\n<p class=\"p1\">Je voudrais ajouter quelque chose. Le paysage est idyllique. Nous sommes 4. Je suis venu avec ma s\u0153ur. Il y a ma cousine, ma cousine germaine, et puis son mari et nous sommes contents de nous revoir. Ce sont des gens que je vois au mieux une fois par an, sinon en moyenne disons tous les 2 ou 3\u00a0ans mais l\u00e0, il faut bien dire que le voyage, cette fois-ci, a une petite dimension du film \u00ab\u00a0<a href=\"https:\/\/fr.wikipedia.org\/wiki\/Melancholia_(film,_2011)\" target=\"_blank\" rel=\"noopener noreferrer\">Melancholia<\/a>\u00a0\u00bb. Nous sommes l\u00e0, nous avons dans les 70 ans tous les 4 et il flotte peut-\u00eatre un peu dans l\u2019atmosph\u00e8re une question du genre\u00a0: \u00ab\u00a0Combien de fois pourrons-nous encore faire cela\u00a0?\u00a0\u00bb. Je pense \u00e0 quelqu\u2019un qui, ici, sur le blog, m\u2019a dit\u00a0: \u00ab\u00a0Oui, mais M. Jorion, tout ce vous dites maintenant, c\u2019est parce que vous \u00eates vieux, que vous allez mourir\u00a0\u00bb. Je ne pense pas : c\u2019est l\u2019\u00e9poque qui veut un certain nombre de choses. Je crois que les personnes qui me disent \u00e7a, en fait, essayent de se rassurer elles-m\u00eames un petit peu en posant la question dans ces termes-l\u00e0 mais je crois que ce sont un peu des astuces, des astuces \u00e0 bon march\u00e9. Non, nous vivons une \u00e9poque tout \u00e0 fait particuli\u00e8re. S\u2019il y a une atmosph\u00e8re <em>Melancholia<\/em>, c\u2019est parce qu\u2019il y a une pand\u00e9mie et il y a longtemps qu\u2019on n\u2019en a pas vue, parce qu\u2019il y a cette menace, voil\u00e0, d\u2019extinction li\u00e9e au r\u00e9chauffement clinique et puis, la nation la plus puissante au monde est en train de plonger dans la guerre civile. J\u2019ai pass\u00e9 beaucoup de temps d\u00e9j\u00e0 \u00e0 pr\u00e9venir que \u00e7a allait se produire. \u00c7a se produit quand m\u00eame. Ce n\u2019\u00e9tait pas \u00e0 ma port\u00e9e v\u00e9ritablement de changer le cours des choses mais enfin, voil\u00e0, j\u2019ai voulu \u00eatre le t\u00e9moin de ce qui est en train de se passer.<\/p>\n<p class=\"p1\">Une id\u00e9e qui me vient, c\u2019est la mort de Stiegler par rapport justement \u00e0 cette atmosph\u00e8re de <em>Melancholia<\/em>, de fin, sinon du monde, en tout cas de fin d\u2019un monde en particulier. J\u2019ai eu la chance, d\u2019une certaine mani\u00e8re, d\u2019apprendre la mort de Bernard avant de savoir que c\u2019\u00e9tait un suicide et pour cette raison-l\u00e0, quand j\u2019en ai parl\u00e9, comme c\u2019\u00e9tait quelque chose que j\u2019attendais &#8211; je ne l\u2019attendais pas avec impatience mais je savais que \u00e7a allait se produire en raison de la conversation que nous avions eue lui et moi peu de temps auparavant et o\u00f9 la maladie avan\u00e7ait &#8211; et au moment o\u00f9 j\u2019ai appris qu\u2019il \u00e9tait mort, pour moi, \u00e7a ne faisait aucun doute que c\u2019\u00e9tait l\u2019issue fatale dont il m\u2019avait parl\u00e9e comme \u00e9tant imminente ou relativement imminente. Et ensuite seulement, c\u2019est ensuite seulement, contrairement \u00e0 la plupart d\u2019entre vous, que j\u2019ai appris qu\u2019il s\u2019agissait d\u2019un suicide. Et l\u00e0, la tentation pour tout le monde, y compris pour moi, est de rapprocher alors son suicide d\u2019autres dans l\u2019histoire, comme celui de <a href=\"https:\/\/fr.wikipedia.org\/wiki\/Walter_Benjamin#Une_mort_tragique\" target=\"_blank\" rel=\"noopener noreferrer\">Walter Benjamin<\/a> ou de <a href=\"https:\/\/fr.wikipedia.org\/wiki\/Stefan_Zweig#Suicide\" target=\"_blank\" rel=\"noopener noreferrer\">Stefan Zweig<\/a>. C\u2019est-\u00e0-dire que, dans le cas de Benjamin, il y a aussi la maladie mais il y a aussi &#8211; et comme dans le cas de Zweig o\u00f9 la question de la maladie ne se posait pas, en tout cas pas de mani\u00e8re imminente &#8211; la question d\u2019un verdict sur le monde, un verdict sur la vie, un verdict sur ce que c\u2019est d\u2019avoir \u00e9t\u00e9 \u00eatre humain et un verdict, je dirais, relativement pessimiste, une mani\u00e8re de dire\u00a0: \u00ab\u00a0J\u2019ai fait ce que j\u2019ai pu. J\u2019ai dit ce qui me semblait n\u00e9cessaire\u00a0\u00bb. Peut-\u00eatre une dimension un petit peu de, vous savez, \u00ab\u00a0Il faut une religion au peuple\u00a0\u00bb, une consid\u00e9ration de type Machiavel reprise ensuite par Napol\u00e9on, qu\u2019il vaut peut-\u00eatre mieux ne pas dire toute la v\u00e9rit\u00e9 aux gens parce que, s\u2019ils connaissaient la v\u00e9rit\u00e9 telle qu\u2019elle est, ils en tireraient des conclusions sans doute d\u00e9sesp\u00e9r\u00e9es ou d\u00e9sesp\u00e9rantes.<\/p>\n<p class=\"p1\">Quel est le message que je veux transmettre\u00a0? Je veux transmettre le message que ce n\u2019est pas du tout mon point de vue.<\/p>\n<p>Les choses peuvent devenir encore bien plus abominables. J\u2019ai envie d\u2019appeler ma vid\u00e9o quelque chose comme\u00a0: \u00ab\u00a0Apr\u00e8s l\u2019automne viendra l\u2019hiver\u00a0\u00bb. Nous sommes \u00e0 l\u2019automne. Nous sommes \u00e0 l\u2019automne. L\u2019automne est d\u00e9j\u00e0 assez effrayant et, malheureusement, je crois qu\u2019il y aura l\u2019hiver pour les raisons que j\u2019ai dites. On se dit qu\u2019on est sortis ou qu\u2019on va sortir, que c\u2019est une question de minutes avant qu\u2019on sorte de cette pand\u00e9mie. \u00c7a ne sera pas le cas. Et il en viendra d\u2019autres. Nous sommes dans un monde qui est en train de se fragiliser et qui se fragilise aussi sur le plan politique et les choses peuvent devenir v\u00e9ritablement abominables avant qu\u2019elles n\u2019aillent mieux. Mais ceci dit, ceci dit, je crois que la conclusion que Zweig avait tir\u00e9e \u00e9tait pr\u00e9matur\u00e9e, celle que Benjamin avait tir\u00e9e \u00e9tait pr\u00e9matur\u00e9e aussi parce que le printemps est revenu apr\u00e8s l\u2019hiver : le printemps revient.<\/p>\n<p class=\"p1\">Alors, nous avons tenu jusqu\u2019ici. Le moment n\u2019est pas \u00e0 la morosit\u00e9. Le moment n\u2019est pas \u00e0 la d\u00e9sesp\u00e9rance. Il est, au contraire, \u00e0 la mobilisation. Nos anc\u00eatres ont fait que, \u00e0 travers les \u00e9preuves les pires\u2026 Il y en a un qui nous disait hier sur le blog : \u00ab Ouais, c\u2019est pas une vraie pand\u00e9mie parce qu\u2019il y a presque personne qui meurt \u00bb. Je lui disais : \u00ab Vous pr\u00e9f\u00e9rez alors celle de Justinien o\u00f9 il y avait la moiti\u00e9 des gens qui sont morts ? \u00bb mais la moiti\u00e9 a surv\u00e9cu.<\/p>\n<p class=\"p1\">La moiti\u00e9 a surv\u00e9cu et nous sommes toujours l\u00e0. Alors, r\u00e9fl\u00e9chissons \u00e0 quelques dates. La pyramide de Kh\u00e9ops, c\u2019est il y a 4.500 ans. Les peintures dans la grotte de Lascaux, c\u2019est il y a 17.000 ans et celles dans la grotte Chauvet, c\u2019est il y a 35.000\u00a0ans et on est toujours l\u00e0. Les \u00e9preuves sont s\u00e9rieuses mais nous avons aussi cette capacit\u00e9, justement, \u00e0 la mobilisation quand les choses tournent mal. D\u2019une certaine mani\u00e8re, et c\u2019est pour \u00e7a que nous sommes l\u00e0, nous sommes au mieux de notre forme quand \u00e7a tourne v\u00e9ritablement mal et nous pouvons le faire. Nous sommes capables de le faire.<\/p>\n<p class=\"p1\">Bon, il y a bien s\u00fbr du blues un peu de temps \u00e0 autre. Il y a des atmosph\u00e8res de <em>Melancholia<\/em> de temps \u00e0 autre mais on est toujours l\u00e0 et on a les moyens, on est \u00e9quip\u00e9. C\u2019est quoi ? 1 million d\u2019ann\u00e9es de survie de l\u2019\u00eatre humain lui donnent quand m\u00eame la capacit\u00e9 d\u2019\u00eatre une crapule abominable mais aussi d\u2019avoir la capacit\u00e9 de survivre et de faire aussi, voil\u00e0, des choses admirables, extraordinaires comme ces d\u00e9corations dans ces deux grottes. Nous sommes s\u00e9par\u00e9s de 17.000 ans de Lascaux. Il faut encore remonter 17.000 ans plus haut pour trouver les d\u00e9corations de la grotte Chauvet alors, eh bien, on est les meilleurs ! Allez, on continue ! Salut !<\/p>\n","protected":false},"excerpt":{"rendered":"<blockquote>\n<p><img loading=\"lazy\" decoding=\"async\" class=\"alignleft size-thumbnail wp-image-123156\" src=\"https:\/\/www.pauljorion.com\/blog\/wp-content\/uploads\/20200829_121858-150x150.jpg\" alt=\"\" width=\"150\" height=\"150\" \/>Retranscription de <a href=\"https:\/\/www.pauljorion.com\/blog\/2020\/09\/01\/video-passe-lautomne-vienne-lhiver\/\" target=\"_blank\" rel=\"noopener noreferrer\">Passe l&rsquo;automne, vienne l&rsquo;hiver<\/a>.<\/p>\n<\/blockquote>\n<p class=\"p1\">Bonjour, nous sommes le 1<span class=\"s1\"><sup>er<\/sup><\/span> septembre 2020 et c\u2019est la premi\u00e8re fois que je fais une vid\u00e9o v\u00e9ritablement dans la nature. J\u2019aurais pu la faire pr\u00e8s de la maison mais mon cousin est en train [&hellip;]<\/p>\n","protected":false},"author":1,"featured_media":0,"comment_status":"open","ping_status":"closed","sticky":false,"template":"","format":"standard","meta":{"footnotes":""},"categories":[72,833,6],"tags":[1610,1002,4442,7527,7226,1001,6044,6098,7520],"class_list":["post-123239","post","type-post","status-publish","format-standard","hentry","category-etats-unis","category-la-vie-de-tous-les-jours","category-questions-essentielles","tag-bernard-stiegler","tag-chauvet","tag-donald-trump","tag-kheops","tag-lars-von-trier","tag-lascaux","tag-melancholia","tag-stefan-zweig","tag-walter-benjamin"],"_links":{"self":[{"href":"https:\/\/www.pauljorion.com\/blog\/wp-json\/wp\/v2\/posts\/123239","targetHints":{"allow":["GET"]}}],"collection":[{"href":"https:\/\/www.pauljorion.com\/blog\/wp-json\/wp\/v2\/posts"}],"about":[{"href":"https:\/\/www.pauljorion.com\/blog\/wp-json\/wp\/v2\/types\/post"}],"author":[{"embeddable":true,"href":"https:\/\/www.pauljorion.com\/blog\/wp-json\/wp\/v2\/users\/1"}],"replies":[{"embeddable":true,"href":"https:\/\/www.pauljorion.com\/blog\/wp-json\/wp\/v2\/comments?post=123239"}],"version-history":[{"count":5,"href":"https:\/\/www.pauljorion.com\/blog\/wp-json\/wp\/v2\/posts\/123239\/revisions"}],"predecessor-version":[{"id":123306,"href":"https:\/\/www.pauljorion.com\/blog\/wp-json\/wp\/v2\/posts\/123239\/revisions\/123306"}],"wp:attachment":[{"href":"https:\/\/www.pauljorion.com\/blog\/wp-json\/wp\/v2\/media?parent=123239"}],"wp:term":[{"taxonomy":"category","embeddable":true,"href":"https:\/\/www.pauljorion.com\/blog\/wp-json\/wp\/v2\/categories?post=123239"},{"taxonomy":"post_tag","embeddable":true,"href":"https:\/\/www.pauljorion.com\/blog\/wp-json\/wp\/v2\/tags?post=123239"}],"curies":[{"name":"wp","href":"https:\/\/api.w.org\/{rel}","templated":true}]}}