{"id":123824,"date":"2020-09-28T18:38:58","date_gmt":"2020-09-28T16:38:58","guid":{"rendered":"https:\/\/www.pauljorion.com\/blog\/?p=123824"},"modified":"2020-09-28T18:42:50","modified_gmt":"2020-09-28T16:42:50","slug":"covid-19-situation-de-plus-en-plus-preoccupante-a-paris-par-ilicitano","status":"publish","type":"post","link":"https:\/\/www.pauljorion.com\/blog\/2020\/09\/28\/covid-19-situation-de-plus-en-plus-preoccupante-a-paris-par-ilicitano\/","title":{"rendered":"Covid-19 : <b>Situation de plus en plus pr\u00e9occupante \u00e0 Paris<\/b>, par ilicitano"},"content":{"rendered":"<p>En ce 28 septembre, la situation Covid-19 du 75, d\u00e9partement de Paris, est de plus en plus pr\u00e9occupante.<\/p>\n<p><em>info G\u00e9odes Sant\u00e9 Publique France du 28\/09<\/em> :<\/p>\n<p>\u2013 un taux d\u2019incidence de 252,3, en augmentation en semaine glissante : le 75 est N\u00b01 en France m\u00e9tropolitaine, loin devant le Rh\u00f4ne : 220,1, le Nord : 220,1, la Haute-Garonne : 197,2, les Bouches-du-Rh\u00f4ne : 197,1.<\/p>\n<p>\u2013 un taux de positivit\u00e9 en augmentation en semaine glissante de 11,8% ; seulement d\u00e9pass\u00e9 par la Seine-Saint-Denis : 12,3%, l&rsquo;Is\u00e8re : 12,2%, l&rsquo;Essonne : 12,1% ; les Bouches-du-Rh\u00f4ne se trouvant loin derri\u00e8re avec 8,7%.<\/p>\n<p>\u2013 une acc\u00e9l\u00e9ration des entr\u00e9es en r\u00e9animation le 27 septembre avec 10 entr\u00e9es, comparativement aux autres d\u00e9partements : 3 au plus.<\/p>\n<p>Cela va dans le sens des pr\u00e9visions de Fran\u00e7ois Cr\u00e9mieux, directeur adjoint de l\u2019AP-HP, d\u2019une augmentation probable des r\u00e9animations \u00e0 200 \u00e0 la fin de cette semaine, ainsi que des hospitalisations qui devraient passer de 150 au d\u00e9but septembre \u00e0 600 \u00e0 la fin du mois.<\/p>\n<p>Le Minist\u00e8re de la Sant\u00e9, en coh\u00e9rence avec sa politique de pr\u00e9vention, devra certainement, rapidement, faire passer Paris de super rouge \u00e0 rouge \u00e9carlate, fermer les bars, restaurants, bo\u00eetes de nuit, afin de limiter la propagation de l\u2019\u00e9pid\u00e9mie et la saturation des services hospitaliers et de r\u00e9animation parisiens, en particulier au d\u00e9triment des autres pathologies (20% des interventions chirurgicales programm\u00e9es sont progressivement report\u00e9es \u00e0 partir de cette semaine).<\/p>\n<p>A population \u00e9quivalente, le 75 d\u00e9passera certainement le 13, les Bouches-du-Rh\u00f4ne, cette semaine, premier en France quant au nombre de personnes en r\u00e9animation Covid.<\/p>\n","protected":false},"excerpt":{"rendered":"<p>En ce 28 septembre, la situation Covid-19 du 75, d\u00e9partement de Paris, est de plus en plus pr\u00e9occupante.<\/p>\n<p><em>info G\u00e9odes Sant\u00e9 Publique France du 28\/09<\/em> :<\/p>\n<p>\u2013 un taux d\u2019incidence de 252,3, en augmentation en semaine glissante : le 75 est N\u00b01 en France m\u00e9tropolitaine, loin devant le Rh\u00f4ne : 220,1, le Nord : 220,1, [&hellip;]<\/p>\n","protected":false},"author":1,"featured_media":0,"comment_status":"open","ping_status":"closed","sticky":false,"template":"","format":"standard","meta":{"footnotes":""},"categories":[6301],"tags":[7019,7072,7102,7139],"class_list":["post-123824","post","type-post","status-publish","format-standard","hentry","category-epidemiologie","tag-coronavirus","tag-covid-19","tag-pandemie","tag-reanimation"],"_links":{"self":[{"href":"https:\/\/www.pauljorion.com\/blog\/wp-json\/wp\/v2\/posts\/123824","targetHints":{"allow":["GET"]}}],"collection":[{"href":"https:\/\/www.pauljorion.com\/blog\/wp-json\/wp\/v2\/posts"}],"about":[{"href":"https:\/\/www.pauljorion.com\/blog\/wp-json\/wp\/v2\/types\/post"}],"author":[{"embeddable":true,"href":"https:\/\/www.pauljorion.com\/blog\/wp-json\/wp\/v2\/users\/1"}],"replies":[{"embeddable":true,"href":"https:\/\/www.pauljorion.com\/blog\/wp-json\/wp\/v2\/comments?post=123824"}],"version-history":[{"count":5,"href":"https:\/\/www.pauljorion.com\/blog\/wp-json\/wp\/v2\/posts\/123824\/revisions"}],"predecessor-version":[{"id":123829,"href":"https:\/\/www.pauljorion.com\/blog\/wp-json\/wp\/v2\/posts\/123824\/revisions\/123829"}],"wp:attachment":[{"href":"https:\/\/www.pauljorion.com\/blog\/wp-json\/wp\/v2\/media?parent=123824"}],"wp:term":[{"taxonomy":"category","embeddable":true,"href":"https:\/\/www.pauljorion.com\/blog\/wp-json\/wp\/v2\/categories?post=123824"},{"taxonomy":"post_tag","embeddable":true,"href":"https:\/\/www.pauljorion.com\/blog\/wp-json\/wp\/v2\/tags?post=123824"}],"curies":[{"name":"wp","href":"https:\/\/api.w.org\/{rel}","templated":true}]}}