{"id":123913,"date":"2020-10-02T13:25:01","date_gmt":"2020-10-02T11:25:01","guid":{"rendered":"https:\/\/www.pauljorion.com\/blog\/?p=123913"},"modified":"2020-10-02T18:50:12","modified_gmt":"2020-10-02T16:50:12","slug":"la-maladie-de-trump-change-t-elle-la-donne","status":"publish","type":"post","link":"https:\/\/www.pauljorion.com\/blog\/2020\/10\/02\/la-maladie-de-trump-change-t-elle-la-donne\/","title":{"rendered":"<b>La maladie de Trump change-t-elle la donne ?<\/b>"},"content":{"rendered":"<p><img loading=\"lazy\" decoding=\"async\" class=\"alignleft size-medium wp-image-122576\" src=\"https:\/\/www.pauljorion.com\/blog\/wp-content\/uploads\/COVID-VUE-DENSEMBLE-1-230x300.jpg\" alt=\"\" width=\"230\" height=\"300\" srcset=\"https:\/\/www.pauljorion.com\/blog\/wp-content\/uploads\/COVID-VUE-DENSEMBLE-1-230x300.jpg 230w, https:\/\/www.pauljorion.com\/blog\/wp-content\/uploads\/COVID-VUE-DENSEMBLE-1-787x1024.jpg 787w, https:\/\/www.pauljorion.com\/blog\/wp-content\/uploads\/COVID-VUE-DENSEMBLE-1-768x1000.jpg 768w, https:\/\/www.pauljorion.com\/blog\/wp-content\/uploads\/COVID-VUE-DENSEMBLE-1-1180x1536.jpg 1180w, https:\/\/www.pauljorion.com\/blog\/wp-content\/uploads\/COVID-VUE-DENSEMBLE-1.jpg 1286w\" sizes=\"auto, (max-width: 230px) 100vw, 230px\" \/>Difficile \u00e0 dire bien entendu puisque beaucoup d\u00e9pendra du cours que prendra la maladie, allant de l\u2019asymptomatique dans le meilleur des cas, au d\u00e9c\u00e8s dans le pire. Il faudra donc reposer la question \u00e0 intervalles r\u00e9guliers en fonction de l\u2019\u00e9volution des sympt\u00f4mes du Pr\u00e9sident.<\/p>\n<p>Et il va de soi que la sant\u00e9 de son \u00e9pouse sera elle aussi au centre de l\u2019attention. De m\u00eame que celle de toute son \u00e9quipe, Vice-Pr\u00e9sident Pence y compris, qui ont tous \u00e9t\u00e9 en contact \u00e9troit les uns avec les autres au cours des jours r\u00e9cents, sans distanciation sociale et ne portant pas de masque dans la plupart des cas. Il n\u2019est pas s\u00fbr que Joe Biden soit n\u00e9cessairement indemne non plus, les deux candidats ayant \u00e9t\u00e9 sans masque \u00e0 faible distance l&rsquo;un de l&rsquo;autre lors du r\u00e9cent d\u00e9bat.<\/p>\n<p>\u00c0\u00a0 quoi ressemblera l\u2019\u00e9quipe pr\u00e9sidentielle quand tous les tests auront \u00e9t\u00e9 effectu\u00e9s et que sera effective la mise en quarantaine de tous les contacts ? L\u00e0 aussi, vu leur promiscuit\u00e9 r\u00e9cente \u00e0 tous, la direction de l\u2019\u00c9tat risque d\u2019\u00eatre r\u00e9duite \u00e0 sa plus simple expression.<\/p>\n<p><!--more-->Pronostic donc extr\u00eamement difficile sur le mois qui nous s\u00e9pare de l\u2019\u00e9lection du 3 novembre.<\/p>\n<p>Mais dans l\u2019imm\u00e9diat ? Une certaine sympathie s\u2019exprime chez les ennemis de Trump qui lui souhaitent un prompt r\u00e9tablissement et chez qui sa maladie provoque surtout un soupir d\u2019incr\u00e9dulit\u00e9 : \u00ab Il aura donc \u00e9t\u00e9 encore plus b\u00eate, que m\u00e9chant ! \u00bb Est-ce que cela encouragera quiconque h\u00e9sitait encore entre les deux candidats \u00e0 plut\u00f4t voter pour Trump ? L\u00e0 j\u2019en doute : il aura r\u00e9p\u00e9t\u00e9 \u00e0 l\u2019envi que la pand\u00e9mie \u00e9tait essentiellement de la fichaise, et les faits lui apportent l\u00e0 un d\u00e9menti cinglant.<\/p>\n<p>Chez ses supporteurs, l\u2019impact n\u00e9gatif sera sans doute s\u00e9rieux dans la mesure o\u00f9 Trump est de facto le leader d\u2019une secte, et appara\u00eet certainement aux yeux de certains d\u2019entre eux comme l\u2019\u00c9lu qu\u2019il a un jour affirm\u00e9 \u00eatre, mi-goguenard mi-s\u00e9rieux, avec l\u2019implication d\u2019invincibilit\u00e9, d\u2019immunit\u00e9 collective d\u2019origine divine que cela implique pour ceux qui le suivent. De ce point de vue bien s\u00fbr, plus ses sympt\u00f4mes seront graves, plus il leur sera difficile de continuer de croire \u00e0 sa mission divine. Bien s\u00fbr, s\u2019il traverse sa quarantaine sans sympt\u00f4mes, il en sortira renforc\u00e9 \u00e0 leur yeux : confirm\u00e9 dans son statut d\u2019\u00c9lu. Un exploit qui restera cependant indiff\u00e9rent aux yeux du reste de la nation.<\/p>\n<p>Au temps pour l\u2019\u00e9lection. Quant \u00e0 la question non moins importante des pr\u00e9paratifs par Trump d\u2019une tentative de coup d\u2019\u00c9tat, l\u00e0 sa situation de confin\u00e9 dans les jours qui viennent met \u00e0 celle-ci s\u00e9rieusement du plomb dans l\u2019aile, quelle que soit l\u2019\u00e9volution plus ou moins favorable de sa condition physique.<\/p>\n<p><strong>Mise \u00e0 jour (2\/10\/20)<\/strong> : Joe Biden, ancien Vice-Pr\u00e9sident, teste n\u00e9gatif, de m\u00eame pour Mike Pence, Vice-Pr\u00e9sident actuel.<\/p>\n","protected":false},"excerpt":{"rendered":"<p><img loading=\"lazy\" decoding=\"async\" class=\"alignleft size-medium wp-image-122576\" src=\"https:\/\/www.pauljorion.com\/blog\/wp-content\/uploads\/COVID-VUE-DENSEMBLE-1-230x300.jpg\" alt=\"\" width=\"230\" height=\"300\" srcset=\"https:\/\/www.pauljorion.com\/blog\/wp-content\/uploads\/COVID-VUE-DENSEMBLE-1-230x300.jpg 230w, https:\/\/www.pauljorion.com\/blog\/wp-content\/uploads\/COVID-VUE-DENSEMBLE-1-787x1024.jpg 787w, https:\/\/www.pauljorion.com\/blog\/wp-content\/uploads\/COVID-VUE-DENSEMBLE-1-768x1000.jpg 768w, https:\/\/www.pauljorion.com\/blog\/wp-content\/uploads\/COVID-VUE-DENSEMBLE-1-1180x1536.jpg 1180w, https:\/\/www.pauljorion.com\/blog\/wp-content\/uploads\/COVID-VUE-DENSEMBLE-1.jpg 1286w\" sizes=\"auto, (max-width: 230px) 100vw, 230px\" \/>Difficile \u00e0 dire bien entendu puisque beaucoup d\u00e9pendra du cours que prendra la maladie, allant de l\u2019asymptomatique dans le meilleur des cas, au d\u00e9c\u00e8s dans le pire. Il faudra donc reposer la question \u00e0 intervalles r\u00e9guliers en fonction de l\u2019\u00e9volution des sympt\u00f4mes du Pr\u00e9sident.<\/p>\n<p>Et il va [&hellip;]<\/p>\n","protected":false},"author":1,"featured_media":0,"comment_status":"open","ping_status":"closed","sticky":false,"template":"","format":"standard","meta":{"footnotes":""},"categories":[6301,72],"tags":[4442],"class_list":["post-123913","post","type-post","status-publish","format-standard","hentry","category-epidemiologie","category-etats-unis","tag-donald-trump"],"_links":{"self":[{"href":"https:\/\/www.pauljorion.com\/blog\/wp-json\/wp\/v2\/posts\/123913","targetHints":{"allow":["GET"]}}],"collection":[{"href":"https:\/\/www.pauljorion.com\/blog\/wp-json\/wp\/v2\/posts"}],"about":[{"href":"https:\/\/www.pauljorion.com\/blog\/wp-json\/wp\/v2\/types\/post"}],"author":[{"embeddable":true,"href":"https:\/\/www.pauljorion.com\/blog\/wp-json\/wp\/v2\/users\/1"}],"replies":[{"embeddable":true,"href":"https:\/\/www.pauljorion.com\/blog\/wp-json\/wp\/v2\/comments?post=123913"}],"version-history":[{"count":5,"href":"https:\/\/www.pauljorion.com\/blog\/wp-json\/wp\/v2\/posts\/123913\/revisions"}],"predecessor-version":[{"id":123924,"href":"https:\/\/www.pauljorion.com\/blog\/wp-json\/wp\/v2\/posts\/123913\/revisions\/123924"}],"wp:attachment":[{"href":"https:\/\/www.pauljorion.com\/blog\/wp-json\/wp\/v2\/media?parent=123913"}],"wp:term":[{"taxonomy":"category","embeddable":true,"href":"https:\/\/www.pauljorion.com\/blog\/wp-json\/wp\/v2\/categories?post=123913"},{"taxonomy":"post_tag","embeddable":true,"href":"https:\/\/www.pauljorion.com\/blog\/wp-json\/wp\/v2\/tags?post=123913"}],"curies":[{"name":"wp","href":"https:\/\/api.w.org\/{rel}","templated":true}]}}