{"id":123995,"date":"2020-10-04T01:21:59","date_gmt":"2020-10-03T23:21:59","guid":{"rendered":"https:\/\/www.pauljorion.com\/blog\/?p=123995"},"modified":"2020-10-04T01:29:46","modified_gmt":"2020-10-03T23:29:46","slug":"selon-le-correspondant-de-vanity-fair-trump-craint-pour-sa-vie","status":"publish","type":"post","link":"https:\/\/www.pauljorion.com\/blog\/2020\/10\/04\/selon-le-correspondant-de-vanity-fair-trump-craint-pour-sa-vie\/","title":{"rendered":"<b>Selon le correspondant de <em>Vanity Fair<\/em> Trump craint pour sa vie<\/b>"},"content":{"rendered":"<p>Gabriel Sherman est un journaliste am\u00e9ricain, correspondant du magazine <em>Vanity Fair<\/em>. <\/p>\n<p>Il twitte aujourd&rsquo;hui&nbsp;:<\/p>\n<blockquote><p>Selon une source, on avait expliqu\u00e9 vendredi \u00e0 Trump qu&rsquo;il pouvait aller \u00e0 [l&rsquo;h\u00f4pital] Walter Reed de sa propre initiative mais que si son \u00e9tat empirait on l&rsquo;y emm\u00e8nerait de toute mani\u00e8re. Les m\u00e9decins dirent \u00e0 Trump que s&rsquo;il attendait davantage il pourrait perdre sa capacit\u00e9 de se rendre \u00e0 Marine One [l&rsquo;h\u00e9licopt\u00e8re] en marchant (l&rsquo;image de lui dans une chaise roulante ou sur une civi\u00e8re serait manifestement d\u00e9vastatrice).<\/p><\/blockquote>\n<p>Et aussi<\/p>\n<blockquote><p>Des conversations avec des R\u00e9publicains proches de la Maison-Blanche au cours des 12 derni\u00e8res heures indiquent que la situation a \u00e9t\u00e9 bien pire que la Maison-Blanche ne l&rsquo;a affirm\u00e9. Avant d&rsquo;\u00eatre emmen\u00e9 \u00e0 Walter Reed, Trump n&rsquo;arr\u00eatait pas de demander \u00e0 ses aides, \u00ab\u00a0Est-ce que je suis en train de partir comme Stan Chera&nbsp;? C&rsquo;est \u00e7a&nbsp;?\u00a0\u00bb (Chera \u00e9tait son ami New Yorkais mort de la Covid en avril).  <\/p><\/blockquote>\n<blockquote class=\"twitter-tweet\">\n<p dir=\"ltr\" lang=\"en\">Per source, Trump was told on Friday he could go to Walter Reed voluntarily, but he would be taken no matter what when his condition worsened. Doctors told Trump if he waited he could lose ability to walk to Marine One (optics of a wheelchair or stretcher obvs would be terrible)<\/p>\n<p>\u2014 Gabriel Sherman (@gabrielsherman) <a href=\"https:\/\/twitter.com\/gabrielsherman\/status\/1312443979321896960?ref_src=twsrc%5Etfw\">October 3, 2020<\/a><\/p><\/blockquote>\n<p><script async src=\"https:\/\/platform.twitter.com\/widgets.js\" charset=\"utf-8\"><\/script><\/p>\n<blockquote class=\"twitter-tweet\">\n<p dir=\"ltr\" lang=\"en\">Conversations w Republicans close to WH over last 12 hours indicate it\u2019s been far more dire than WH has said. Before being taken to Walter Reed, Trump kept asking aides, \u201cAm I going out like Stan Chera? Am I?\u201d (Chera was Trump\u2019s NYC friend who died of Covid in April)<\/p>\n<p>\u2014 Gabriel Sherman (@gabrielsherman) <a href=\"https:\/\/twitter.com\/gabrielsherman\/status\/1312442681662926850?ref_src=twsrc%5Etfw\">October 3, 2020<\/a><\/p><\/blockquote>\n<p><script async src=\"https:\/\/platform.twitter.com\/widgets.js\" charset=\"utf-8\"><\/script><\/p>\n","protected":false},"excerpt":{"rendered":"<p>Gabriel Sherman est un journaliste am\u00e9ricain, correspondant du magazine <em>Vanity Fair<\/em>. <\/p>\n<p>Il twitte aujourd&rsquo;hui&nbsp;:<\/p>\n<blockquote>\n<p>Selon une source, on avait expliqu\u00e9 vendredi \u00e0 Trump qu&rsquo;il pouvait aller \u00e0 [l&rsquo;h\u00f4pital] Walter Reed de sa propre initiative mais que si son \u00e9tat empirait on l&rsquo;y emm\u00e8nerait de toute mani\u00e8re. Les m\u00e9decins dirent \u00e0 Trump que s&rsquo;il attendait [&hellip;]<\/p>\n<\/blockquote>\n","protected":false},"author":1,"featured_media":0,"comment_status":"open","ping_status":"closed","sticky":false,"template":"","format":"standard","meta":{"footnotes":""},"categories":[4577,72],"tags":[7019,7072,4442,7102],"class_list":["post-123995","post","type-post","status-publish","format-standard","hentry","category-epistemologie","category-etats-unis","tag-coronavirus","tag-covid-19","tag-donald-trump","tag-pandemie"],"_links":{"self":[{"href":"https:\/\/www.pauljorion.com\/blog\/wp-json\/wp\/v2\/posts\/123995","targetHints":{"allow":["GET"]}}],"collection":[{"href":"https:\/\/www.pauljorion.com\/blog\/wp-json\/wp\/v2\/posts"}],"about":[{"href":"https:\/\/www.pauljorion.com\/blog\/wp-json\/wp\/v2\/types\/post"}],"author":[{"embeddable":true,"href":"https:\/\/www.pauljorion.com\/blog\/wp-json\/wp\/v2\/users\/1"}],"replies":[{"embeddable":true,"href":"https:\/\/www.pauljorion.com\/blog\/wp-json\/wp\/v2\/comments?post=123995"}],"version-history":[{"count":6,"href":"https:\/\/www.pauljorion.com\/blog\/wp-json\/wp\/v2\/posts\/123995\/revisions"}],"predecessor-version":[{"id":124000,"href":"https:\/\/www.pauljorion.com\/blog\/wp-json\/wp\/v2\/posts\/123995\/revisions\/124000"}],"wp:attachment":[{"href":"https:\/\/www.pauljorion.com\/blog\/wp-json\/wp\/v2\/media?parent=123995"}],"wp:term":[{"taxonomy":"category","embeddable":true,"href":"https:\/\/www.pauljorion.com\/blog\/wp-json\/wp\/v2\/categories?post=123995"},{"taxonomy":"post_tag","embeddable":true,"href":"https:\/\/www.pauljorion.com\/blog\/wp-json\/wp\/v2\/tags?post=123995"}],"curies":[{"name":"wp","href":"https:\/\/api.w.org\/{rel}","templated":true}]}}