{"id":124176,"date":"2020-10-20T12:31:18","date_gmt":"2020-10-20T10:31:18","guid":{"rendered":"https:\/\/www.pauljorion.com\/blog\/?p=124176"},"modified":"2020-10-20T12:31:18","modified_gmt":"2020-10-20T10:31:18","slug":"inculpation-de-miliciens-pro-trump-dans-le-michigan-le-8-octobre-2020-retranscription","status":"publish","type":"post","link":"https:\/\/www.pauljorion.com\/blog\/2020\/10\/20\/inculpation-de-miliciens-pro-trump-dans-le-michigan-le-8-octobre-2020-retranscription\/","title":{"rendered":"<b>Inculpation de miliciens pro-Trump dans le Michigan<\/b>, le 8 octobre 2020 &#8211; Retranscription"},"content":{"rendered":"<blockquote><p><img loading=\"lazy\" decoding=\"async\" class=\"alignleft size-medium wp-image-123454\" src=\"https:\/\/www.pauljorion.com\/blog\/wp-content\/uploads\/Haute-trahison-203x300.png\" alt=\"\" width=\"203\" height=\"300\" srcset=\"https:\/\/www.pauljorion.com\/blog\/wp-content\/uploads\/Haute-trahison-203x300.png 203w, https:\/\/www.pauljorion.com\/blog\/wp-content\/uploads\/Haute-trahison.png 416w\" sizes=\"auto, (max-width: 203px) 100vw, 203px\" \/>Retranscription de <a href=\"https:\/\/www.pauljorion.com\/blog\/2020\/10\/08\/video-inculpation-de-miliciens-pro-trump-dans-le-michigan\/\" target=\"_blank\" rel=\"noopener noreferrer\">Inculpation de miliciens pro-Trump dans le Michigan<\/a>, le 8 octobre 2020.<\/p><\/blockquote>\n<p class=\"p1\">Bonsoir, le 8 octobre 2020, deuxi\u00e8me vid\u00e9o de la journ\u00e9e et ce n\u2019est pas mon habitude de faire des vid\u00e9os \u00e0 21h42. D\u2019autant que, parfois, je ne suis pas tout \u00e0 fait r\u00e9veill\u00e9 quand je les fais le matin trop t\u00f4t ou juste avant l\u2019heure de ma sieste. Je m\u00e9lange les mots comme tout \u00e0 l\u2019heure quand j\u2019ai dit \u00ab incapable \u00bb au lieu d\u2019\u00ab implacable \u00bb, ce qui n&rsquo;\u00e9tait quand m\u00eame pas ce que j\u2019essayais de dire.<\/p>\n<p class=\"p1\">Alors, qu\u2019est-ce qui justifie que je revienne devant ma cam\u00e9ra ? Quelque chose qui est important dans la dialectique, qui est en train d\u2019avoir lieu aux \u00c9tats-Unis. Pourquoi ? Parce qu\u2019on vient d\u2019annoncer que 6 membres d\u2019une milice du Michigan viennent d\u2019\u00eatre arr\u00eat\u00e9s pour un projet d\u2019enl\u00e8vement de la gouverneur de l\u2019\u00c9tat.<\/p>\n<p><!--more--><\/p>\n<p class=\"p1\">Vous vous souvenez peut-\u00eatre, j\u2019ai d\u00fb faire allusion \u00e0 \u00e7a, que le Michigan est un de ces \u00e9tats o\u00f9 il y a eu des manifestations anti-masque, anti-confinement assez violentes, avec des gens arm\u00e9s se pr\u00e9sentant aux abords imm\u00e9diats du Capitole [p\u00e9n\u00e9trant m\u00eame dans le b\u00e2timent], c\u2019est-\u00e0-dire de la pr\u00e9fecture si vous voulez du Michigan, pour protester contre ces mesures de distanciement et de confinement. Et se trouvaient parmi ces manifestants arm\u00e9s des partisans, des gens dont Trump encourage les agissements, donc supr\u00e9macistes blancs, n\u00e9o-nazis, et autres repr\u00e9sentants des milices.<\/p>\n<p class=\"p1\">Ces personnes viennent d\u2019\u00eatre arr\u00eat\u00e9es, ces 6 personnes. Elles sont accus\u00e9es de projet d\u2019enl\u00e8vement. Je viens d\u2019\u00e9couter la longue d\u00e9claration de l\u2019<em>Attorney general<\/em> de l\u2019\u00e9tat, c\u2019est-\u00e0-dire donc du ministre de la Justice au niveau de l\u2019\u00e9tat, qui parle de projet d\u2019enlever la gouverneur et de la juger de mani\u00e8re, voil\u00e0, dans un tribunal improvis\u00e9, de la juger et probablement de l\u2019ex\u00e9cuter puisque cette <em>Attorney general<\/em> dit qu\u2019elle pr\u00e9f\u00e8re \u00eatre intervenue au moment o\u00f9 on parle encore d\u2019enl\u00e8vement plut\u00f4t que d\u2019homicide. Les choses sont assez claires. Elle insiste aussi sur le fait que le projet n\u2019\u00e9tait pas un projet, simplement de discussions au fond d\u2019une cave, et que ces gens avaient d\u00e9j\u00e0 pr\u00e9par\u00e9 minutieusement leur intervention, qu\u2019ils avaient d\u00e9j\u00e0 fait d\u00e9tonner des bombes du genre de celles qu\u2019ils voulaient utiliser pour d\u00e9tourner l\u2019attention ailleurs durant leur projet d\u2019enl\u00e8vement.<\/p>\n<p class=\"p1\">Quand cette personne, ce ministre de la Justice du Michigan, est interview\u00e9e par une journaliste et que la question est pos\u00e9e : \u00ab Y a-t-il un rapport entre ces personnes et les <em>Proud Boys<\/em> ? \u00bb dont M. Trump consid\u00e8re qu\u2019ils sont ses troupes puisqu\u2019il leur dit, quand on lui demande d\u2019avoir une opinion sur eux, il dit : \u00ab Ne bougez pas et soyez pr\u00eats ! \u00bb.<\/p>\n<p class=\"p1\">Et donc, interview\u00e9e, l<em>\u2019Attorney general<\/em> parle de complicit\u00e9 pour ces gens non seulement parmi les forces de police de l&rsquo;\u00e9tat mais aussi, dit-elle, de certains politiciens au niveau de l\u2019\u00e9tat et, dit-elle, on ne peut pas mettre entre parenth\u00e8ses les encouragements que le pr\u00e9sident de la R\u00e9publique, M. Trump, donne \u00e0 ces gens-l\u00e0.<\/p>\n<p class=\"p1\">On lui pose alors des questions suppl\u00e9mentaires sur comment \u00e7a s\u2019est pass\u00e9. Elle dit : \u00ab C\u2019est une action du FBI tout \u00e0 fait coordonn\u00e9e ! \u00bb et dont elle laisse entendre que des troupes du FBI assez consid\u00e9rables \u00e9taient impliqu\u00e9es puisqu\u2019elle parle en particulier d\u2019une r\u00e9union infiltr\u00e9e par une personne qui est en fait un informateur du FBI, qui participe \u00e0 cette r\u00e9union, une r\u00e9union secr\u00e8te dans une cave, dans un b\u00e2timent o\u00f9 les gens \u00e0 qui on enl\u00e8ve leur t\u00e9l\u00e9phone mais l\u2019informateur est, lui, c\u00e2bl\u00e9 pour prendre, pour enregistrer de l\u2019information et, laisse-t-elle entendre, s\u2019il devait lui arriver la moindre chose, une force pr\u00e9sente serait intervenue pour sauver cette personne, esp\u00e9rons-le, avant qu\u2019il lui arrive vraiment quelque chose de s\u00e9rieux.<\/p>\n<p class=\"p1\">Et il y a des questions suppl\u00e9mentaires. Elle fait allusion au fait que ce n\u2019est pas seulement dans son \u00e9tat que des forces au niveau du FBI sont pr\u00eates pour intervenir. Donc, on l\u2019a compris, contre les troupes de M. Trump et celles \u00e0 qui il dit de se pr\u00e9parer pour le jour de l\u2019\u00e9lection &#8230;<\/p>\n<p class=\"p1\">Qu\u2019est-ce que \u00e7a nous rappelle ? \u00c7a nous rappelle ces propos de M\u2026. Je l\u2019appelle toujours M. Rod Rosenstein parce que je sais que c\u2019est lui, ce monsieur qui s\u2019appelle \u00ab\u00a0Anonymous\u00a0\u00bb qui est intervenu dans un article \u00ab\u00a0op-ed\u00a0\u00bb : une tribune libre dans le <em>New York Times<\/em>, qui avait \u00e9crit ensuite un livre \u00ab A Warning \u00bb, sign\u00e9\u00a0<em>Anonymous<\/em>,\u00a0 et qui s\u2019\u00e9tait caract\u00e9ris\u00e9 par le fait de dire : \u00ab Ne vous inqui\u00e9tez pas trop quand m\u00eame parce que l\u2019appareil d\u2019\u00c9tat, celui que Trump appelle le &lsquo;Deep State&rsquo;, parce que l\u2019appareil d\u2019\u00c9tat est pr\u00eat \u00e0 intervenir : il y a coordination\u00a0\u00bb.<\/p>\n<p class=\"p1\">Et il l\u2019a dit d\u00e9j\u00e0, il avait dit \u00e7a il y a 2 ans sinon davantage : \u00ab Ne vous inqui\u00e9tez pas parce qu\u2019on continue, nous, \u00e0 travailler s\u00e9rieusement \u00bb. Nous, on avait compris que si c\u2019est Rod Rosenstein, c\u2019\u00e9tait \u00e0 un certain niveau donc du minist\u00e8re de la Justice. : \u00ab Nous sommes pr\u00eats \u00e0 intervenir si n\u00e9cessaire !\u00a0\u00bb<\/p>\n<p class=\"p1\">Et donc, voil\u00e0, pourquoi j\u2019interviens, parce que c\u2019est important : \u00e7a laisse entendre dans les paroles de ce ministre de la Justice \u00e0 l\u2019\u00e9chelle d\u2019un \u00e9tat [du Michigan], non seulement qu\u2019ils ont d\u00e9cid\u00e9 d\u2019intervenir mais aussi qu\u2019il existe une coordination au niveau de l\u2019ensemble des \u00e9tats par l\u2019interm\u00e9diaire de cette structure f\u00e9d\u00e9rale qu\u2019est le FBI.<\/p>\n<p class=\"p1\">Vous vous souvenez ? Le FBI a pass\u00e9 un tr\u00e8s tr\u00e8s mauvais quart d\u2019heure sous M. Trump. M. Comey, James Comey, qui \u00e9tait son directeur, a \u00e9t\u00e9 d\u00e9gomm\u00e9 tr\u00e8s rapidement par Trump qui lui avait demand\u00e9 sa loyaut\u00e9, l\u2019autre avait dit : \u00ab Euh&#8230; quoi ? qu\u2019est-ce que vous voulez dire vraiment ? \u00bb et c\u2019\u00e9tait termin\u00e9 pour lui. Il y avait eu ensuite son adjoint, Andrew McCabe qui avait \u00e9t\u00e9 directeur du FBI faisant fonction pendant la p\u00e9riode interm\u00e9diaire et dont s\u2019est d\u00e9barrass\u00e9 assez rapidement aussi M. Trump. Puis, il y avait M. Peter Strzok qui vient d\u2019\u00e9crire ce livre tr\u00e8s int\u00e9ressant \u00ab Compromised \u00bb que je suis en train de lire, le sp\u00e9cialiste du FBI sur les questions en particulier li\u00e9es \u00e0 la Russie.<\/p>\n<p class=\"p1\">C\u2019est-\u00e0-dire que, donc, apparemment, ces gens qu\u2019on a d\u00e9gomm\u00e9s ont compris ce qui se passait et ont apparemment continu\u00e9, au niveau de leurs troupes, je dirais, de l\u2019Administration, sont sans doute arriv\u00e9s \u00e0 continuer \u00e0 coordonner un certain nombre de choses en particulier pour essayer d\u2019emp\u00eacher un coup d\u2019\u00c9tat de type fasciste de la part de M. Trump avec des troupes, comme des n\u00e9o-nazis, des gens qui se d\u00e9finissent essentiellement comme des supr\u00e9macistes blancs, etc.<\/p>\n<p class=\"p1\">C\u2019est-\u00e0-dire qu\u2019il semble qu\u2019\u00e0 un certain niveau, on prend les devants. On est quoi ? on est le 8 octobre. On prend les devants par rapport au 3 novembre parce que M. Trump \u00e9tait sans doute convaincu que lui, il allait appeler ses troupes le 3 novembre et puis qu\u2019il ne se serait rien pass\u00e9 d\u2019ici l\u00e0. Alors, on lui fait comprendre d\u2019abord que toutes ses troupes sont infiltr\u00e9es et que, s\u2019il bouge maintenant, on peut d\u00e9j\u00e0 s\u2019occuper d\u2019eux, je dirais, par anticipation.<\/p>\n<p class=\"p1\">Donc, c\u2019est une bonne nouvelle, c\u2019est-\u00e0-dire qu\u2019en fait, j\u2019en ai parl\u00e9 tout au long : cet appareil d\u2019\u00c9tat, est-ce que Trump \u00e9tait v\u00e9ritablement arriv\u00e9 \u00e0 le d\u00e9capiter comme le fait tout dictateur en herbe quand il essaye de prendre le pouvoir : commencer par d\u00e9capiter l\u2019appareil d\u2019\u00c9tat pour essayer de le d\u00e9sorganiser ?<\/p>\n<p class=\"p1\">Il y avait d\u00e9j\u00e0 eu des allusions de la part de Brennan aussi, ancien directeur de la CIA, qu\u2019on savait quand m\u00eame des choses et qu\u2019on n\u2019\u00e9tait pas compl\u00e8tement passifs, etc. mais c\u2019\u00e9tait assez myst\u00e9rieux. Et donc, aujourd\u2019hui, il s\u2019est pass\u00e9 quelque chose qui montre que, effectivement, devant un coup d\u2019\u00c9tat fasciste de Trump, apparemment, il existe \u00e0 un certain niveau des gens qui sont pr\u00eats et qui lui envoient d\u00e9j\u00e0 un message, un message en particulier en arr\u00eatant ces 6 personnes, et cette ministre de la Justice du Michigan sp\u00e9cifie que bien que ces gens avaient des projets d\u00e9j\u00e0 tr\u00e8s avanc\u00e9s, ils n\u2019ont pas \u00e9t\u00e9 arr\u00eat\u00e9s parce qu\u2019une action \u00e9tait imminente, c\u2019est-\u00e0-dire qu&rsquo;elle ajoute : \u00ab On a pris les devants ! \u00bb.\u00a0 On a pris les devants : \u00e0 bon entendeur salut. Comme je le dis : on est le 8 octobre, on n\u2019est pas encore le 3 novembre.<\/p>\n<p class=\"p1\">Pendant ce temps-l\u00e0, bon, un petit mot sur M. Trump. Manifestement, dans les tweets qu\u2019il envoie en ce moment, m\u00eame certains de ses partisans commencent \u00e0 se poser des questions parce que, vous le savez sans doute, aux doses de st\u00e9ro\u00efdes, de cortico\u00efdes qu\u2019il re\u00e7oit en ce moment, elles sont souvent associ\u00e9es \u00e0 des \u00e9pisodes de type psychotique et certains des messages\u2026 La plupart des tweets de M. Trump ne me font pas rire parce qu\u2019ils sont vraiment tr\u00e8s inqui\u00e9tants mais certains qu\u2019il a envoy\u00e9s r\u00e9cemment, comme par exemple de retweeter quelque chose dont tout le monde sait que c\u2019est une gamine qui avait \u00e9crit \u00e7a et de le faire suivre en disant que c\u2019est absolument indispensable que tout le monde sache \u00e7a alors que c\u2019est manifestement, voil\u00e0, la farce d\u2019une adolescente. Et d\u2019autre part, il commence \u00e0 insulter ses deux lieutenants les plus s\u00fbrs au niveau du gouvernement &#8211; je ne parle pas de M. Rudy Giuliani &#8211; M. William Barr, son ministre de la Justice, et M. Pompeo, son ministre des Affaires \u00c9trang\u00e8res, ancien directeur de la CIA. Il accuse M. Pompeo de ne pas avoir saisi des messages de Mme Hillary Clinton et, l\u00e0, c\u2019est une vieille affaire. C\u2019est vraiment une confusion dans sa m\u00e9moire parce que les messages en question ont d\u00e9j\u00e0 \u00e9t\u00e9 diffus\u00e9s il y a 4 ans donc, quand Trump l\u2019accuse de ne pas l\u2019avoir fait ou de refuser de le faire, c\u2019est un probl\u00e8me de m\u00e9moire : c&rsquo;est parce qu\u2019il l&rsquo;oublie &#8211; il a d\u00fb le savoir \u00e0 un moment donn\u00e9 &#8211; que \u00e7a avait d\u00e9j\u00e0 \u00e9t\u00e9 fait. Et d\u2019autre part, il engueule ce soir, il engueule son ministre de la Justice de ne pas encore avoir arr\u00eat\u00e9<span class=\"Apple-converted-space\">\u00a0 <\/span>&#8211; bon, un petit temps de pause &#8211; de ne pas encore avoir arr\u00eat\u00e9 Joe Biden et Barack Obama.<\/p>\n<p class=\"p1\">Bon, alors, ce William Barr, c\u2019est un toutou du pr\u00e9sident mais je ne crois pas, enfin je serais quand m\u00eame \u00e9pat\u00e9 qu\u2019en p\u00e9riode \u00e9lectorale, et sans qu\u2019il y ait le moindre chef d\u2019inculpation connu ou utilisable, si ce n\u2019est une vieille rengaine complotiste, que M. Obama aurait mis sous \u00e9coute M. Trump : une histoire qui a circul\u00e9 effectivement parmi les milieux complotistes au d\u00e9but 2016 mais des enqu\u00eates ont \u00e9t\u00e9 faites et ont prouv\u00e9 qu\u2019il n\u2019avait jamais \u00e9t\u00e9 question de \u00e7a. \u00c7a n\u2019a pas \u00e9t\u00e9 fait et l\u00e0, ce soir, enfin ce soir pour nous, M. Trump temp\u00eate sur le fait que M. William Barr n\u2019a pas encore arr\u00eat\u00e9 M. Joe Biden, son concurrent aux \u00e9lections, et M. Obama.<\/p>\n<p class=\"p1\">J\u2019ai souvent utilis\u00e9 l\u2019expression de \u00ab p\u00e9ter les plombs \u00bb pour M. Trump et, du coup, voil\u00e0, j\u2019ai trop cri\u00e9 au loup et on ne m\u2019\u00e9coute peut-\u00eatre plus mais l\u00e0, si l\u2019expression \u00ab p\u00e9ter les plombs \u00bb peut \u00eatre vraiment d\u2019application, c\u2019est peut-\u00eatre dans la journ\u00e9e d\u2019aujourd\u2019hui alors qu\u2019on sait, on sait effectivement que les m\u00e9dicaments qu\u2019il prend en ce moment sont susceptibles justement d\u2019induire de la confusion mentale et on a l\u2019impression que ses divagations, ses d\u00e9lires, dont on a d\u00e9j\u00e0 eu des exemples consid\u00e9rables, l\u00e0, prennent un tournant tout \u00e0 fait particulier du fait que, justement, elles sont li\u00e9es manifestement \u00e0 des pertes de m\u00e9moire et des m\u00e9compr\u00e9hensions de choses \u00e9l\u00e9mentaires.<\/p>\n<p class=\"p1\">Voil\u00e0, allez, une petite intervention ce soir, justifi\u00e9e par cet \u00e9v\u00e8nement qui se passe en ce moment aux Etats-Unis et qui est significatif, significatif par rapport \u00e0 la tentative de coup d\u2019\u00c9tat de M. Trump, dont je souligne toujours que ce n\u2019est pas une supposition de ma part, que c\u2019est quelque chose qu\u2019il a dit. Je r\u00e9p\u00e8te ses propos \u00e0 ce propos-l\u00e0 : \u00ab Il n\u2019y aura pas de transfert de pouvoir puisqu\u2019on se d\u00e9barrassera des bulletins de vote \u00bb. Ce n\u2019est pas moi qui l\u2019invente, c\u2019est une citation texto de choses que M. Trump a dites. Voil\u00e0.<\/p>\n","protected":false},"excerpt":{"rendered":"<blockquote>\n<p><img loading=\"lazy\" decoding=\"async\" class=\"alignleft size-medium wp-image-123454\" src=\"https:\/\/www.pauljorion.com\/blog\/wp-content\/uploads\/Haute-trahison-203x300.png\" alt=\"\" width=\"203\" height=\"300\" srcset=\"https:\/\/www.pauljorion.com\/blog\/wp-content\/uploads\/Haute-trahison-203x300.png 203w, https:\/\/www.pauljorion.com\/blog\/wp-content\/uploads\/Haute-trahison.png 416w\" sizes=\"auto, (max-width: 203px) 100vw, 203px\" \/>Retranscription de <a href=\"https:\/\/www.pauljorion.com\/blog\/2020\/10\/08\/video-inculpation-de-miliciens-pro-trump-dans-le-michigan\/\" target=\"_blank\" rel=\"noopener noreferrer\">Inculpation de miliciens pro-Trump dans le Michigan<\/a>, le 8 octobre 2020.<\/p>\n<\/blockquote>\n<p class=\"p1\">Bonsoir, le 8 octobre 2020, deuxi\u00e8me vid\u00e9o de la journ\u00e9e et ce n\u2019est pas mon habitude de faire des vid\u00e9os \u00e0 21h42. D\u2019autant que, parfois, je ne suis pas [&hellip;]<\/p>\n","protected":false},"author":1,"featured_media":0,"comment_status":"open","ping_status":"closed","sticky":false,"template":"","format":"standard","meta":{"footnotes":""},"categories":[72],"tags":[1656,4442,7033,5229,5113,7567,7554,5988],"class_list":["post-124176","post","type-post","status-publish","format-standard","hentry","category-etats-unis","tag-anonymous","tag-donald-trump","tag-election-presidentielle-us-2020","tag-fbi","tag-michigan","tag-milices","tag-proud-boys","tag-rod-rosenstein"],"_links":{"self":[{"href":"https:\/\/www.pauljorion.com\/blog\/wp-json\/wp\/v2\/posts\/124176","targetHints":{"allow":["GET"]}}],"collection":[{"href":"https:\/\/www.pauljorion.com\/blog\/wp-json\/wp\/v2\/posts"}],"about":[{"href":"https:\/\/www.pauljorion.com\/blog\/wp-json\/wp\/v2\/types\/post"}],"author":[{"embeddable":true,"href":"https:\/\/www.pauljorion.com\/blog\/wp-json\/wp\/v2\/users\/1"}],"replies":[{"embeddable":true,"href":"https:\/\/www.pauljorion.com\/blog\/wp-json\/wp\/v2\/comments?post=124176"}],"version-history":[{"count":4,"href":"https:\/\/www.pauljorion.com\/blog\/wp-json\/wp\/v2\/posts\/124176\/revisions"}],"predecessor-version":[{"id":124384,"href":"https:\/\/www.pauljorion.com\/blog\/wp-json\/wp\/v2\/posts\/124176\/revisions\/124384"}],"wp:attachment":[{"href":"https:\/\/www.pauljorion.com\/blog\/wp-json\/wp\/v2\/media?parent=124176"}],"wp:term":[{"taxonomy":"category","embeddable":true,"href":"https:\/\/www.pauljorion.com\/blog\/wp-json\/wp\/v2\/categories?post=124176"},{"taxonomy":"post_tag","embeddable":true,"href":"https:\/\/www.pauljorion.com\/blog\/wp-json\/wp\/v2\/tags?post=124176"}],"curies":[{"name":"wp","href":"https:\/\/api.w.org\/{rel}","templated":true}]}}