{"id":124302,"date":"2020-10-17T11:42:39","date_gmt":"2020-10-17T09:42:39","guid":{"rendered":"https:\/\/www.pauljorion.com\/blog\/?p=124302"},"modified":"2020-10-21T15:36:15","modified_gmt":"2020-10-21T13:36:15","slug":"124302","status":"publish","type":"post","link":"https:\/\/www.pauljorion.com\/blog\/2020\/10\/17\/124302\/","title":{"rendered":"Covid-19 : <b>Acc\u00e9l\u00e9ration des entr\u00e9es en r\u00e9animation<\/b>, par a113"},"content":{"rendered":"<p><img loading=\"lazy\" decoding=\"async\" class=\"aligncenter size-full wp-image-124304\" src=\"https:\/\/www.pauljorion.com\/blog\/wp-content\/uploads\/Dynamique_2308-1609.jpg\" alt=\"\" width=\"762\" height=\"458\" srcset=\"https:\/\/www.pauljorion.com\/blog\/wp-content\/uploads\/Dynamique_2308-1609.jpg 762w, https:\/\/www.pauljorion.com\/blog\/wp-content\/uploads\/Dynamique_2308-1609-300x180.jpg 300w\" sizes=\"auto, (max-width: 762px) 100vw, 762px\" \/><\/p>\r\n\r\n<p>le graphe du jour confirme donc le changement de dynamique r\u00e9cent ++++<\/p>\r\n\r\n<p><!--more--><\/p>\r\n\r\n<p>il ne d\u00e9marre que le 23\/08, pour que ce soit plus simple.<\/p>\r\n\r\n\r\n\r\n<p>en ordonn\u00e9es, comme je l&rsquo;ai d\u00e9j\u00e0 expliqu\u00e9\u00a0 :<\/p>\r\n\r\n\r\n\r\n<p>1<strong>-courbe bleue<\/strong>\u00a0: la\u00a0<strong>dynamique d<\/strong>\u00a0:\u00a0\u00a0<strong>taux de variation \/ 7 jours pr\u00e9c\u00e9dent<\/strong><strong>s<\/strong> : si d&gt;2% , augmentation des entr\u00e9es en r\u00e9a de 2%\/7 jours pr\u00e9c\u00e9dents, si d&lt;2% baisse des entr\u00e9es en r\u00e9a de 2%\/7 jours pr\u00e9c\u00e9dents.<\/p>\r\n\r\n\r\n\r\n<p>2-<strong>courbe grise pointill\u00e9<\/strong>\u00a0:\u00a0<strong>intensit\u00e9 de cette dynamique<\/strong>\u00a0: toujours sur la base d&rsquo;une comparaison par rapport aux 7 jours pr\u00e9c\u00e9dents : cette intensit\u00e9 peut \u00eatre\u00a0<strong>-positive<\/strong>\u00a0, donc induire une tendance \u00e0 la baisse de d =\u00a0<strong>bon contr\u00f4le<\/strong>\u00a0de l\u2019\u00e9pid\u00e9mie<\/p>\r\n\r\n\r\n\r\n<p><strong>&#8211; n\u00e9gative<\/strong>\u00a0\u00a0 : il y a du\u00a0<strong>rel\u00e2chement dans le contr\u00f4le<\/strong>\u00a0(induire une tendance \u00e0 la hausse de d) (en Ao\u00fbt , par exemple rel\u00e2chement=&gt;hausse des entr\u00e9es en r\u00e9animation)<\/p>\r\n\r\n\r\n\r\n<p><strong><u>au total :<\/u><\/strong><\/p>\r\n\r\n\r\n\r\n<p>du 23\/08 au 22\/09 , ce chiffre (l&rsquo;intensit\u00e9) \u00e9tait &lt;0 , on constatait une dynamique d&rsquo;entr\u00e9e vers la hausse.<\/p>\r\n\r\n\r\n\r\n<p>puis du 22\/09 au 11\/10 , ce chiffre (l&rsquo;intensit\u00e9) \u00e9tait &gt; 0 et induisait une dynamique d&rsquo;entr\u00e9e \u00e0 la baisse, ce qui laissait esp\u00e9rer un recul lent mais consistant de l&rsquo;\u00e9pid\u00e9mie<\/p>\r\n\r\n\r\n\r\n<p>H\u00e9las , depuis le 11\/10, les courbes se croisent et s&rsquo;orientent vers une dynamique inverse, qui \u00e9loigne l&rsquo;espoir d&rsquo;un \u00ab\u00a0plateau \u00e9pid\u00e9mique\u00a0\u00bb<\/p>\r\n\r\n\r\n\r\n<p>le suite est, ce qui est nouveau, totalement incertaine +++<\/p>\r\n\r\n\r\n\r\n<p><strong>pour ceux qui m&rsquo;interrogent \u00e0 r\u00e9p\u00e9tition sur ces points :<\/strong><\/p>\r\n\r\n\r\n\r\n<p>j&rsquo;utilise comme source , les donn\u00e9es du sites<strong> G\u00e9odes, et toujours les \u00ab\u00a0nouvelles entr\u00e9es quotidiennes en r\u00e9animation et soins intensifs hospitaliers\u00a0\u00bb<\/strong><\/p>\r\n","protected":false},"excerpt":{"rendered":"<p><img loading=\"lazy\" decoding=\"async\" class=\"aligncenter size-full wp-image-124304\" src=\"https:\/\/www.pauljorion.com\/blog\/wp-content\/uploads\/Dynamique_2308-1609.jpg\" alt=\"\" width=\"762\" height=\"458\" srcset=\"https:\/\/www.pauljorion.com\/blog\/wp-content\/uploads\/Dynamique_2308-1609.jpg 762w, https:\/\/www.pauljorion.com\/blog\/wp-content\/uploads\/Dynamique_2308-1609-300x180.jpg 300w\" sizes=\"auto, (max-width: 762px) 100vw, 762px\" \/><\/p>\n<p>le graphe du jour confirme donc le changement de dynamique r\u00e9cent ++++<\/p>\n","protected":false},"author":1,"featured_media":0,"comment_status":"open","ping_status":"closed","sticky":false,"template":"","format":"standard","meta":{"footnotes":""},"categories":[7515,6301],"tags":[7019,7072,7231,7102,7139],"class_list":["post-124302","post","type-post","status-publish","format-standard","hentry","category-deuxieme-vague","category-epidemiologie","tag-coronavirus","tag-covid-19","tag-deuxieme-vague","tag-pandemie","tag-reanimation"],"_links":{"self":[{"href":"https:\/\/www.pauljorion.com\/blog\/wp-json\/wp\/v2\/posts\/124302","targetHints":{"allow":["GET"]}}],"collection":[{"href":"https:\/\/www.pauljorion.com\/blog\/wp-json\/wp\/v2\/posts"}],"about":[{"href":"https:\/\/www.pauljorion.com\/blog\/wp-json\/wp\/v2\/types\/post"}],"author":[{"embeddable":true,"href":"https:\/\/www.pauljorion.com\/blog\/wp-json\/wp\/v2\/users\/1"}],"replies":[{"embeddable":true,"href":"https:\/\/www.pauljorion.com\/blog\/wp-json\/wp\/v2\/comments?post=124302"}],"version-history":[{"count":6,"href":"https:\/\/www.pauljorion.com\/blog\/wp-json\/wp\/v2\/posts\/124302\/revisions"}],"predecessor-version":[{"id":124411,"href":"https:\/\/www.pauljorion.com\/blog\/wp-json\/wp\/v2\/posts\/124302\/revisions\/124411"}],"wp:attachment":[{"href":"https:\/\/www.pauljorion.com\/blog\/wp-json\/wp\/v2\/media?parent=124302"}],"wp:term":[{"taxonomy":"category","embeddable":true,"href":"https:\/\/www.pauljorion.com\/blog\/wp-json\/wp\/v2\/categories?post=124302"},{"taxonomy":"post_tag","embeddable":true,"href":"https:\/\/www.pauljorion.com\/blog\/wp-json\/wp\/v2\/tags?post=124302"}],"curies":[{"name":"wp","href":"https:\/\/api.w.org\/{rel}","templated":true}]}}