{"id":124447,"date":"2020-10-23T18:02:10","date_gmt":"2020-10-23T16:02:10","guid":{"rendered":"https:\/\/www.pauljorion.com\/blog\/?p=124447"},"modified":"2020-10-23T18:02:10","modified_gmt":"2020-10-23T16:02:10","slug":"illustrations-de-ma-videoconference-lapres-covid-19-5-leurope-et-la-france-retablir-la-verite","status":"publish","type":"post","link":"https:\/\/www.pauljorion.com\/blog\/2020\/10\/23\/illustrations-de-ma-videoconference-lapres-covid-19-5-leurope-et-la-france-retablir-la-verite\/","title":{"rendered":"<b>Illustrations de ma vid\u00e9oconf\u00e9rence <em>L&rsquo;Apr\u00e8s-Covid 19 &#8211; 5. L\u2019Europe et la France<\/em> &#8211; R\u00e9tablir la v\u00e9rit\u00e9<\/b>"},"content":{"rendered":"<p>Dans mon billet <a href=\"https:\/\/www.pauljorion.com\/blog\/2020\/10\/21\/illustrations-de-ma-videoconference-lapres-covid-19-5-leurope-et-la-france-le-21-octobre-2020\/\" rel=\"noopener noreferrer\" target=\"_blank\">Illustrations de ma vid\u00e9oconf\u00e9rence <em>L&rsquo;Apr\u00e8s-Covid 19 &#8211; 5. L\u2019Europe et la France<\/em><\/a>, j&rsquo;ai reproduit un graphique de l&rsquo;article dans Le Monde du 14 octobre 2020, <a href=\"https:\/\/www.lemonde.fr\/planete\/article\/2020\/10\/13\/la-france-en-position-intermediaire-face-a-la-pandemie-de-covid-19_6055842_3244.html#:~:text=Alors%20que%20la%20France%20fait,europ%C3%A9ens%20%C2%BB%2C%20note%20le%20rapport.\" target=\"_blank\" rel=\"noopener noreferrer\">Covid-19 : la France jug\u00e9e en \u00ab\u00a0position interm\u00e9diaire\u00a0\u00bb dans sa gestion de la crise sanitaire<\/a>. <\/p>\n<p>Voici ce graphique :<\/p>\n<p><img loading=\"lazy\" decoding=\"async\" src=\"https:\/\/www.pauljorion.com\/blog\/wp-content\/uploads\/Se\u0301ve\u0301rite\u0301-Le-Monde.png\" alt=\"\" width=\"593\" height=\"621\" class=\"aligncenter size-full wp-image-124448\" srcset=\"https:\/\/www.pauljorion.com\/blog\/wp-content\/uploads\/Se\u0301ve\u0301rite\u0301-Le-Monde.png 466w, https:\/\/www.pauljorion.com\/blog\/wp-content\/uploads\/Se\u0301ve\u0301rite\u0301-Le-Monde-286x300.png 286w\" sizes=\"auto, (max-width: 593px) 100vw, 593px\" \/><\/p>\n<p>L&rsquo;un d&rsquo;entre vous a voulu mettre les points sur les \u00ab\u00a0i\u00a0\u00bb pour ce qu&rsquo;il en est de cette \u00ab\u00a0position interm\u00e9diaire\u00a0\u00bb. Voici ce que cela donne une fois la v\u00e9rit\u00e9 r\u00e9tablie :<\/p>\n<p><img loading=\"lazy\" decoding=\"async\" src=\"https:\/\/www.pauljorion.com\/blog\/wp-content\/uploads\/Se\u0301ve\u0301rite\u0301-refait.png\" alt=\"\" width=\"593\" height=\"621\" class=\"aligncenter size-full wp-image-124449\" srcset=\"https:\/\/www.pauljorion.com\/blog\/wp-content\/uploads\/Se\u0301ve\u0301rite\u0301-refait.png 593w, https:\/\/www.pauljorion.com\/blog\/wp-content\/uploads\/Se\u0301ve\u0301rite\u0301-refait-286x300.png 286w\" sizes=\"auto, (max-width: 593px) 100vw, 593px\" \/><\/p>\n","protected":false},"excerpt":{"rendered":"<p>Dans mon billet <a href=\"https:\/\/www.pauljorion.com\/blog\/2020\/10\/21\/illustrations-de-ma-videoconference-lapres-covid-19-5-leurope-et-la-france-le-21-octobre-2020\/\" rel=\"noopener noreferrer\" target=\"_blank\">Illustrations de ma vid\u00e9oconf\u00e9rence <em>L&rsquo;Apr\u00e8s-Covid 19 &#8211; 5. L\u2019Europe et la France<\/em><\/a>, j&rsquo;ai reproduit un graphique de l&rsquo;article dans Le Monde du 14 octobre 2020, <a href=\"https:\/\/www.lemonde.fr\/planete\/article\/2020\/10\/13\/la-france-en-position-intermediaire-face-a-la-pandemie-de-covid-19_6055842_3244.html#:~:text=Alors%20que%20la%20France%20fait,europ%C3%A9ens%20%C2%BB%2C%20note%20le%20rapport.\" target=\"_blank\" rel=\"noopener noreferrer\">Covid-19 : la France jug\u00e9e en \u00ab\u00a0position interm\u00e9diaire\u00a0\u00bb dans sa gestion de la crise sanitaire<\/a>. <\/p>\n<p>Voici ce graphique [&hellip;]<\/p>\n","protected":false},"author":1,"featured_media":0,"comment_status":"open","ping_status":"closed","sticky":false,"template":"","format":"standard","meta":{"footnotes":""},"categories":[1,6301,4454],"tags":[96,311,92],"class_list":["post-124447","post","type-post","status-publish","format-standard","hentry","category-economie","category-epidemiologie","category-france","tag-croissance","tag-france","tag-pib"],"_links":{"self":[{"href":"https:\/\/www.pauljorion.com\/blog\/wp-json\/wp\/v2\/posts\/124447","targetHints":{"allow":["GET"]}}],"collection":[{"href":"https:\/\/www.pauljorion.com\/blog\/wp-json\/wp\/v2\/posts"}],"about":[{"href":"https:\/\/www.pauljorion.com\/blog\/wp-json\/wp\/v2\/types\/post"}],"author":[{"embeddable":true,"href":"https:\/\/www.pauljorion.com\/blog\/wp-json\/wp\/v2\/users\/1"}],"replies":[{"embeddable":true,"href":"https:\/\/www.pauljorion.com\/blog\/wp-json\/wp\/v2\/comments?post=124447"}],"version-history":[{"count":2,"href":"https:\/\/www.pauljorion.com\/blog\/wp-json\/wp\/v2\/posts\/124447\/revisions"}],"predecessor-version":[{"id":124451,"href":"https:\/\/www.pauljorion.com\/blog\/wp-json\/wp\/v2\/posts\/124447\/revisions\/124451"}],"wp:attachment":[{"href":"https:\/\/www.pauljorion.com\/blog\/wp-json\/wp\/v2\/media?parent=124447"}],"wp:term":[{"taxonomy":"category","embeddable":true,"href":"https:\/\/www.pauljorion.com\/blog\/wp-json\/wp\/v2\/categories?post=124447"},{"taxonomy":"post_tag","embeddable":true,"href":"https:\/\/www.pauljorion.com\/blog\/wp-json\/wp\/v2\/tags?post=124447"}],"curies":[{"name":"wp","href":"https:\/\/api.w.org\/{rel}","templated":true}]}}