{"id":124612,"date":"2020-10-30T20:09:40","date_gmt":"2020-10-30T19:09:40","guid":{"rendered":"https:\/\/www.pauljorion.com\/blog\/?p=124612"},"modified":"2020-10-30T20:24:58","modified_gmt":"2020-10-30T19:24:58","slug":"covid-19-est-ce-que-je-juge-opportun-depargner","status":"publish","type":"post","link":"https:\/\/www.pauljorion.com\/blog\/2020\/10\/30\/covid-19-est-ce-que-je-juge-opportun-depargner\/","title":{"rendered":"Covid-19 : <b>Est-ce que je \u00ab\u00a0juge opportun d&rsquo;\u00e9pargner\u00a0\u00bb&nbsp;?<\/b>"},"content":{"rendered":"<p>Un article dans Le Monde, par Mathilde Damg\u00e9 : <a href=\"https:\/\/www.lemonde.fr\/les-decodeurs\/article\/2020\/10\/30\/confinement-et-economie-huit-graphiques-qui-montrent-l-onde-de-choc-depuis-mars_6057938_4355770.html\" rel=\"noopener noreferrer\" target=\"_blank\">Confinement et \u00e9conomie : huit graphiques qui montrent l\u2019onde de choc depuis mars<\/a>, le 30 octobre 2020.<\/p>\n<p>Les graphiques sont int\u00e9ressants pour ce qu&rsquo;on y voit. Les explications qui en sont donn\u00e9es apparaissent plut\u00f4t elles comme de l&rsquo;<em>association libre<\/em> : \u00ab\u00a0Qu&rsquo;est-ce que je pourrais bien dire \u00e0 la vue de ce diagramme ?\u00a0\u00bb<br \/>\n<img loading=\"lazy\" decoding=\"async\" src=\"https:\/\/www.pauljorion.com\/blog\/wp-content\/uploads\/e\u0301pargne.png\" alt=\"\" width=\"763\" height=\"516\" class=\"aligncenter size-full wp-image-124613\" srcset=\"https:\/\/www.pauljorion.com\/blog\/wp-content\/uploads\/e\u0301pargne.png 763w, https:\/\/www.pauljorion.com\/blog\/wp-content\/uploads\/e\u0301pargne-300x203.png 300w\" sizes=\"auto, (max-width: 763px) 100vw, 763px\" \/><\/p>\n<p>Exemple (graphique ci-dessus) :<\/p>\n<blockquote><p>La frilosit\u00e9 des diff\u00e9rents acteurs \u00e9conomiques se ressent aussi chez les m\u00e9nages qui pr\u00e9f\u00e8rent mettre de c\u00f4t\u00e9, en ces temps incertains : leur taux d\u2019\u00e9pargne a bondi depuis le d\u00e9but de l&rsquo;ann\u00e9e. Et le bas de laine ne devrait pas maigrir puisque ceux qui jugent opportun d\u2019\u00e9pargner sont plus nombreux de mois en mois, selon l&rsquo;Insee.<\/p><\/blockquote>\n<p>\u00ab\u00a0Les m\u00e9nages pr\u00e9f\u00e8rent mettre de c\u00f4t\u00e9, en ces temps incertains&#8230;\u00a0\u00bb ? Bon, r\u00e9fl\u00e9chissons un instant. Je donne cours \u00e0 Lille. Mes frais de transport et d&rsquo;h\u00e9bergement me sont rembours\u00e9s. Donc en principe, cela me co\u00fbte autant d&rsquo;\u00eatre \u00e0 Vannes, mon lieu de r\u00e9sidence, ou d&rsquo;\u00eatre \u00e0 Lille. Sauf que&#8230; quand je suis \u00e0 Lille, je ne cuisine pas dans ma chambre d&rsquo;h\u00f4tel : je vais au restau, que quand je bois une bi\u00e8re place Rihour apr\u00e8s mon cours, je ne la sors pas de mon r\u00e9frig\u00e9rateur apr\u00e8s l&rsquo;avoir achet\u00e9e en promotion \u00e0 Carrefour, que quand le train arrive en retard \u00e0 Montparnasse (incroyable mais vrai !), je dois prendre un taxi pour ne pas rater ma correspondance en gare du Nord (le m\u00e9tro va plus vite que le taxi ? ah oui ? on marche combien de temps de la gare Montparnasse \u00e0 la station Montparnasse-Bienven\u00fce de la ligne 4, tapis roulant m\u00eame tenu en compte ?), de m\u00eame quand j&rsquo;arrive \u00e0 Lille-Europe et qu&rsquo;il pleut des cordes, etc.<\/p>\n<p>En ce moment je donne mes cours, je fais mes conf\u00e9rences, je participe \u00e0 des s\u00e9minaires, aux r\u00e9unions de l&rsquo;\u00e9quipe, le tout en distanciel. Est-ce que je \u00ab\u00a0pr\u00e9f\u00e8re mettre de c\u00f4t\u00e9, en ces temps incertains\u00a0\u00bb ? Non ! je ne fais pas preuve de \u00ab\u00a0frilosit\u00e9\u00a0\u00bb, non je ne \u00ab\u00a0juge pas opportun d\u2019\u00e9pargner\u00a0\u00bb, j&rsquo;exerce la m\u00eame activit\u00e9 qu&rsquo;avant le confinement, mais dans un nouvel environnement o\u00f9 cela me revient bien meilleur march\u00e9. C&rsquo;est tout.    <\/p>\n","protected":false},"excerpt":{"rendered":"<p>Un article dans Le Monde, par Mathilde Damg\u00e9 : <a href=\"https:\/\/www.lemonde.fr\/les-decodeurs\/article\/2020\/10\/30\/confinement-et-economie-huit-graphiques-qui-montrent-l-onde-de-choc-depuis-mars_6057938_4355770.html\" rel=\"noopener noreferrer\" target=\"_blank\">Confinement et \u00e9conomie : huit graphiques qui montrent l\u2019onde de choc depuis mars<\/a>, le 30 octobre 2020.<\/p>\n<p>Les graphiques sont int\u00e9ressants pour ce qu&rsquo;on y voit. Les explications qui en sont donn\u00e9es apparaissent plut\u00f4t elles comme de l&rsquo;<em>association libre<\/em> : \u00ab\u00a0Qu&rsquo;est-ce que [&hellip;]<\/p>\n","protected":false},"author":1,"featured_media":0,"comment_status":"open","ping_status":"closed","sticky":false,"template":"","format":"standard","meta":{"footnotes":""},"categories":[7095,1,6301],"tags":[152,756,311],"class_list":["post-124612","post","type-post","status-publish","format-standard","hentry","category-confinement","category-economie","category-epidemiologie","tag-consommation","tag-epargne","tag-france"],"_links":{"self":[{"href":"https:\/\/www.pauljorion.com\/blog\/wp-json\/wp\/v2\/posts\/124612","targetHints":{"allow":["GET"]}}],"collection":[{"href":"https:\/\/www.pauljorion.com\/blog\/wp-json\/wp\/v2\/posts"}],"about":[{"href":"https:\/\/www.pauljorion.com\/blog\/wp-json\/wp\/v2\/types\/post"}],"author":[{"embeddable":true,"href":"https:\/\/www.pauljorion.com\/blog\/wp-json\/wp\/v2\/users\/1"}],"replies":[{"embeddable":true,"href":"https:\/\/www.pauljorion.com\/blog\/wp-json\/wp\/v2\/comments?post=124612"}],"version-history":[{"count":6,"href":"https:\/\/www.pauljorion.com\/blog\/wp-json\/wp\/v2\/posts\/124612\/revisions"}],"predecessor-version":[{"id":124619,"href":"https:\/\/www.pauljorion.com\/blog\/wp-json\/wp\/v2\/posts\/124612\/revisions\/124619"}],"wp:attachment":[{"href":"https:\/\/www.pauljorion.com\/blog\/wp-json\/wp\/v2\/media?parent=124612"}],"wp:term":[{"taxonomy":"category","embeddable":true,"href":"https:\/\/www.pauljorion.com\/blog\/wp-json\/wp\/v2\/categories?post=124612"},{"taxonomy":"post_tag","embeddable":true,"href":"https:\/\/www.pauljorion.com\/blog\/wp-json\/wp\/v2\/tags?post=124612"}],"curies":[{"name":"wp","href":"https:\/\/api.w.org\/{rel}","templated":true}]}}